{"id":84622,"date":"2025-10-27T10:09:38","date_gmt":"2025-10-27T13:09:38","guid":{"rendered":"https:\/\/www.tvnovelas.com.br\/tvnews\/?p=84622"},"modified":"2025-10-27T10:24:46","modified_gmt":"2025-10-27T13:24:46","slug":"mae-a-docura-e-as-dores-de-melek","status":"publish","type":"post","link":"https:\/\/www.tvnovelas.com.br\/tvnews\/mae-a-docura-e-as-dores-de-melek\/","title":{"rendered":"M\u00e3e: A do\u00e7ura e as dores de Melek"},"content":{"rendered":"<figure id=\"attachment_84623\" aria-describedby=\"caption-attachment-84623\" style=\"width: 718px\" class=\"wp-caption aligncenter\"><img data-recalc-dims=\"1\" decoding=\"async\" class=\"wp-image-84623 size-full\" title=\"(Foto: Record TV\/M\u00e3e)\" src=\"https:\/\/i0.wp.com\/www.tvnovelas.com.br\/tvnews\/wp-content\/uploads\/2025\/10\/12274.jpg?resize=718%2C410&#038;ssl=1\" alt=\"Foto em M\u00e3e: A do\u00e7ura e as dores de Melek \" width=\"718\" height=\"410\" srcset=\"https:\/\/i0.wp.com\/www.tvnovelas.com.br\/tvnews\/wp-content\/uploads\/2025\/10\/12274.jpg?w=718&amp;ssl=1 718w, https:\/\/i0.wp.com\/www.tvnovelas.com.br\/tvnews\/wp-content\/uploads\/2025\/10\/12274.jpg?resize=250%2C143&amp;ssl=1 250w\" sizes=\"(max-width: 718px) 100vw, 718px\" \/><figcaption id=\"caption-attachment-84623\" class=\"wp-caption-text\">M\u00e3e: A do\u00e7ura e as dores de Melek<\/figcaption><\/figure>\n<p>A novela turca M\u00e3e, que estreia na Record nesta segunda, dia 27, \u00e0s 21h, rwm no centro da hist\u00f3ria Melek, uma garotinha interpretada por Beren G\u00f6ky\u0131ld\u0131z, que rouba a cena com seu talento surpreendente e entrega atua\u00e7\u00f5es comoventes.<\/p>\n<p>G\u00f6ky\u0131ld\u0131z, que hoje tem 16 anos, ficou conhecida mundialmente por conta do sucesso de M\u00e3e. Apesar da pouca idade, ela impressionou pela maturidade art\u00edstica, sensibilidade e capacidade de transmitir as emo\u00e7\u00f5es intensas de sua personagem. Sua performance em M\u00e3e lhe rendeu reconhecimento internacional e o pr\u00eamio de Melhor Atriz Infantil de 2017 no prestigiado Golden Butterfly Awards (Alt\u0131n Kelebek \u00d6d\u00fclleri), o mais importante da televis\u00e3o turca.<\/p>\n<p>Em M\u00e3e, Melek \u00e9 uma menina doce que sonha com o amor e a seguran\u00e7a de uma verdadeira fam\u00edlia, mas vive uma inf\u00e2ncia marcada pela dor. Sua vida muda completamente ao conhecer a professora Zeynep (Cansu Dere), que se torna a figura de afeto e prote\u00e7\u00e3o que ela sempre desejou. Juntas, as duas protagonizam momentos de intensa emo\u00e7\u00e3o e ternura.<\/p>\n<p>A novela M\u00e3e, adapta\u00e7\u00e3o turca da s\u00e9rie japonesa Mother. A produ\u00e7\u00e3o conta o drama da professora Zeynep e de sua aluna Melek, que s\u00e3o unidas pelo destino e constroem uma rela\u00e7\u00e3o profunda de afeto e prote\u00e7\u00e3o, enfrentando dores e desafios e provando que a maternidade vai al\u00e9m do v\u00ednculo sangu\u00edneo.<br \/>\n<!--FIM--><\/p>\n<h2>Saiba mais<\/h2>\n<p><a href=\"https:\/\/tvnovelas.com.br\/novelas\/resumos-de-novela-mae\/\" target=\"_blank\" rel=\"noopener\">Resumos dos cap\u00edtulos da semana<\/a><br \/>\n<a href=\"https:\/\/wp.me\/pfspD2-VN\" target=\"_blank\" rel=\"noopener\">M\u00e3e: Resgatando uma crian\u00e7a da viol\u00eancia<\/a><br \/>\n<div class=\"pt-cv-wrapper\"><h2 class='pt-cv-heading-container heading2' data-blockid='759454f593'><span class='pt-cv-heading'> \u00daltimas da Novela <\/span><\/h2><div class=\"pt-cv-view pt-cv-grid pt-cv-colsys\" id=\"pt-cv-view-759454f593\"><div data-id=\"pt-cv-page-1\" class=\"pt-cv-page\" data-cvc=\"1\"><div class=\"col-md-12 col-sm-12 col-xs-12 pt-cv-content-item pt-cv-1-col\" ><div class='pt-cv-ifield'><h4 class=\"pt-cv-title\"><a href=\"https:\/\/www.tvnovelas.com.br\/tvnews\/mae-o-destino-final-de-melek-e-zeynep\/\" class=\"_self\" target=\"_self\" >M\u00e3e: O destino final de Melek e Zeynep<\/a><\/h4><\/div><\/div>\n<div class=\"col-md-12 col-sm-12 col-xs-12 pt-cv-content-item pt-cv-1-col\" ><div class='pt-cv-ifield'><h4 class=\"pt-cv-title\"><a href=\"https:\/\/www.tvnovelas.com.br\/tvnews\/mae-zeynep-enfrenta-cengiz\/\" class=\"_self\" target=\"_self\" >M\u00e3e: Zeynep enfrenta Cengiz<\/a><\/h4><\/div><\/div>\n<div class=\"col-md-12 col-sm-12 col-xs-12 pt-cv-content-item pt-cv-1-col\" ><div class='pt-cv-ifield'><h4 class=\"pt-cv-title\"><a href=\"https:\/\/www.tvnovelas.com.br\/tvnews\/mae-cengiz-e-preso-sob-a-acusacao-de-assassinato\/\" class=\"_self\" target=\"_self\" >M\u00e3e: Cengiz \u00e9 preso sob a acusa\u00e7\u00e3o de assassinato<\/a><\/h4><\/div><\/div>\n<div class=\"col-md-12 col-sm-12 col-xs-12 pt-cv-content-item pt-cv-1-col\" ><div class='pt-cv-ifield'><h4 class=\"pt-cv-title\"><a href=\"https:\/\/www.tvnovelas.com.br\/tvnews\/mae-cengiz-assina-documento-renunciando-a-guarda-dos-filhos\/\" class=\"_self\" target=\"_self\" >M\u00e3e: Cengiz assina documento renunciando \u00e0 guarda dos filhos<\/a><\/h4><\/div><\/div>\n<div class=\"col-md-12 col-sm-12 col-xs-12 pt-cv-content-item pt-cv-1-col\" ><div class='pt-cv-ifield'><h4 class=\"pt-cv-title\"><a href=\"https:\/\/www.tvnovelas.com.br\/tvnews\/mae-cengiz-pode-estar-com-os-dias-contados\/\" class=\"_self\" target=\"_self\" >M\u00e3e: Cengiz pode estar com os dias contados<\/a><\/h4><\/div><\/div><\/div><\/div><\/div><br \/>\n&lt;h<\/p>\n<div style=\"font-size: 120%;\"><h3>Confira tamb\u00e9m<\/h3>\r\n<a href=\"https:\/\/tvnovelas.com.br\/novelas\/\" rel=\"noopener\" target=\"_blank\"><strong>Todos os resumos de novelas<\/strong><\/a><\/br>\r\n<a href=\"https:\/\/www.tvnovelas.com.br\/tvnews\/\" rel=\"noopener\" target=\"_blank\"><strong>\u00daltimas not\u00edcias das novelas<\/strong><\/a><\/br>\r\n<a href=\"https:\/\/www.tvnovelas.com.br\/filmes\/\" target=\"_blank\" rel=\"noopener noreferrer\"><strong>Programa\u00e7\u00e3o de filmes na TV aberta<\/strong><\/a><\/br>\r\n<a href=\"https:\/\/caetenews.com.br\/semana\/filmes-da-globo-na-sessao-da-tarde-desta-semana\/\" target=\"_blank\" rel=\"noopener\"><strong>Confira os filmes da semana na Sess\u00e3o da Tarde<\/strong><\/a><\/br>\r\n<a href=\"https:\/\/classindportal.mj.gov.br\/consulta-filmes\" target=\"_blank\" rel=\"noopener\"><strong>Consulte a classifica\u00e7\u00e3o indicativa dos filmes e novelas<\/strong><\/a><\/br><\/div>\n","protected":false},"excerpt":{"rendered":"<p>M\u00e3e: A do\u00e7ura e as dores de Melek &#8230; A novela turca M\u00e3e, que estreia na Record nesta segunda, dia 27, \u00e0s 21h, rwm no centro da hist\u00f3ria Melek&#8230;<\/p>\n","protected":false},"author":1,"featured_media":84623,"comment_status":"closed","ping_status":"closed","sticky":false,"template":"","format":"standard","meta":{"_uf_show_specific_survey":0,"_uf_disable_surveys":false,"_jetpack_memberships_contains_paid_content":false,"footnotes":"","_wp_rev_ctl_limit":""},"categories":[1012],"tags":[1013,64,14],"class_list":["post-84622","post","type-post","status-publish","format-standard","has-post-thumbnail","hentry","category-mae","tag-mae","tag-novelas","tag-record","wpcat-1012-id"],"aioseo_notices":[],"jetpack_featured_media_url":"https:\/\/i0.wp.com\/www.tvnovelas.com.br\/tvnews\/wp-content\/uploads\/2025\/10\/12274.jpg?fit=718%2C410&ssl=1","jetpack_shortlink":"https:\/\/wp.me\/pdP2BO-m0S","jetpack_sharing_enabled":true,"_links":{"self":[{"href":"https:\/\/www.tvnovelas.com.br\/tvnews\/wp-json\/wp\/v2\/posts\/84622","targetHints":{"allow":["GET"]}}],"collection":[{"href":"https:\/\/www.tvnovelas.com.br\/tvnews\/wp-json\/wp\/v2\/posts"}],"about":[{"href":"https:\/\/www.tvnovelas.com.br\/tvnews\/wp-json\/wp\/v2\/types\/post"}],"author":[{"embeddable":true,"href":"https:\/\/www.tvnovelas.com.br\/tvnews\/wp-json\/wp\/v2\/users\/1"}],"replies":[{"embeddable":true,"href":"https:\/\/www.tvnovelas.com.br\/tvnews\/wp-json\/wp\/v2\/comments?post=84622"}],"version-history":[{"count":1,"href":"https:\/\/www.tvnovelas.com.br\/tvnews\/wp-json\/wp\/v2\/posts\/84622\/revisions"}],"predecessor-version":[{"id":84624,"href":"https:\/\/www.tvnovelas.com.br\/tvnews\/wp-json\/wp\/v2\/posts\/84622\/revisions\/84624"}],"wp:featuredmedia":[{"embeddable":true,"href":"https:\/\/www.tvnovelas.com.br\/tvnews\/wp-json\/wp\/v2\/media\/84623"}],"wp:attachment":[{"href":"https:\/\/www.tvnovelas.com.br\/tvnews\/wp-json\/wp\/v2\/media?parent=84622"}],"wp:term":[{"taxonomy":"category","embeddable":true,"href":"https:\/\/www.tvnovelas.com.br\/tvnews\/wp-json\/wp\/v2\/categories?post=84622"},{"taxonomy":"post_tag","embeddable":true,"href":"https:\/\/www.tvnovelas.com.br\/tvnews\/wp-json\/wp\/v2\/tags?post=84622"}],"curies":[{"name":"wp","href":"https:\/\/api.w.org\/{rel}","templated":true}]}}