{"id":84626,"date":"2025-10-27T10:27:41","date_gmt":"2025-10-27T13:27:41","guid":{"rendered":"https:\/\/www.tvnovelas.com.br\/tvnews\/?p=84626"},"modified":"2025-10-27T10:27:41","modified_gmt":"2025-10-27T13:27:41","slug":"a-escrava-isaura-almeida-morre-nos-bracos-de-isaura","status":"publish","type":"post","link":"https:\/\/www.tvnovelas.com.br\/tvnews\/a-escrava-isaura-almeida-morre-nos-bracos-de-isaura\/","title":{"rendered":"A Escrava Isaura: Almeida morre nos bra\u00e7os de Isaura"},"content":{"rendered":"<figure id=\"attachment_84627\" aria-describedby=\"caption-attachment-84627\" style=\"width: 728px\" class=\"wp-caption aligncenter\"><img data-recalc-dims=\"1\" decoding=\"async\" class=\"wp-image-84627 size-full\" title=\"(Foto: Record\/A Escrava Isaura)\" src=\"https:\/\/i0.wp.com\/www.tvnovelas.com.br\/tvnews\/wp-content\/uploads\/2025\/10\/12275.jpg?resize=728%2C409&#038;ssl=1\" alt=\"Foto em A Escrava Isaura: Almeida morre nos bra\u00e7os de Isaura\" width=\"728\" height=\"409\" srcset=\"https:\/\/i0.wp.com\/www.tvnovelas.com.br\/tvnews\/wp-content\/uploads\/2025\/10\/12275.jpg?w=728&amp;ssl=1 728w, https:\/\/i0.wp.com\/www.tvnovelas.com.br\/tvnews\/wp-content\/uploads\/2025\/10\/12275.jpg?resize=250%2C140&amp;ssl=1 250w\" sizes=\"(max-width: 728px) 100vw, 728px\" \/><figcaption id=\"caption-attachment-84627\" class=\"wp-caption-text\">A Escrava Isaura: Almeida morre nos bra\u00e7os de Isaura<\/figcaption><\/figure>\n<p>Em A Escrava Isaura no cap\u00edtulo desta segunda, dia 27, O comendador pede perd\u00e3o a Isaura, antes de morrer nos bra\u00e7os da escrava, que chora, arrasada. . Confira o resumo do cap\u00edtulo de hoje:<\/p>\n<h2 style=\"color: #016b61;\">Resumo de segunda-feira, 27 de outubro<\/h2>\n<p>Muito debilitado, o comendador sai com Isaura para dar um passeio pela fazenda e relembra de momentos ao lado de Gertrudes. Ele lamenta pelos erros e maldades que cometeu e pede perd\u00e3o a Isaura, antes de morrer nos bra\u00e7os da escrava, que chora, arrasada. Le\u00f4ncio se abra\u00e7a ao corpo do pai e chora, surpreendendo Malvina. Sebasti\u00e3o se entristece com a morte do compadre. Malvina sofre ao ouvir o que Le\u00f4ncio diz para Isaura e amaldi\u00e7oa o marido. Malvina se desculpa com Isaura e a escrava implora para que ela n\u00e3o v\u00e1 embora da fazenda. Gabriel vai \u00e0 fazenda do coronel para se despedir de Helena.<\/p>\n<p><!--FIM--><\/p>\n<h2>Saiba mais<\/h2>\n<p><a href=\"https:\/\/tvnovelas.com.br\/novelas\/resumos-da-novela-a-escrava-isaura\/\" target=\"_blank\" rel=\"noopener\">Escrava Isaura: Resumos dos cap\u00edtulos da semana<\/a><br \/>\n<a href=\"https:\/\/wp.me\/pfspD2-Jf\" target=\"_blank\" rel=\"noopener\">Escrava Isaura: o sonho da liberdade<\/a><\/p>\n<div style=\"font-size: 120%;\"><h3>Confira tamb\u00e9m<\/h3>\r\n<a href=\"https:\/\/tvnovelas.com.br\/novelas\/\" rel=\"noopener\" target=\"_blank\"><strong>Todos os resumos de novelas<\/strong><\/a><\/br>\r\n<a href=\"https:\/\/www.tvnovelas.com.br\/tvnews\/\" rel=\"noopener\" target=\"_blank\"><strong>\u00daltimas not\u00edcias das novelas<\/strong><\/a><\/br>\r\n<a href=\"https:\/\/www.tvnovelas.com.br\/filmes\/\" target=\"_blank\" rel=\"noopener noreferrer\"><strong>Programa\u00e7\u00e3o de filmes na TV aberta<\/strong><\/a><\/br>\r\n<a href=\"https:\/\/caetenews.com.br\/semana\/filmes-da-globo-na-sessao-da-tarde-desta-semana\/\" target=\"_blank\" rel=\"noopener\"><strong>Confira os filmes da semana na Sess\u00e3o da Tarde<\/strong><\/a><\/br>\r\n<a href=\"https:\/\/classindportal.mj.gov.br\/consulta-filmes\" target=\"_blank\" rel=\"noopener\"><strong>Consulte a classifica\u00e7\u00e3o indicativa dos filmes e novelas<\/strong><\/a><\/br><\/div>\n","protected":false},"excerpt":{"rendered":"<p>A Escrava Isaura: Almeida morre nos bra\u00e7os de Isaura&#8230; Em A Escrava Isaura no cap\u00edtulo desta segunda, dia 27 . Confira o resumo do cap\u00edtulo de hoje&#8230;<\/p>\n","protected":false},"author":1,"featured_media":84627,"comment_status":"closed","ping_status":"closed","sticky":false,"template":"","format":"standard","meta":{"_uf_show_specific_survey":0,"_uf_disable_surveys":false,"_jetpack_memberships_contains_paid_content":false,"footnotes":"","_wp_rev_ctl_limit":""},"categories":[984],"tags":[985,64,14],"class_list":["post-84626","post","type-post","status-publish","format-standard","has-post-thumbnail","hentry","category-a-escrava-isaura","tag-a-escrava-isaura","tag-novelas","tag-record","wpcat-984-id"],"aioseo_notices":[],"jetpack_featured_media_url":"https:\/\/i0.wp.com\/www.tvnovelas.com.br\/tvnews\/wp-content\/uploads\/2025\/10\/12275.jpg?fit=728%2C409&ssl=1","jetpack_shortlink":"https:\/\/wp.me\/pdP2BO-m0W","jetpack_sharing_enabled":true,"_links":{"self":[{"href":"https:\/\/www.tvnovelas.com.br\/tvnews\/wp-json\/wp\/v2\/posts\/84626","targetHints":{"allow":["GET"]}}],"collection":[{"href":"https:\/\/www.tvnovelas.com.br\/tvnews\/wp-json\/wp\/v2\/posts"}],"about":[{"href":"https:\/\/www.tvnovelas.com.br\/tvnews\/wp-json\/wp\/v2\/types\/post"}],"author":[{"embeddable":true,"href":"https:\/\/www.tvnovelas.com.br\/tvnews\/wp-json\/wp\/v2\/users\/1"}],"replies":[{"embeddable":true,"href":"https:\/\/www.tvnovelas.com.br\/tvnews\/wp-json\/wp\/v2\/comments?post=84626"}],"version-history":[{"count":2,"href":"https:\/\/www.tvnovelas.com.br\/tvnews\/wp-json\/wp\/v2\/posts\/84626\/revisions"}],"predecessor-version":[{"id":84629,"href":"https:\/\/www.tvnovelas.com.br\/tvnews\/wp-json\/wp\/v2\/posts\/84626\/revisions\/84629"}],"wp:featuredmedia":[{"embeddable":true,"href":"https:\/\/www.tvnovelas.com.br\/tvnews\/wp-json\/wp\/v2\/media\/84627"}],"wp:attachment":[{"href":"https:\/\/www.tvnovelas.com.br\/tvnews\/wp-json\/wp\/v2\/media?parent=84626"}],"wp:term":[{"taxonomy":"category","embeddable":true,"href":"https:\/\/www.tvnovelas.com.br\/tvnews\/wp-json\/wp\/v2\/categories?post=84626"},{"taxonomy":"post_tag","embeddable":true,"href":"https:\/\/www.tvnovelas.com.br\/tvnews\/wp-json\/wp\/v2\/tags?post=84626"}],"curies":[{"name":"wp","href":"https:\/\/api.w.org\/{rel}","templated":true}]}}