{"id":84636,"date":"2025-10-27T15:16:31","date_gmt":"2025-10-27T18:16:31","guid":{"rendered":"https:\/\/www.tvnovelas.com.br\/tvnews\/?p=84636"},"modified":"2025-10-27T15:16:31","modified_gmt":"2025-10-27T18:16:31","slug":"cruel-istambul-cemre-tem-sua-inocencia-confirmada","status":"publish","type":"post","link":"https:\/\/www.tvnovelas.com.br\/tvnews\/cruel-istambul-cemre-tem-sua-inocencia-confirmada\/","title":{"rendered":"Cruel Istambul: Cemre tem sua inoc\u00eancia confirmada"},"content":{"rendered":"<figure id=\"attachment_84635\" aria-describedby=\"caption-attachment-84635\" style=\"width: 728px\" class=\"wp-caption aligncenter\"><img data-recalc-dims=\"1\" decoding=\"async\" class=\"wp-image-84635 size-full\" title=\"(Foto: Reprodu\u00e7\u00e3o\/Band\/Cruel Istambul)\" src=\"https:\/\/i0.wp.com\/www.tvnovelas.com.br\/tvnews\/wp-content\/uploads\/2025\/10\/12277.jpg?resize=728%2C409&#038;ssl=1\" alt=\"Foto em Cruel Istambul: Cemre tem sua inoc\u00eancia confirmada\" width=\"728\" height=\"409\" srcset=\"https:\/\/i0.wp.com\/www.tvnovelas.com.br\/tvnews\/wp-content\/uploads\/2025\/10\/12277.jpg?w=728&amp;ssl=1 728w, https:\/\/i0.wp.com\/www.tvnovelas.com.br\/tvnews\/wp-content\/uploads\/2025\/10\/12277.jpg?resize=250%2C140&amp;ssl=1 250w\" sizes=\"(max-width: 728px) 100vw, 728px\" \/><figcaption id=\"caption-attachment-84635\" class=\"wp-caption-text\">Cruel Istambul: Cemre tem sua inoc\u00eancia confirmada<\/figcaption><\/figure>\n<p>Em Cruel Istambul Cemre foi detida como principal suspeita de um crime que abala a mans\u00e3o e toda a fam\u00edlia Kara\u00e7ay. A jovem, que sempre lutou por justi\u00e7a e pela liberdade de Nedim, v\u00ea-se inesperadamente envolvida em uma situa\u00e7\u00e3o que foge completamente do seu controle.<\/p>\n<p>Cemre \u00e9 levada pelas autoridades sob suspeita de ter incendiado o quarto onde Nedim estava. O inc\u00eandio, que causa grande p\u00e2nico na mans\u00e3o, deixa Nedim preso e em perigo, e todos acreditam inicialmente que foi um acidente.<\/p>\n<p>No entanto, ap\u00f3s a investiga\u00e7\u00e3o, algumas evid\u00eancias apontam injustamente para Cemre, fazendo dela a principal suspeita de ter provocado o fogo \u2014 supostamente por descuido ou at\u00e9 de forma intencional.<\/p>\n<p>Essa acusa\u00e7\u00e3o, no entanto, \u00e9 parte de uma arma\u00e7\u00e3o, resultado das manipula\u00e7\u00f5es de \u015eeniz, que aproveita o caos para culpar Cemre e afast\u00e1-la de Nedim definitivamente. \u015eeniz planta ind\u00edcios e distorce fatos, alegando que Cemre teria motivos emocionais e instabilidade para cometer o ato.<\/p>\n<p>Mas, a hist\u00f3ria de Cemre d\u00e1 uma guinada emocionante \u2014 ela finalmente consegue provar sua inoc\u00eancia, mas o caminho \u00e9 cheio de sofrimento e tens\u00e3o.<\/p>\n<p>Ap\u00f3s ser levada pelas autoridades, Cemre \u00e9 interrogada e mantida sob vigil\u00e2ncia, enquanto a fam\u00edlia Kara\u00e7ay vive um clima de desconfian\u00e7a. \u015eeniz, satisfeita com o sucesso tempor\u00e1rio de sua arma\u00e7\u00e3o, acredita ter se livrado da jovem definitivamente. No entanto, pequenas contradi\u00e7\u00f5es come\u00e7am a surgir no depoimento de alguns empregados e nas provas recolhidas pela pol\u00edcia.<\/p>\n<p>A reviravolta vem quando Cenk e Agah decidem investigar por conta pr\u00f3pria. Cenk, atormentado pela culpa e pelos sentimentos confusos que nutre por Cemre, descobre que as provas foram manipuladas e que h\u00e1 registros mostrando Cemre tentando salvar Nedim durante o inc\u00eandio, n\u00e3o provoc\u00e1-lo.<\/p>\n<p>Ao mesmo tempo, Nedim come\u00e7a a recuperar parte de sua comunica\u00e7\u00e3o e, com grande esfor\u00e7o, consegue indicar que Cemre \u00e9 inocente. Essa atitude emociona a todos e muda a dire\u00e7\u00e3o da investiga\u00e7\u00e3o.<\/p>\n<p>Diante das novas evid\u00eancias e do testemunho de Cenk, Cemre \u00e9 finalmente liberada, provando que foi v\u00edtima de uma arma\u00e7\u00e3o cruel. No entanto, o epis\u00f3dio deixa marcas profundas: ela perde a confian\u00e7a em muitas pessoas da mans\u00e3o, e o la\u00e7o entre ela e Nedim se fortalece ainda mais, tornando-se um s\u00edmbolo de resist\u00eancia e lealdade.<br \/>\n<!--FIM--><a href=\"https:\/\/wp.me\/p8dmjy-cmp\" target=\"_blank\" rel=\"noopener\">Resumos dos cap\u00edtulos de Cruel Istambul<\/a><br \/>\n<div class=\"pt-cv-wrapper\"><h2 class='pt-cv-heading-container heading2' data-blockid='b265921794'><span class='pt-cv-heading'> \u00daltimas da Novela <\/span><\/h2><div class=\"pt-cv-view pt-cv-grid pt-cv-colsys\" id=\"pt-cv-view-b265921794\"><div data-id=\"pt-cv-page-1\" class=\"pt-cv-page\" data-cvc=\"1\"><div class=\"col-md-12 col-sm-12 col-xs-12 pt-cv-content-item pt-cv-1-col\" ><div class='pt-cv-ifield'><h4 class=\"pt-cv-title\"><a href=\"https:\/\/www.tvnovelas.com.br\/tvnews\/cruel-istambul-os-ultimos-momentos-de-cenk\/\" class=\"_blank\" target=\"_blank\" >Cruel Istambul: Os \u00faltimos momentos de Cenk<\/a><\/h4><\/div><\/div>\n<div class=\"col-md-12 col-sm-12 col-xs-12 pt-cv-content-item pt-cv-1-col\" ><div class='pt-cv-ifield'><h4 class=\"pt-cv-title\"><a href=\"https:\/\/www.tvnovelas.com.br\/tvnews\/cruel-istambul-cemre-se-encontra-com-o-pai\/\" class=\"_blank\" target=\"_blank\" >Cruel Istambul: Cemre se encontra com o pai<\/a><\/h4><\/div><\/div>\n<div class=\"col-md-12 col-sm-12 col-xs-12 pt-cv-content-item pt-cv-1-col\" ><div class='pt-cv-ifield'><h4 class=\"pt-cv-title\"><a href=\"https:\/\/www.tvnovelas.com.br\/tvnews\/cruel-istambul-cemre-quer-saber-quem-e-seu-pai\/\" class=\"_blank\" target=\"_blank\" >Cruel Istambul: Cemre quer saber quem \u00e9 seu pai!<\/a><\/h4><\/div><\/div>\n<div class=\"col-md-12 col-sm-12 col-xs-12 pt-cv-content-item pt-cv-1-col\" ><div class='pt-cv-ifield'><h4 class=\"pt-cv-title\"><a href=\"https:\/\/www.tvnovelas.com.br\/tvnews\/cruel-istambul-cenk-confronta-seniz\/\" class=\"_blank\" target=\"_blank\" >Cruel Istambul: Cenk confronta Seniz<\/a><\/h4><\/div><\/div>\n<div class=\"col-md-12 col-sm-12 col-xs-12 pt-cv-content-item pt-cv-1-col\" ><div class='pt-cv-ifield'><h4 class=\"pt-cv-title\"><a href=\"https:\/\/www.tvnovelas.com.br\/tvnews\/cruel-istambul-o-estrago-de-ceren-tres-mortes-na-mansao\/\" class=\"_blank\" target=\"_blank\" >Cruel Istambul: O estrago de Ceren: tr\u00eas mortes na mans\u00e3o<\/a><\/h4><\/div><\/div><\/div><\/div><\/div><\/p>\n<div style=\"font-size: 150%;\"><h3>Confira tamb\u00e9m<\/h3>\r\n<a href=\"https:\/\/tvnovelas.com.br\/novelas\/\" rel=\"noopener\" target=\"_blank\"><strong>Todos os resumos de novelas<\/strong><\/a><\/br>\r\n<a href=\"https:\/\/www.tvnovelas.com.br\/tvnews\/\" rel=\"noopener\" target=\"_blank\"><strong>\u00daltimas not\u00edcias das novelas<\/strong><\/a><\/br>\r\n<a href=\"https:\/\/www.tvnovelas.com.br\/filmes\/\" target=\"_blank\" rel=\"noopener noreferrer\"><strong>Programa\u00e7\u00e3o de filmes na TV aberta<\/strong><\/a><\/br>\r\n<a href=\"https:\/\/caetenews.com.br\/semana\/filmes-da-globo-na-sessao-da-tarde-desta-semana\/\" target=\"_blank\" rel=\"noopener\"><strong>Confira os filmes da semana na Sess\u00e3o da Tarde<\/strong><\/a><\/br>\r\n<a href=\"https:\/\/classindportal.mj.gov.br\/consulta-filmes\" target=\"_blank\" rel=\"noopener\"><strong>Consulte a classifica\u00e7\u00e3o indicativa dos filmes e novelas<\/strong><\/a><\/br><\/div>\n","protected":false},"excerpt":{"rendered":"<p>Cruel Istambul: Cemre tem sua inoc\u00eancia confirmada&#8230; Em Cruel Istambul Cemre foi detida como principal suspeita de um crime que abala a mans\u00e3o&#8230;<\/p>\n","protected":false},"author":1,"featured_media":84635,"comment_status":"closed","ping_status":"closed","sticky":false,"template":"","format":"standard","meta":{"_uf_show_specific_survey":0,"_uf_disable_surveys":false,"_jetpack_memberships_contains_paid_content":false,"footnotes":"","_wp_rev_ctl_limit":""},"categories":[990],"tags":[991,5,64],"class_list":["post-84636","post","type-post","status-publish","format-standard","has-post-thumbnail","hentry","category-cruel-istambul","tag-cruel-istambul","tag-globo","tag-novelas","wpcat-990-id"],"aioseo_notices":[],"jetpack_featured_media_url":"https:\/\/i0.wp.com\/www.tvnovelas.com.br\/tvnews\/wp-content\/uploads\/2025\/10\/12277.jpg?fit=728%2C409&ssl=1","jetpack_shortlink":"https:\/\/wp.me\/pdP2BO-m16","jetpack_sharing_enabled":true,"_links":{"self":[{"href":"https:\/\/www.tvnovelas.com.br\/tvnews\/wp-json\/wp\/v2\/posts\/84636","targetHints":{"allow":["GET"]}}],"collection":[{"href":"https:\/\/www.tvnovelas.com.br\/tvnews\/wp-json\/wp\/v2\/posts"}],"about":[{"href":"https:\/\/www.tvnovelas.com.br\/tvnews\/wp-json\/wp\/v2\/types\/post"}],"author":[{"embeddable":true,"href":"https:\/\/www.tvnovelas.com.br\/tvnews\/wp-json\/wp\/v2\/users\/1"}],"replies":[{"embeddable":true,"href":"https:\/\/www.tvnovelas.com.br\/tvnews\/wp-json\/wp\/v2\/comments?post=84636"}],"version-history":[{"count":1,"href":"https:\/\/www.tvnovelas.com.br\/tvnews\/wp-json\/wp\/v2\/posts\/84636\/revisions"}],"predecessor-version":[{"id":84637,"href":"https:\/\/www.tvnovelas.com.br\/tvnews\/wp-json\/wp\/v2\/posts\/84636\/revisions\/84637"}],"wp:featuredmedia":[{"embeddable":true,"href":"https:\/\/www.tvnovelas.com.br\/tvnews\/wp-json\/wp\/v2\/media\/84635"}],"wp:attachment":[{"href":"https:\/\/www.tvnovelas.com.br\/tvnews\/wp-json\/wp\/v2\/media?parent=84636"}],"wp:term":[{"taxonomy":"category","embeddable":true,"href":"https:\/\/www.tvnovelas.com.br\/tvnews\/wp-json\/wp\/v2\/categories?post=84636"},{"taxonomy":"post_tag","embeddable":true,"href":"https:\/\/www.tvnovelas.com.br\/tvnews\/wp-json\/wp\/v2\/tags?post=84636"}],"curies":[{"name":"wp","href":"https:\/\/api.w.org\/{rel}","templated":true}]}}