{"id":84648,"date":"2025-10-28T09:23:51","date_gmt":"2025-10-28T12:23:51","guid":{"rendered":"https:\/\/www.tvnovelas.com.br\/tvnews\/?p=84648"},"modified":"2025-10-28T09:23:51","modified_gmt":"2025-10-28T12:23:51","slug":"dona-de-mim-leo-chora-ao-ouvir-samuel-dizer-que-ela-nao-e-mae-de-sofia","status":"publish","type":"post","link":"https:\/\/www.tvnovelas.com.br\/tvnews\/dona-de-mim-leo-chora-ao-ouvir-samuel-dizer-que-ela-nao-e-mae-de-sofia\/","title":{"rendered":"Dona de Mim: Leo chora ao ouvir Samuel dizer que ela n\u00e3o \u00e9 m\u00e3e de Sofia"},"content":{"rendered":"<figure id=\"attachment_84649\" aria-describedby=\"caption-attachment-84649\" style=\"width: 728px\" class=\"wp-caption aligncenter\"><img data-recalc-dims=\"1\" decoding=\"async\" class=\"wp-image-84649 size-full\" title=\"(Foto: TV Globo\/Dona de Mim)\" src=\"https:\/\/i0.wp.com\/www.tvnovelas.com.br\/tvnews\/wp-content\/uploads\/2025\/10\/12280.jpg?resize=728%2C410&#038;ssl=1\" alt=\"Foto em Dona de Mim: Leo chora ao ouvir Samuel dizer que ela n\u00e3o \u00e9 m\u00e3e de Sofia\" width=\"728\" height=\"410\" srcset=\"https:\/\/i0.wp.com\/www.tvnovelas.com.br\/tvnews\/wp-content\/uploads\/2025\/10\/12280.jpg?w=728&amp;ssl=1 728w, https:\/\/i0.wp.com\/www.tvnovelas.com.br\/tvnews\/wp-content\/uploads\/2025\/10\/12280.jpg?resize=250%2C141&amp;ssl=1 250w\" sizes=\"(max-width: 728px) 100vw, 728px\" \/><figcaption id=\"caption-attachment-84649\" class=\"wp-caption-text\">Dona de Mim: Leo chora ao ouvir Samuel dizer que ela n\u00e3o \u00e9 m\u00e3e de Sofia<\/figcaption><\/figure>\n<p>Em Dona de Mim, Sofia (Elis Cabral) vai ter que voltar a morar na mans\u00e3o dos Boaz, e Leo (Clara Moneke) est\u00e1 devastada. E a situa\u00e7\u00e3o delicada s\u00f3 vai piorar quando ela ouvir, logo de Samuel (Juan Paiva), que n\u00e3o \u00e9 a m\u00e3e da menina. O casal vai ter uma discuss\u00e3o sobre a guarda de Sofia, e Leo vai chorar muito depois.<\/p>\n<p>Tudo vai come\u00e7ar quando Leo ouvir uma conversa entre Sofia e Samuel.<\/p>\n<p>\u201cQuero morar com ela! A Leo \u00e9 minha leoa!\u201d, diz a crian\u00e7a.<\/p>\n<p>\u201cMas ela n\u00e3o \u00e9 sua m\u00e3e!\u201d, reage Samuel, impaciente.<\/p>\n<p>Depois, Samuel perguntar\u00e1 o porqu\u00ea de Leo estar chateada, e ela despejar\u00e1 sua m\u00e1goa sobre ele.<\/p>\n<p>\u201cEu ouvi voc\u00ea falando pra Sofia que eu n\u00e3o sou m\u00e3e dela. Consegue imaginar como me machucou ouvir voc\u00ea dizendo pra Sofia que eu n\u00e3o sou a m\u00e3e dela?\u201d, diz ela.<\/p>\n<p>\u201cS\u00f3 falei um fato. Voc\u00ea n\u00e3o \u00e9 a m\u00e3e da Sofia. Ela vai voltar pra casa da fam\u00edlia dela\u201d, afirma Samuel.<\/p>\n<p>em Dona de Mim \u2014 Foto: Globo<br \/>\nSamuel diz a Leo que ela n\u00e3o \u00e9 m\u00e3e de Sofia em Dona de Mim \u2014 Foto: Globo<\/p>\n<p>Leo ainda tentar\u00e1 conversar com Samuel sobre o real significado de fam\u00edlia, em v\u00e3o.<\/p>\n<p>\u201cSe aquela casa fosse o melhor pra Sofia eu n\u00e3o pensaria duas vezes, mas&#8230;\u201d, diz Leo.<br \/>\n\u201cLeo! N\u00e3o \u00e9 voc\u00ea quem decide!\u201d, afirma Samuel.<br \/>\n\u201cPor que eu n\u00e3o sou a m\u00e3e dela? Voc\u00ea j\u00e1 falou isso!\u201d, reage Leo.<br \/>\nDepois, Samuel tentar\u00e1 se aproximar de Leo, mas ela pedir\u00e1 para ficar sozinha.<\/p>\n<p>\u201cEu n\u00e3o quero brigar com voc\u00ea. Eu te amo. N\u00e3o esquece\u201d, garante ele.<\/p>\n<p>\u201cAcho que eu preciso ficar um pouco sozinha\u201d, diz ela.<\/p>\n<p>Samuel ir\u00e1 embora, e Leo cair\u00e1 no choro. Ser\u00e1 que esse casal ir\u00e1 resistir a mais essa briga?<br \/>\n<!--FIM--><br \/>\n<a href=\"https:\/\/tvnovelas.com.br\/novelas\/resumos-de-dona-de-mim-da-proxima-semana\/\" target=\"_blank\" rel=\"noopener\">Resumos dos cap\u00edtulos de Dona de Mim<\/a><br \/>\n<div class=\"pt-cv-wrapper\"><h2 class='pt-cv-heading-container heading2' data-blockid='9b88c0b6t2'><span class='pt-cv-heading'> \u00daltimas da novela <\/span><\/h2><div class=\"pt-cv-view pt-cv-grid pt-cv-colsys\" id=\"pt-cv-view-9b88c0b6t2\"><div data-id=\"pt-cv-page-1\" class=\"pt-cv-page\" data-cvc=\"1\"><div class=\"col-md-12 col-sm-12 col-xs-12 pt-cv-content-item pt-cv-1-col\" ><div class='pt-cv-ifield'><h4 class=\"pt-cv-title\"><a href=\"https:\/\/www.tvnovelas.com.br\/tvnews\/dona-de-mim-abel-aparece-e-salva-sofia-do-incendio\/\" class=\"_blank\" target=\"_blank\" >Dona de Mim: Abel \u2018aparece&#8217; e salva Sofia do inc\u00eandio<\/a><\/h4><\/div><\/div>\n<div class=\"col-md-12 col-sm-12 col-xs-12 pt-cv-content-item pt-cv-1-col\" ><div class='pt-cv-ifield'><h4 class=\"pt-cv-title\"><a href=\"https:\/\/www.tvnovelas.com.br\/tvnews\/dona-de-mim-jaques-coloca-fogo-na-boaz\/\" class=\"_blank\" target=\"_blank\" >Dona de Mim: Jaques coloca fogo na Boaz<\/a><\/h4><\/div><\/div>\n<div class=\"col-md-12 col-sm-12 col-xs-12 pt-cv-content-item pt-cv-1-col\" ><div class='pt-cv-ifield'><h4 class=\"pt-cv-title\"><a href=\"https:\/\/www.tvnovelas.com.br\/tvnews\/dona-de-mim-davi-e-barbara-sofrem-grave-acidente\/\" class=\"_blank\" target=\"_blank\" >Dona de Mim: Davi e B\u00e1rbara sofrem grave acidente<\/a><\/h4><\/div><\/div><\/div><\/div><\/div><\/p>\n<div style=\"font-size: 150%;\"><h3>Confira tamb\u00e9m<\/h3>\r\n<a href=\"https:\/\/tvnovelas.com.br\/novelas\/\" rel=\"noopener\" target=\"_blank\"><strong>Todos os resumos de novelas<\/strong><\/a><\/br>\r\n<a href=\"https:\/\/www.tvnovelas.com.br\/tvnews\/\" rel=\"noopener\" target=\"_blank\"><strong>\u00daltimas not\u00edcias das novelas<\/strong><\/a><\/br>\r\n<a href=\"https:\/\/www.tvnovelas.com.br\/filmes\/\" target=\"_blank\" rel=\"noopener noreferrer\"><strong>Programa\u00e7\u00e3o de filmes na TV aberta<\/strong><\/a><\/br>\r\n<a href=\"https:\/\/caetenews.com.br\/semana\/filmes-da-globo-na-sessao-da-tarde-desta-semana\/\" target=\"_blank\" rel=\"noopener\"><strong>Confira os filmes da semana na Sess\u00e3o da Tarde<\/strong><\/a><\/br>\r\n<a href=\"https:\/\/classindportal.mj.gov.br\/consulta-filmes\" target=\"_blank\" rel=\"noopener\"><strong>Consulte a classifica\u00e7\u00e3o indicativa dos filmes e novelas<\/strong><\/a><\/br><\/div>\n","protected":false},"excerpt":{"rendered":"<p>Dona de Mim: Leo chora ao ouvir Samuel dizer&#8230; Em Dona de Mim, Sofia (Elis Cabral) vai ter que voltar a morar na mans\u00e3o dos Boaz, e Leo&#8230;<\/p>\n","protected":false},"author":1,"featured_media":84649,"comment_status":"closed","ping_status":"closed","sticky":false,"template":"","format":"standard","meta":{"_uf_show_specific_survey":0,"_uf_disable_surveys":false,"_jetpack_memberships_contains_paid_content":false,"footnotes":"","_wp_rev_ctl_limit":""},"categories":[884],"tags":[5,64],"class_list":["post-84648","post","type-post","status-publish","format-standard","has-post-thumbnail","hentry","category-dona-de-mim","tag-globo","tag-novelas","wpcat-884-id"],"aioseo_notices":[],"jetpack_featured_media_url":"https:\/\/i0.wp.com\/www.tvnovelas.com.br\/tvnews\/wp-content\/uploads\/2025\/10\/12280.jpg?fit=728%2C410&ssl=1","jetpack_shortlink":"https:\/\/wp.me\/pdP2BO-m1i","jetpack_sharing_enabled":true,"_links":{"self":[{"href":"https:\/\/www.tvnovelas.com.br\/tvnews\/wp-json\/wp\/v2\/posts\/84648","targetHints":{"allow":["GET"]}}],"collection":[{"href":"https:\/\/www.tvnovelas.com.br\/tvnews\/wp-json\/wp\/v2\/posts"}],"about":[{"href":"https:\/\/www.tvnovelas.com.br\/tvnews\/wp-json\/wp\/v2\/types\/post"}],"author":[{"embeddable":true,"href":"https:\/\/www.tvnovelas.com.br\/tvnews\/wp-json\/wp\/v2\/users\/1"}],"replies":[{"embeddable":true,"href":"https:\/\/www.tvnovelas.com.br\/tvnews\/wp-json\/wp\/v2\/comments?post=84648"}],"version-history":[{"count":1,"href":"https:\/\/www.tvnovelas.com.br\/tvnews\/wp-json\/wp\/v2\/posts\/84648\/revisions"}],"predecessor-version":[{"id":84650,"href":"https:\/\/www.tvnovelas.com.br\/tvnews\/wp-json\/wp\/v2\/posts\/84648\/revisions\/84650"}],"wp:featuredmedia":[{"embeddable":true,"href":"https:\/\/www.tvnovelas.com.br\/tvnews\/wp-json\/wp\/v2\/media\/84649"}],"wp:attachment":[{"href":"https:\/\/www.tvnovelas.com.br\/tvnews\/wp-json\/wp\/v2\/media?parent=84648"}],"wp:term":[{"taxonomy":"category","embeddable":true,"href":"https:\/\/www.tvnovelas.com.br\/tvnews\/wp-json\/wp\/v2\/categories?post=84648"},{"taxonomy":"post_tag","embeddable":true,"href":"https:\/\/www.tvnovelas.com.br\/tvnews\/wp-json\/wp\/v2\/tags?post=84648"}],"curies":[{"name":"wp","href":"https:\/\/api.w.org\/{rel}","templated":true}]}}