{"id":84660,"date":"2025-10-28T11:41:58","date_gmt":"2025-10-28T14:41:58","guid":{"rendered":"https:\/\/www.tvnovelas.com.br\/tvnews\/?p=84660"},"modified":"2025-10-28T11:41:58","modified_gmt":"2025-10-28T14:41:58","slug":"mae-zeynep-foge-com-melek","status":"publish","type":"post","link":"https:\/\/www.tvnovelas.com.br\/tvnews\/mae-zeynep-foge-com-melek\/","title":{"rendered":"M\u00e3e: Zeynep foge com Melek"},"content":{"rendered":"<figure id=\"attachment_84661\" aria-describedby=\"caption-attachment-84661\" style=\"width: 728px\" class=\"wp-caption aligncenter\"><img data-recalc-dims=\"1\" decoding=\"async\" class=\"wp-image-84661 size-full\" title=\"(Foto: Record TV\/M\u00e3e)\" src=\"https:\/\/i0.wp.com\/www.tvnovelas.com.br\/tvnews\/wp-content\/uploads\/2025\/10\/12283.jpg?resize=728%2C408&#038;ssl=1\" alt=\"Foto em M\u00e3e: Zeynep foge com Melek\" width=\"728\" height=\"408\" srcset=\"https:\/\/i0.wp.com\/www.tvnovelas.com.br\/tvnews\/wp-content\/uploads\/2025\/10\/12283.jpg?w=728&amp;ssl=1 728w, https:\/\/i0.wp.com\/www.tvnovelas.com.br\/tvnews\/wp-content\/uploads\/2025\/10\/12283.jpg?resize=250%2C140&amp;ssl=1 250w\" sizes=\"(max-width: 728px) 100vw, 728px\" \/><figcaption id=\"caption-attachment-84661\" class=\"wp-caption-text\">M\u00e3e: Zeynep foge com Melek<\/figcaption><\/figure>\n<p>No cap\u00edtulo da novela M\u00e3e, desta ter\u00e7a, dia 28, a situa\u00e7\u00e3o de Melek torna-se ainda mais dolorosa aos olhos de Zeynep. A professora, sensibilizada com os sinais de maus-tratos que percebe na menina, come\u00e7a a entender a gravidade da situa\u00e7\u00e3o em que ela vive com \u015eule, sua m\u00e3e biol\u00f3gica, e o companheiro violento desta.<\/p>\n<p>Incapaz de aceitar que uma crian\u00e7a t\u00e3o doce e inteligente sofra tanta neglig\u00eancia e viol\u00eancia, Zeynep passa a se sentir dividida entre a raz\u00e3o e o cora\u00e7\u00e3o. Embora saiba que n\u00e3o tem autoridade legal para interferir, o instinto protetor fala mais alto. Assim, ela elabora um plano arriscado: levar Melek embora, longe do ambiente abusivo, para lhe dar uma nova chance de viver com dignidade e seguran\u00e7a.<\/p>\n<p>Zeynep e Melek simulam uma situa\u00e7\u00e3o e escapam juntas para Istambul.<\/p>\n<p>O epis\u00f3dio \u00e9 marcado por tens\u00e3o e emo\u00e7\u00e3o. Zeynep luta contra o medo de estar cometendo um crime, mas tamb\u00e9m contra a culpa de nada fazer. Cada olhar da menina refor\u00e7a a decis\u00e3o que amadurece em seu cora\u00e7\u00e3o. \u00c9 nesse ponto que come\u00e7a a nascer o profundo la\u00e7o entre as duas \u2014 n\u00e3o apenas de professora e aluna, mas de m\u00e3e e filha de alma.<\/p>\n<p>Confira o resumo do cap\u00edtulo de hoje:<\/p>\n<h2 style=\"color: #016b61;\">Resumo de ter\u00e7a-feira, 28 de outubro<\/h2>\n<p>Inconformada com a realidade de Melek, Zeynep elabora um plano para tentar levar a pequena embora. Ap\u00f3s uma noite de abusos e viol\u00eancia Sule e Cengiz se surpreendem ao ver Melek se arrumando para ir \u00e0 escola. Zeynep e Melek simulam uma situa\u00e7\u00e3o e escapam juntas para Istambul. A aus\u00eancia repentina da filha deixa Sule em choque, e a rela\u00e7\u00e3o dela com Cengiz come\u00e7a a se deteriorar. Gonul sai da pris\u00e3o ap\u00f3s anos cumprindo senten\u00e7a e, determinada a enfrentar o passado, vai ao escrit\u00f3rio de Cahide. Na sa\u00edda ela se surpreende ao encontrar a filha Zeynep. Ali \u00e9 convocado pela reda\u00e7\u00e3o para cobrir o desaparecimento de Melek.<\/p>\n<p><!--FIM--><\/p>\n<h2>Saiba mais<\/h2>\n<p><a href=\"https:\/\/tvnovelas.com.br\/novelas\/resumos-de-novela-mae\/\" target=\"_blank\" rel=\"noopener\">Resumos dos cap\u00edtulos da semana<\/a><br \/>\n<a href=\"https:\/\/wp.me\/pfspD2-VN\" target=\"_blank\" rel=\"noopener\">M\u00e3e: Resgatando uma crian\u00e7a da viol\u00eancia<\/a><br \/>\n<div class=\"pt-cv-wrapper\"><h2 class='pt-cv-heading-container heading2' data-blockid='759454f593'><span class='pt-cv-heading'> \u00daltimas da Novela <\/span><\/h2><div class=\"pt-cv-view pt-cv-grid pt-cv-colsys\" id=\"pt-cv-view-759454f593\"><div data-id=\"pt-cv-page-1\" class=\"pt-cv-page\" data-cvc=\"1\"><div class=\"col-md-12 col-sm-12 col-xs-12 pt-cv-content-item pt-cv-1-col\" ><div class='pt-cv-ifield'><h4 class=\"pt-cv-title\"><a href=\"https:\/\/www.tvnovelas.com.br\/tvnews\/mae-o-destino-final-de-melek-e-zeynep\/\" class=\"_self\" target=\"_self\" >M\u00e3e: O destino final de Melek e Zeynep<\/a><\/h4><\/div><\/div>\n<div class=\"col-md-12 col-sm-12 col-xs-12 pt-cv-content-item pt-cv-1-col\" ><div class='pt-cv-ifield'><h4 class=\"pt-cv-title\"><a href=\"https:\/\/www.tvnovelas.com.br\/tvnews\/mae-zeynep-enfrenta-cengiz\/\" class=\"_self\" target=\"_self\" >M\u00e3e: Zeynep enfrenta Cengiz<\/a><\/h4><\/div><\/div>\n<div class=\"col-md-12 col-sm-12 col-xs-12 pt-cv-content-item pt-cv-1-col\" ><div class='pt-cv-ifield'><h4 class=\"pt-cv-title\"><a href=\"https:\/\/www.tvnovelas.com.br\/tvnews\/mae-cengiz-e-preso-sob-a-acusacao-de-assassinato\/\" class=\"_self\" target=\"_self\" >M\u00e3e: Cengiz \u00e9 preso sob a acusa\u00e7\u00e3o de assassinato<\/a><\/h4><\/div><\/div>\n<div class=\"col-md-12 col-sm-12 col-xs-12 pt-cv-content-item pt-cv-1-col\" ><div class='pt-cv-ifield'><h4 class=\"pt-cv-title\"><a href=\"https:\/\/www.tvnovelas.com.br\/tvnews\/mae-cengiz-assina-documento-renunciando-a-guarda-dos-filhos\/\" class=\"_self\" target=\"_self\" >M\u00e3e: Cengiz assina documento renunciando \u00e0 guarda dos filhos<\/a><\/h4><\/div><\/div>\n<div class=\"col-md-12 col-sm-12 col-xs-12 pt-cv-content-item pt-cv-1-col\" ><div class='pt-cv-ifield'><h4 class=\"pt-cv-title\"><a href=\"https:\/\/www.tvnovelas.com.br\/tvnews\/mae-cengiz-pode-estar-com-os-dias-contados\/\" class=\"_self\" target=\"_self\" >M\u00e3e: Cengiz pode estar com os dias contados<\/a><\/h4><\/div><\/div><\/div><\/div><\/div><br \/>\n&lt;h<\/p>\n<div style=\"font-size: 120%;\"><h3>Confira tamb\u00e9m<\/h3>\r\n<a href=\"https:\/\/tvnovelas.com.br\/novelas\/\" rel=\"noopener\" target=\"_blank\"><strong>Todos os resumos de novelas<\/strong><\/a><\/br>\r\n<a href=\"https:\/\/www.tvnovelas.com.br\/tvnews\/\" rel=\"noopener\" target=\"_blank\"><strong>\u00daltimas not\u00edcias das novelas<\/strong><\/a><\/br>\r\n<a href=\"https:\/\/www.tvnovelas.com.br\/filmes\/\" target=\"_blank\" rel=\"noopener noreferrer\"><strong>Programa\u00e7\u00e3o de filmes na TV aberta<\/strong><\/a><\/br>\r\n<a href=\"https:\/\/caetenews.com.br\/semana\/filmes-da-globo-na-sessao-da-tarde-desta-semana\/\" target=\"_blank\" rel=\"noopener\"><strong>Confira os filmes da semana na Sess\u00e3o da Tarde<\/strong><\/a><\/br>\r\n<a href=\"https:\/\/classindportal.mj.gov.br\/consulta-filmes\" target=\"_blank\" rel=\"noopener\"><strong>Consulte a classifica\u00e7\u00e3o indicativa dos filmes e novelas<\/strong><\/a><\/br><\/div>\n","protected":false},"excerpt":{"rendered":"<p>M\u00e3e: Zeynep foge com Melek&#8230; No cap\u00edtulo da novela M\u00e3e, desta ter\u00e7a, dia 28, a situa\u00e7\u00e3o de Melek torna-se ainda mais dolorosa aos olhos de Zeynep&#8230;<\/p>\n","protected":false},"author":1,"featured_media":84661,"comment_status":"closed","ping_status":"closed","sticky":false,"template":"","format":"standard","meta":{"_uf_show_specific_survey":0,"_uf_disable_surveys":false,"_jetpack_memberships_contains_paid_content":false,"footnotes":"","_wp_rev_ctl_limit":""},"categories":[1012],"tags":[1013,64,14],"class_list":["post-84660","post","type-post","status-publish","format-standard","has-post-thumbnail","hentry","category-mae","tag-mae","tag-novelas","tag-record","wpcat-1012-id"],"aioseo_notices":[],"jetpack_featured_media_url":"https:\/\/i0.wp.com\/www.tvnovelas.com.br\/tvnews\/wp-content\/uploads\/2025\/10\/12283.jpg?fit=728%2C408&ssl=1","jetpack_shortlink":"https:\/\/wp.me\/pdP2BO-m1u","jetpack_sharing_enabled":true,"_links":{"self":[{"href":"https:\/\/www.tvnovelas.com.br\/tvnews\/wp-json\/wp\/v2\/posts\/84660","targetHints":{"allow":["GET"]}}],"collection":[{"href":"https:\/\/www.tvnovelas.com.br\/tvnews\/wp-json\/wp\/v2\/posts"}],"about":[{"href":"https:\/\/www.tvnovelas.com.br\/tvnews\/wp-json\/wp\/v2\/types\/post"}],"author":[{"embeddable":true,"href":"https:\/\/www.tvnovelas.com.br\/tvnews\/wp-json\/wp\/v2\/users\/1"}],"replies":[{"embeddable":true,"href":"https:\/\/www.tvnovelas.com.br\/tvnews\/wp-json\/wp\/v2\/comments?post=84660"}],"version-history":[{"count":1,"href":"https:\/\/www.tvnovelas.com.br\/tvnews\/wp-json\/wp\/v2\/posts\/84660\/revisions"}],"predecessor-version":[{"id":84662,"href":"https:\/\/www.tvnovelas.com.br\/tvnews\/wp-json\/wp\/v2\/posts\/84660\/revisions\/84662"}],"wp:featuredmedia":[{"embeddable":true,"href":"https:\/\/www.tvnovelas.com.br\/tvnews\/wp-json\/wp\/v2\/media\/84661"}],"wp:attachment":[{"href":"https:\/\/www.tvnovelas.com.br\/tvnews\/wp-json\/wp\/v2\/media?parent=84660"}],"wp:term":[{"taxonomy":"category","embeddable":true,"href":"https:\/\/www.tvnovelas.com.br\/tvnews\/wp-json\/wp\/v2\/categories?post=84660"},{"taxonomy":"post_tag","embeddable":true,"href":"https:\/\/www.tvnovelas.com.br\/tvnews\/wp-json\/wp\/v2\/tags?post=84660"}],"curies":[{"name":"wp","href":"https:\/\/api.w.org\/{rel}","templated":true}]}}