{"id":84698,"date":"2025-10-29T09:43:14","date_gmt":"2025-10-29T12:43:14","guid":{"rendered":"https:\/\/www.tvnovelas.com.br\/tvnews\/?p=84698"},"modified":"2025-10-29T09:43:14","modified_gmt":"2025-10-29T12:43:14","slug":"tres-gracas-joelly-lamenta-maldicao-de-sua-familia","status":"publish","type":"post","link":"https:\/\/www.tvnovelas.com.br\/tvnews\/tres-gracas-joelly-lamenta-maldicao-de-sua-familia\/","title":{"rendered":"Tr\u00eas Gra\u00e7as: Jo\u00e9lly lamenta \u2018maldi\u00e7\u00e3o\u2019 de sua fam\u00edlia"},"content":{"rendered":"<figure id=\"attachment_84699\" aria-describedby=\"caption-attachment-84699\" style=\"width: 728px\" class=\"wp-caption aligncenter\"><img data-recalc-dims=\"1\" decoding=\"async\" class=\"wp-image-84699 size-full\" title=\"(Foto: TV Globo\/Tr\u00eas Gra\u00e7as)\" src=\"https:\/\/i0.wp.com\/www.tvnovelas.com.br\/tvnews\/wp-content\/uploads\/2025\/10\/12291.jpg?resize=728%2C410&#038;ssl=1\" alt=\"Foto em Tr\u00eas Gra\u00e7as: Jo\u00e9lly lamenta \u2018maldi\u00e7\u00e3o\u2019 de sua fam\u00edlia\" width=\"728\" height=\"410\" srcset=\"https:\/\/i0.wp.com\/www.tvnovelas.com.br\/tvnews\/wp-content\/uploads\/2025\/10\/12291.jpg?w=728&amp;ssl=1 728w, https:\/\/i0.wp.com\/www.tvnovelas.com.br\/tvnews\/wp-content\/uploads\/2025\/10\/12291.jpg?resize=250%2C141&amp;ssl=1 250w\" sizes=\"(max-width: 728px) 100vw, 728px\" \/><figcaption id=\"caption-attachment-84699\" class=\"wp-caption-text\">Tr\u00eas Gra\u00e7as: Jo\u00e9lly lamenta \u2018maldi\u00e7\u00e3o\u2019 de sua fam\u00edlia<\/figcaption><\/figure>\n<p>Em Tr\u00eas Gra\u00e7as, Jo\u00e9lly (Alana Cabral) ter\u00e1 um novo encontro ca\u00f3tico com Raul (Paulo Mendes), em que o rapaz dir\u00e1 que n\u00e3o quer o filho o que ela espera. Mesmo n\u00e3o tendo escutado nenhuma novidade, a filha de Gerluce (Sophie Charlotte) fica mexida com a conversa e lamenta estar repetindo a \u201cmaldi\u00e7\u00e3o\u201d da fam\u00edlia.<\/p>\n<p>Jo\u00e9lly conta sobre o papo com Raul para Kellen (Luiza Rosa). A filha do pastor Alb\u00e9rico (Enrique Diaz) nota que a jovem est\u00e1 insegura e se preocupa:<\/p>\n<p>\u201cPresta aten\u00e7\u00e3o. Amiga, se voc\u00ea est\u00e1 pensando em&#8230; N\u00e3o quero nem falar esta palavra. Meu pai diz que Deus d\u00e1 vida e somente ele pode tomar de volta\u201d, alerta a religiosa.<\/p>\n<p>Jo\u00e9lly garante que n\u00e3o pensa nisso, mas se preocupa com o fato de seu filho n\u00e3o ter pai. Kellen explica que o beb\u00ea tem um pai, mas ele n\u00e3o quer assumir a responsabilidade.<\/p>\n<p>\u201cAconteceu antes com a minha m\u00e3e, com a minha av\u00f3. Elas lutaram tanto para que n\u00e3o acontecesse a mesma coisa comigo. E agora? Parece uma maldi\u00e7\u00e3o da nossa fam\u00edlia\u201d , lamenta Jo\u00e9lly.<\/p>\n<p>Kellen garante que todo o filho \u00e9 uma ben\u00e7\u00e3o e consola a amiga.<\/p>\n<p>\u201cO que aconteceu foi que voc\u00eas pularam etapas. Mas Deus transforma nossos erros em acertos poss\u00edveis. Esta crian\u00e7a vai ser uma ben\u00e7\u00e3o na vida de voc\u00eas. S\u00f3 que para voc\u00eas viverem esta ben\u00e7\u00e3o, os dois t\u00eam que assumir.\u201d<br \/>\n<!--FIM--><br \/>\n<div class=\"pt-cv-wrapper\"><h2 class='pt-cv-heading-container heading2' data-blockid='aa8cb49py2'><span class='pt-cv-heading'> \u00daltimas da Novela <\/span><\/h2><div class=\"pt-cv-view pt-cv-grid pt-cv-colsys\" id=\"pt-cv-view-aa8cb49py2\"><div data-id=\"pt-cv-page-1\" class=\"pt-cv-page\" data-cvc=\"1\"><div class=\"col-md-12 col-sm-12 col-xs-12 pt-cv-content-item pt-cv-1-col\" ><div class='pt-cv-ifield'><h4 class=\"pt-cv-title\"><a href=\"https:\/\/www.tvnovelas.com.br\/tvnews\/o-que-acontece-em-tres-gracas-na-semana-04-a-09-de-maio\/\" class=\"_self\" target=\"_self\" >O que acontece em Tr\u00eas Gra\u00e7as na semana 04 a 09 de maio<\/a><\/h4><\/div><\/div>\n<div class=\"col-md-12 col-sm-12 col-xs-12 pt-cv-content-item pt-cv-1-col\" ><div class='pt-cv-ifield'><h4 class=\"pt-cv-title\"><a href=\"https:\/\/www.tvnovelas.com.br\/tvnews\/tres-gracas-joelly-e-gerluce-descobrem-que-filha-de-lena-e-a-bebe-roubada\/\" class=\"_self\" target=\"_self\" >Tr\u00eas Gra\u00e7as: Jo\u00e9lly e Gerluce descobrem que filha de Lena \u00e9 a beb\u00ea roubada<\/a><\/h4><\/div><\/div>\n<div class=\"col-md-12 col-sm-12 col-xs-12 pt-cv-content-item pt-cv-1-col\" ><div class='pt-cv-ifield'><h4 class=\"pt-cv-title\"><a href=\"https:\/\/www.tvnovelas.com.br\/tvnews\/tres-gracas-paulinho-e-afastado-da-policia-por-causa-de-gerluce\/\" class=\"_self\" target=\"_self\" >Tr\u00eas Gra\u00e7as: Paulinho \u00e9 afastado da pol\u00edcia por causa de Gerluce<\/a><\/h4><\/div><\/div><\/div><\/div><\/div><\/p>\n<h2>Saiba mais<\/h2>\n<p><a href=\"https:\/\/tvnovelas.com.br\/novelas\/resumos-de-tres-gracas\/\" target=\"_blank\" rel=\"noopener\">Tr\u00eas Gra\u00e7as: Resumos dos cap\u00edtulos da semana<\/a><br \/>\n<a href=\"https:\/\/tvnovelas.com.br\/page2\/arquivo\/tres-gracas-aluta-para-nao-perder-a-esperanca\/\" target=\"_blank\" rel=\"noopener\">&#8216;Tr\u00eas Gra\u00e7as\u2019, a luta para n\u00e3o perder a esperan\u00e7a<\/a> (Sinopse)<br \/>\n<a href=\"https:\/\/www.tvnovelas.com.br\/tvnews\/tres-gracas-as-tres-gracas-e-suas-adversidades\/\" target=\"_blank\" rel=\"noopener\">Tr\u00eas Gra\u00e7as: As tr\u00eas Gra\u00e7as e suas adversidades<\/a><\/p>\n<div style=\"font-size: 120%;\"><h3>Confira tamb\u00e9m<\/h3>\r\n<a href=\"https:\/\/tvnovelas.com.br\/novelas\/\" rel=\"noopener\" target=\"_blank\"><strong>Todos os resumos de novelas<\/strong><\/a><\/br>\r\n<a href=\"https:\/\/www.tvnovelas.com.br\/tvnews\/\" rel=\"noopener\" target=\"_blank\"><strong>\u00daltimas not\u00edcias das novelas<\/strong><\/a><\/br>\r\n<a href=\"https:\/\/www.tvnovelas.com.br\/filmes\/\" target=\"_blank\" rel=\"noopener noreferrer\"><strong>Programa\u00e7\u00e3o de filmes na TV aberta<\/strong><\/a><\/br>\r\n<a href=\"https:\/\/caetenews.com.br\/semana\/filmes-da-globo-na-sessao-da-tarde-desta-semana\/\" target=\"_blank\" rel=\"noopener\"><strong>Confira os filmes da semana na Sess\u00e3o da Tarde<\/strong><\/a><\/br>\r\n<a href=\"https:\/\/classindportal.mj.gov.br\/consulta-filmes\" target=\"_blank\" rel=\"noopener\"><strong>Consulte a classifica\u00e7\u00e3o indicativa dos filmes e novelas<\/strong><\/a><\/br><\/div>\n","protected":false},"excerpt":{"rendered":"<p>Tr\u00eas Gra\u00e7as: Jo\u00e9lly lamenta \u2018maldi\u00e7\u00e3o\u2019 de sua fam\u00edlia&#8230;. Em Tr\u00eas Gra\u00e7as, Jo\u00e9lly (Alana Cabral) ter\u00e1 um novo encontro ca\u00f3tico com Raul&#8230;<\/p>\n","protected":false},"author":1,"featured_media":84699,"comment_status":"closed","ping_status":"closed","sticky":false,"template":"","format":"standard","meta":{"_uf_show_specific_survey":0,"_uf_disable_surveys":false,"_jetpack_memberships_contains_paid_content":false,"footnotes":"","_wp_rev_ctl_limit":""},"categories":[1006],"tags":[5,64,1007],"class_list":["post-84698","post","type-post","status-publish","format-standard","has-post-thumbnail","hentry","category-tres-gracas","tag-globo","tag-novelas","tag-tres-gracas","wpcat-1006-id"],"aioseo_notices":[],"jetpack_featured_media_url":"https:\/\/i0.wp.com\/www.tvnovelas.com.br\/tvnews\/wp-content\/uploads\/2025\/10\/12291.jpg?fit=728%2C410&ssl=1","jetpack_shortlink":"https:\/\/wp.me\/pdP2BO-m26","jetpack_sharing_enabled":true,"_links":{"self":[{"href":"https:\/\/www.tvnovelas.com.br\/tvnews\/wp-json\/wp\/v2\/posts\/84698","targetHints":{"allow":["GET"]}}],"collection":[{"href":"https:\/\/www.tvnovelas.com.br\/tvnews\/wp-json\/wp\/v2\/posts"}],"about":[{"href":"https:\/\/www.tvnovelas.com.br\/tvnews\/wp-json\/wp\/v2\/types\/post"}],"author":[{"embeddable":true,"href":"https:\/\/www.tvnovelas.com.br\/tvnews\/wp-json\/wp\/v2\/users\/1"}],"replies":[{"embeddable":true,"href":"https:\/\/www.tvnovelas.com.br\/tvnews\/wp-json\/wp\/v2\/comments?post=84698"}],"version-history":[{"count":1,"href":"https:\/\/www.tvnovelas.com.br\/tvnews\/wp-json\/wp\/v2\/posts\/84698\/revisions"}],"predecessor-version":[{"id":84700,"href":"https:\/\/www.tvnovelas.com.br\/tvnews\/wp-json\/wp\/v2\/posts\/84698\/revisions\/84700"}],"wp:featuredmedia":[{"embeddable":true,"href":"https:\/\/www.tvnovelas.com.br\/tvnews\/wp-json\/wp\/v2\/media\/84699"}],"wp:attachment":[{"href":"https:\/\/www.tvnovelas.com.br\/tvnews\/wp-json\/wp\/v2\/media?parent=84698"}],"wp:term":[{"taxonomy":"category","embeddable":true,"href":"https:\/\/www.tvnovelas.com.br\/tvnews\/wp-json\/wp\/v2\/categories?post=84698"},{"taxonomy":"post_tag","embeddable":true,"href":"https:\/\/www.tvnovelas.com.br\/tvnews\/wp-json\/wp\/v2\/tags?post=84698"}],"curies":[{"name":"wp","href":"https:\/\/api.w.org\/{rel}","templated":true}]}}