{"id":84711,"date":"2025-10-29T12:14:58","date_gmt":"2025-10-29T15:14:58","guid":{"rendered":"https:\/\/www.tvnovelas.com.br\/tvnews\/?p=84711"},"modified":"2025-10-29T12:14:58","modified_gmt":"2025-10-29T15:14:58","slug":"a-escrava-isaura-leonio-prende-isaura-sem-agua-e-comida","status":"publish","type":"post","link":"https:\/\/www.tvnovelas.com.br\/tvnews\/a-escrava-isaura-leonio-prende-isaura-sem-agua-e-comida\/","title":{"rendered":"A Escrava Isaura: Le\u00f4nio prende Isaura, sem \u00e1gua e comida"},"content":{"rendered":"<p><figure id=\"attachment_84712\" aria-describedby=\"caption-attachment-84712\" style=\"width: 728px\" class=\"wp-caption aligncenter\"><img data-recalc-dims=\"1\" decoding=\"async\" src=\"https:\/\/i0.wp.com\/www.tvnovelas.com.br\/tvnews\/wp-content\/uploads\/2025\/10\/12292.jpg?resize=728%2C355&#038;ssl=1\" alt=\"Foto em A Escrava Isaura: Le\u00f4nio prende Isaura, sem \u00e1gua e comida\" width=\"728\" height=\"355\" class=\"size-full wp-image-84712\" srcset=\"https:\/\/i0.wp.com\/www.tvnovelas.com.br\/tvnews\/wp-content\/uploads\/2025\/10\/12292.jpg?w=728&amp;ssl=1 728w, https:\/\/i0.wp.com\/www.tvnovelas.com.br\/tvnews\/wp-content\/uploads\/2025\/10\/12292.jpg?resize=250%2C122&amp;ssl=1 250w\" sizes=\"(max-width: 728px) 100vw, 728px\" \/><figcaption id=\"caption-attachment-84712\" class=\"wp-caption-text\">A Escrava Isaura: Le\u00f4nio prende Isaura, sem \u00e1gua e comida<\/figcaption><\/figure><br \/>\n(Foto: Record\/A Escrava Isaura)<br \/>\nEm A Escrava Isaura no cap\u00edtulo desta quarta, dia 29, a crueldade de Le\u00f4ncio atinge um dos seus piores momentos quando ele, tomado pela raiva e pela obsess\u00e3o doentia que sente pela jovem, decide puni-la de forma desumana.<\/p>\n<p>Ao perceber que Isaura continua resistindo \u00e0s suas investidas e mantendo sua dignidade, o fazendeiro, cego pelo desejo de domina\u00e7\u00e3o, ordena que ela seja trancada na cela destinada aos escravos rebeldes \u2014 um lugar \u00famido, escuro e insalubre.<\/p>\n<p>Determinando que ningu\u00e9m se aproxime dela, Le\u00f4ncio a deixa dias inteiros sem \u00e1gua nem comida, acreditando que o sofrimento f\u00edsico poderia quebrar sua vontade. <\/p>\n<p>Isaura, enfraquecida e abatida, ainda encontra for\u00e7as para rezar e se manter firme em sua f\u00e9, agarrando-se \u00e0 esperan\u00e7a de que algu\u00e9m venha em seu socorro.<\/p>\n<p>Confira o resumo do cap\u00edtulo de hoje:<\/p>\n<h2 style=\"color: #016B61;\">Resumo de quarta-feira, 29 de outubro<\/h2>\n<p>Isaura diz que ela nunca ser\u00e1 de Le\u00f4ncio. Malvina se despede de Le\u00f4ncio. Isaura se lamenta para Henrique. Isaura fica sozinha com Le\u00f4ncio que tenta for\u00e7\u00e1-la a ser sua. Rosa chora com medo de Malvina voltar para casa do pai. Isaura amea\u00e7a Le\u00f4ncio com uma faca. Diogo extrai a bala da coluna de Gabriel. A pedido de Malvina, Sebasti\u00e3o manda Rosa para uma pens\u00e3o. Henrique chega \u00e0 fazenda em busca de Isaura, mas Le\u00f4ncio agride e o amea\u00e7a. Gabriel ferido \u00e9 levado para casa e recebe o socorro de Diogo. Le\u00f4ncio prende Isaura na cela dos escravos e a deixa sem \u00e1gua e comida. Moleca sente ci\u00fames de Andr\u00e9 com Isaura. \u00c1lvaro conversa com sua m\u00e3e sobre a Aboli\u00e7\u00e3o da Escravatura. Branca quer entrar para a sociedade abolicionista.<br \/>\n<!--FIM--><\/p>\n<h2>Saiba mais<\/h2>\n<p><a href=\"https:\/\/tvnovelas.com.br\/novelas\/resumos-da-novela-a-escrava-isaura\/\" rel=\"noopener\" target=\"_blank\">Escrava Isaura: Resumos dos cap\u00edtulos da semana<\/a><br \/>\n<a href=\"https:\/\/wp.me\/pfspD2-Jf\" rel=\"noopener\" target=\"_blank\">Escrava Isaura: o sonho da liberdade<\/a><\/p>\n<div style=\"font-size: 120%;\">\n<h3>Confira tamb\u00e9m<\/h3>\r\n<a href=\"https:\/\/tvnovelas.com.br\/novelas\/\" rel=\"noopener\" target=\"_blank\"><strong>Todos os resumos de novelas<\/strong><\/a><\/br>\r\n<a href=\"https:\/\/www.tvnovelas.com.br\/tvnews\/\" rel=\"noopener\" target=\"_blank\"><strong>\u00daltimas not\u00edcias das novelas<\/strong><\/a><\/br>\r\n<a href=\"https:\/\/www.tvnovelas.com.br\/filmes\/\" target=\"_blank\" rel=\"noopener noreferrer\"><strong>Programa\u00e7\u00e3o de filmes na TV aberta<\/strong><\/a><\/br>\r\n<a href=\"https:\/\/caetenews.com.br\/semana\/filmes-da-globo-na-sessao-da-tarde-desta-semana\/\" target=\"_blank\" rel=\"noopener\"><strong>Confira os filmes da semana na Sess\u00e3o da Tarde<\/strong><\/a><\/br>\r\n<a href=\"https:\/\/classindportal.mj.gov.br\/consulta-filmes\" target=\"_blank\" rel=\"noopener\"><strong>Consulte a classifica\u00e7\u00e3o indicativa dos filmes e novelas<\/strong><\/a><\/br>\n<\/div>\n","protected":false},"excerpt":{"rendered":"<p>A Escrava Isaura: Le\u00f4nio prende Isaura&#8230; Em A Escrava Isaura no cap\u00edtulo desta quarta, dia 29, a crueldade de Le\u00f4ncio atinge um dos seus piores momentos&#8230;<\/p>\n","protected":false},"author":1,"featured_media":84712,"comment_status":"closed","ping_status":"closed","sticky":false,"template":"","format":"standard","meta":{"_uf_show_specific_survey":0,"_uf_disable_surveys":false,"_jetpack_memberships_contains_paid_content":false,"footnotes":"","_wp_rev_ctl_limit":""},"categories":[984],"tags":[985,5,64],"class_list":["post-84711","post","type-post","status-publish","format-standard","has-post-thumbnail","hentry","category-a-escrava-isaura","tag-a-escrava-isaura","tag-globo","tag-novelas","wpcat-984-id"],"aioseo_notices":[],"jetpack_featured_media_url":"https:\/\/i0.wp.com\/www.tvnovelas.com.br\/tvnews\/wp-content\/uploads\/2025\/10\/12292.jpg?fit=728%2C355&ssl=1","jetpack_shortlink":"https:\/\/wp.me\/pdP2BO-m2j","jetpack_sharing_enabled":true,"_links":{"self":[{"href":"https:\/\/www.tvnovelas.com.br\/tvnews\/wp-json\/wp\/v2\/posts\/84711","targetHints":{"allow":["GET"]}}],"collection":[{"href":"https:\/\/www.tvnovelas.com.br\/tvnews\/wp-json\/wp\/v2\/posts"}],"about":[{"href":"https:\/\/www.tvnovelas.com.br\/tvnews\/wp-json\/wp\/v2\/types\/post"}],"author":[{"embeddable":true,"href":"https:\/\/www.tvnovelas.com.br\/tvnews\/wp-json\/wp\/v2\/users\/1"}],"replies":[{"embeddable":true,"href":"https:\/\/www.tvnovelas.com.br\/tvnews\/wp-json\/wp\/v2\/comments?post=84711"}],"version-history":[{"count":1,"href":"https:\/\/www.tvnovelas.com.br\/tvnews\/wp-json\/wp\/v2\/posts\/84711\/revisions"}],"predecessor-version":[{"id":84713,"href":"https:\/\/www.tvnovelas.com.br\/tvnews\/wp-json\/wp\/v2\/posts\/84711\/revisions\/84713"}],"wp:featuredmedia":[{"embeddable":true,"href":"https:\/\/www.tvnovelas.com.br\/tvnews\/wp-json\/wp\/v2\/media\/84712"}],"wp:attachment":[{"href":"https:\/\/www.tvnovelas.com.br\/tvnews\/wp-json\/wp\/v2\/media?parent=84711"}],"wp:term":[{"taxonomy":"category","embeddable":true,"href":"https:\/\/www.tvnovelas.com.br\/tvnews\/wp-json\/wp\/v2\/categories?post=84711"},{"taxonomy":"post_tag","embeddable":true,"href":"https:\/\/www.tvnovelas.com.br\/tvnews\/wp-json\/wp\/v2\/tags?post=84711"}],"curies":[{"name":"wp","href":"https:\/\/api.w.org\/{rel}","templated":true}]}}