{"id":84722,"date":"2025-10-29T14:44:44","date_gmt":"2025-10-29T17:44:44","guid":{"rendered":"https:\/\/www.tvnovelas.com.br\/tvnews\/?p=84722"},"modified":"2025-10-29T14:44:44","modified_gmt":"2025-10-29T17:44:44","slug":"eta-mundo-melhor-candinho-desmaia-com-noticia-sobre-destino-de-policarpo","status":"publish","type":"post","link":"https:\/\/www.tvnovelas.com.br\/tvnews\/eta-mundo-melhor-candinho-desmaia-com-noticia-sobre-destino-de-policarpo\/","title":{"rendered":"\u00cata Mundo Melhor!: Candinho desmaia com not\u00edcia sobre destino de Policarpo"},"content":{"rendered":"<figure id=\"attachment_84723\" aria-describedby=\"caption-attachment-84723\" style=\"width: 728px\" class=\"wp-caption aligncenter\"><img data-recalc-dims=\"1\" decoding=\"async\" class=\"wp-image-84723 size-full\" title=\"(Foto: TV Globo\/\u00cata Mundo Melhor!)\" src=\"https:\/\/i0.wp.com\/www.tvnovelas.com.br\/tvnews\/wp-content\/uploads\/2025\/10\/12294.jpg?resize=728%2C410&#038;ssl=1\" alt=\"Foto em \u00cata Mundo Melhor!: Candinho desmaia com not\u00edcia sobre Policarpo\" width=\"728\" height=\"410\" srcset=\"https:\/\/i0.wp.com\/www.tvnovelas.com.br\/tvnews\/wp-content\/uploads\/2025\/10\/12294.jpg?w=728&amp;ssl=1 728w, https:\/\/i0.wp.com\/www.tvnovelas.com.br\/tvnews\/wp-content\/uploads\/2025\/10\/12294.jpg?resize=250%2C141&amp;ssl=1 250w\" sizes=\"(max-width: 728px) 100vw, 728px\" \/><figcaption id=\"caption-attachment-84723\" class=\"wp-caption-text\">\u00cata Mundo Melhor!: Candinho desmaia com not\u00edcia sobre Policarpo<\/figcaption><\/figure>\n<p>Em \u00cata Mundo Melhor!, Preso por causa de uma mentira contada por Simb\u00e1 (Arthur Yera), Policarpo est\u00e1 prestes a ser sacrificado ap\u00f3s decis\u00e3o da justi\u00e7a. O caso do burro preso \u00e9 tratado com seriedade e Candinho (Sergio Guiz\u00e9) \u00e9 surpreendido por Celso (Rainer Cadete) e Ara\u00fajo (Fl\u00e1vio Tolezani), que d\u00e3o a not\u00edcia ruim de que o amigo do caipira pode ser morto.<\/p>\n<p>&#8220;Candinho! Precisamos conversar com urg\u00eancia!&#8221;, diz Celso<\/p>\n<p>&#8220;Celso e eu achamos que era melhor vir lhe comunicar o quanto antes.&#8221;, acrescenta Ara\u00fajo, com pesar<\/p>\n<p>&#8220;E pelas cara d\u00b4oc\u00eais num deve ser coisa boa&#8230;&#8221;, conclui Candinho.<\/p>\n<p>Preparando o amigo a resolu\u00e7\u00e3o do caso, Ara\u00fajo at\u00e9 tenta, mas perde a coragem. Desde quando a ordem de pris\u00e3o aconteceu, o trio tentou de tudo para libertar o animal amigo.<\/p>\n<p>&#8220;O juiz tomou a decis\u00e3o sobre o que fazer com Policarpo. Fale voc\u00ea, Celso&#8221;, pede Ara\u00fajo.<\/p>\n<p>&#8220;Est\u00e1 bem. Candinho, Policarpo vai ser sacrificado&#8221;, conta Celso, sem rodeios.<\/p>\n<p>&#8220;Uia! Meu pai do c\u00e9!&#8221;, exclama Candinho, desmaiando em seguida.<\/p>\n<p>Confira o resumo do cap\u00edtulo de hoje:<\/p>\n<h2 style=\"color: #6b3f69;\">Resumo de quarta-feira, 29 de outubro<\/h2>\n<p>Ara\u00fajo afirma que Policarpo ser\u00e1 transferido para outra cidade, e Candinho se desespera. Celso se nega a aceitar a chantagem de Zulma para libertar Sandra. Zulma obriga Sandra a escrever uma carta para Celso. Ernesto for\u00e7a Paix\u00e3o a assinar o testamento, e o padrinho passa mal. Ol\u00edmpia denuncia as vendas de Maria Divina e Dita na rua para o delegado. S\u00f4nia encontra Lauro, e Tobias se incomoda. Estela janta com Celso e Anabela, que comemora a volta da irm\u00e3. Francine chega no s\u00edtio e questiona Z\u00e9 dos Porcos sobre seus aposentos. Asdr\u00fabal ajuda Sabi\u00e1 a escrever uma carta de amor para Zenaide. Estela recupera sua mem\u00f3ria. Maria Divina decide voltar para o s\u00edtio. Dita afirma a Candinho que deseja voltar a cantar. Celso anuncia a Candinho que Policarpo ser\u00e1 sacrificado.<br \/>\n<!--FIM--><br \/>\n<a href=\"https:\/\/tvnovelas.com.br\/novelas\/resumos-de-eta-mundo-melhor\/\" target=\"_blank\" rel=\"noopener\">Resumos dos cap\u00edtulos de \u00cata Mundo Melhor!<\/a><br \/>\n<div class=\"pt-cv-wrapper\"><h2 class='pt-cv-heading-container heading2' data-blockid='ae5b5529ra'><span class='pt-cv-heading'> \u00daltimas da novela <\/span><\/h2><div class=\"pt-cv-view pt-cv-grid pt-cv-colsys\" id=\"pt-cv-view-ae5b5529ra\"><div data-id=\"pt-cv-page-1\" class=\"pt-cv-page\" data-cvc=\"1\"><div class=\"col-md-12 col-sm-12 col-xs-12 pt-cv-content-item pt-cv-1-col\" ><div class='pt-cv-ifield'><h4 class=\"pt-cv-title\"><a href=\"https:\/\/www.tvnovelas.com.br\/tvnews\/eta-mundo-melhor-sandra-avisa-que-nao-vai-desistir-da-vinganca\/\" class=\"_blank\" target=\"_blank\" >\u00cata Mundo Melhor!: Sandra avisa que n\u00e3o vai desistir da vingan\u00e7a<\/a><\/h4><\/div><\/div>\n<div class=\"col-md-12 col-sm-12 col-xs-12 pt-cv-content-item pt-cv-1-col\" ><div class='pt-cv-ifield'><h4 class=\"pt-cv-title\"><a href=\"https:\/\/www.tvnovelas.com.br\/tvnews\/eta-mundo-melhor-celso-conta-a-candinho-o-que-sempre-escondeu-sobre-samir\/\" class=\"_blank\" target=\"_blank\" >\u00cata Mundo Melhor!: Celso conta a Candinho o que sempre escondeu sobre Samir<\/a><\/h4><\/div><\/div>\n<div class=\"col-md-12 col-sm-12 col-xs-12 pt-cv-content-item pt-cv-1-col\" ><div class='pt-cv-ifield'><h4 class=\"pt-cv-title\"><a href=\"https:\/\/www.tvnovelas.com.br\/tvnews\/eta-mundo-melhor-lourival-pede-uma-chance-a-dita-e-eles-se-beijam\/\" class=\"_blank\" target=\"_blank\" >\u00cata Mundo Melhor!: Lourival pede uma chance a Dita e eles se beijam<\/a><\/h4><\/div><\/div><\/div><\/div><\/div><br \/>\n&lt;h<\/p>\n<div style=\"font-size: 120%;\"><h3>Confira tamb\u00e9m<\/h3>\r\n<a href=\"https:\/\/tvnovelas.com.br\/novelas\/\" rel=\"noopener\" target=\"_blank\"><strong>Todos os resumos de novelas<\/strong><\/a><\/br>\r\n<a href=\"https:\/\/www.tvnovelas.com.br\/tvnews\/\" rel=\"noopener\" target=\"_blank\"><strong>\u00daltimas not\u00edcias das novelas<\/strong><\/a><\/br>\r\n<a href=\"https:\/\/www.tvnovelas.com.br\/filmes\/\" target=\"_blank\" rel=\"noopener noreferrer\"><strong>Programa\u00e7\u00e3o de filmes na TV aberta<\/strong><\/a><\/br>\r\n<a href=\"https:\/\/caetenews.com.br\/semana\/filmes-da-globo-na-sessao-da-tarde-desta-semana\/\" target=\"_blank\" rel=\"noopener\"><strong>Confira os filmes da semana na Sess\u00e3o da Tarde<\/strong><\/a><\/br>\r\n<a href=\"https:\/\/classindportal.mj.gov.br\/consulta-filmes\" target=\"_blank\" rel=\"noopener\"><strong>Consulte a classifica\u00e7\u00e3o indicativa dos filmes e novelas<\/strong><\/a><\/br><\/div>\n<h2>Sobre a novela:<\/h2>\n<p><a href=\"https:\/\/tvnovelas.com.br\/page2\/arquivo\/eta-mundo-melhor-a-volta-de-candinho-e-policarpo\/&quot;\" target=\"_blank\" rel=\"noopener\">\u00cata Mundo Melhor!: A volta de Candinho e Policarpo<\/a> (Sinopse)<br \/>\n<a href=\"https:\/\/pt.wikipedia.org\/wiki\/%C3%8Ata_Mundo_Melhor!\" target=\"_blank\" rel=\"noopener\">Sobre \u00cata Mundo Melhor!, na Wikipedia<\/a><\/p>\n","protected":false},"excerpt":{"rendered":"<p>\u00cata Mundo Melhor!: Candinho desmaia com not\u00edcia.. Em \u00cata Mundo Melhor!, Preso por causa de uma mentira contada por Simb\u00e1 (Arthur Yera), Policarpo est\u00e1 prestes a ser sacrificado ap\u00f3s decis\u00e3o da justi\u00e7a. O caso do burro preso \u00e9 tratado com seriedade e Candinho<\/p>\n","protected":false},"author":1,"featured_media":84723,"comment_status":"closed","ping_status":"closed","sticky":false,"template":"","format":"standard","meta":{"_uf_show_specific_survey":0,"_uf_disable_surveys":false,"_jetpack_memberships_contains_paid_content":false,"footnotes":"","_wp_rev_ctl_limit":""},"categories":[920],"tags":[921,5,64],"class_list":["post-84722","post","type-post","status-publish","format-standard","has-post-thumbnail","hentry","category-eta-mundo-melhor","tag-eta-mundo-melhor","tag-globo","tag-novelas","wpcat-920-id"],"aioseo_notices":[],"jetpack_featured_media_url":"https:\/\/i0.wp.com\/www.tvnovelas.com.br\/tvnews\/wp-content\/uploads\/2025\/10\/12294.jpg?fit=728%2C410&ssl=1","jetpack_shortlink":"https:\/\/wp.me\/pdP2BO-m2u","jetpack_sharing_enabled":true,"_links":{"self":[{"href":"https:\/\/www.tvnovelas.com.br\/tvnews\/wp-json\/wp\/v2\/posts\/84722","targetHints":{"allow":["GET"]}}],"collection":[{"href":"https:\/\/www.tvnovelas.com.br\/tvnews\/wp-json\/wp\/v2\/posts"}],"about":[{"href":"https:\/\/www.tvnovelas.com.br\/tvnews\/wp-json\/wp\/v2\/types\/post"}],"author":[{"embeddable":true,"href":"https:\/\/www.tvnovelas.com.br\/tvnews\/wp-json\/wp\/v2\/users\/1"}],"replies":[{"embeddable":true,"href":"https:\/\/www.tvnovelas.com.br\/tvnews\/wp-json\/wp\/v2\/comments?post=84722"}],"version-history":[{"count":1,"href":"https:\/\/www.tvnovelas.com.br\/tvnews\/wp-json\/wp\/v2\/posts\/84722\/revisions"}],"predecessor-version":[{"id":84724,"href":"https:\/\/www.tvnovelas.com.br\/tvnews\/wp-json\/wp\/v2\/posts\/84722\/revisions\/84724"}],"wp:featuredmedia":[{"embeddable":true,"href":"https:\/\/www.tvnovelas.com.br\/tvnews\/wp-json\/wp\/v2\/media\/84723"}],"wp:attachment":[{"href":"https:\/\/www.tvnovelas.com.br\/tvnews\/wp-json\/wp\/v2\/media?parent=84722"}],"wp:term":[{"taxonomy":"category","embeddable":true,"href":"https:\/\/www.tvnovelas.com.br\/tvnews\/wp-json\/wp\/v2\/categories?post=84722"},{"taxonomy":"post_tag","embeddable":true,"href":"https:\/\/www.tvnovelas.com.br\/tvnews\/wp-json\/wp\/v2\/tags?post=84722"}],"curies":[{"name":"wp","href":"https:\/\/api.w.org\/{rel}","templated":true}]}}