{"id":84756,"date":"2025-10-30T19:10:43","date_gmt":"2025-10-30T22:10:43","guid":{"rendered":"https:\/\/www.tvnovelas.com.br\/tvnews\/?p=84756"},"modified":"2025-10-30T19:11:13","modified_gmt":"2025-10-30T22:11:13","slug":"84756-2","status":"publish","type":"post","link":"https:\/\/www.tvnovelas.com.br\/tvnews\/84756-2\/","title":{"rendered":"M\u00e3e: Cengiz decide ir embora e abandona Sule"},"content":{"rendered":"<figure id=\"attachment_84757\" aria-describedby=\"caption-attachment-84757\" style=\"width: 728px\" class=\"wp-caption aligncenter\"><img data-recalc-dims=\"1\" decoding=\"async\" class=\"wp-image-84757 size-full\" title=\"(Foto: Record TV\/M\u00e3e)\" src=\"https:\/\/i0.wp.com\/www.tvnovelas.com.br\/tvnews\/wp-content\/uploads\/2025\/10\/12300.jpg?resize=728%2C411&#038;ssl=1\" alt=\"Foto em M\u00e3e: Cengiz decide ir embora e abandona Sule \" width=\"728\" height=\"411\" srcset=\"https:\/\/i0.wp.com\/www.tvnovelas.com.br\/tvnews\/wp-content\/uploads\/2025\/10\/12300.jpg?w=728&amp;ssl=1 728w, https:\/\/i0.wp.com\/www.tvnovelas.com.br\/tvnews\/wp-content\/uploads\/2025\/10\/12300.jpg?resize=250%2C141&amp;ssl=1 250w\" sizes=\"(max-width: 728px) 100vw, 728px\" \/><figcaption id=\"caption-attachment-84757\" class=\"wp-caption-text\">M\u00e3e: Cengiz decide ir embora e abandona Sule<\/figcaption><\/figure>\n<p>No cap\u00edtulo da novela M\u00e3e, desta quinta, dia 30, Gamze e Duru chegam para visitar Zeynep e s\u00e3o surpreendidas ao ver Turna\/Melek. A presen\u00e7a da menina levanta questionamentos entre as irm\u00e3s. No di\u00e1logo, Zeynep tenta manter a calma, mas sente que a verdade est\u00e1 cada vez mais pr\u00f3xima de vir \u00e0 tona.<\/p>\n<p>Ainda no mesmo cap\u00edtulo, incomodado com a vigil\u00e2ncia de Ali, Cengiz decide confrontar o jornalista, que o pressiona sobre como a menina saiu sozinha de casa. Acuado, o padrasto de Melek reage com agressividade. Mais tarde, com medo das consequ\u00eancias, Cengiz decide ir embora, mas Sule , sem rumo, implora para n\u00e3o ser abandonada.<\/p>\n<p>Ap\u00f3s falar com o padrasto de Melek, Ali tamb\u00e9m procura Zeynep e afirma que precisa conversar sobre a menina desaparecida. Em meio ao caos, Zeynep sai em busca de trabalho e Turna\/Melek, debilitada, procura Gonul em busca de ajuda.<\/p>\n<p>Ao retornar ao hotel, Zeynep se assusta ao ver que Turna\/Melek n\u00e3o est\u00e1 no quarto. O desaparecimento da menina reacende o p\u00e2nico na professora.<\/p>\n<p>M\u00e3e, vai ao ar de segunda a sexta-feira, \u00e0s 21h, na RECORD.<\/p>\n<p>A Comunica\u00e7\u00e3o RECORD est\u00e1 nas redes sociais:<\/p>\n<p>Confira o resumo do cap\u00edtulo de hoje:<\/p>\n<h2 style=\"color: #016b61;\">Resumo de quinta-feira, 30 de outubro<\/h2>\n<p>Gamze e Duru chegam para visitar Zeynep e ficam espantadas ao verem Turna\/Melek. Cengiz n\u00e3o suporta ser vigiado por Ali e fala com o jornalista. Durante a conversa, Ali questiona sobre o fato de a menina ter sa\u00eddo sozinha de casa e Cengiz fica agressivo. Mais tarde, o jornalista procura Zeynep e diz que precisa falar sobre a menina desaparecida. Zeynep procura trabalho, Turna\/Melek fica doente e procura Gonul. Cengiz decide ir embora, mas Sule implora para n\u00e3o ser abandonada. Zeynep volta ao hotel e se assusta quando percebe que a \u201cfilha\u201d n\u00e3o est\u00e1 no quarto.<\/p>\n<p><!--FIM--><\/p>\n<h2>Saiba mais<\/h2>\n<p><a href=\"https:\/\/tvnovelas.com.br\/novelas\/resumos-de-novela-mae\/\" target=\"_blank\" rel=\"noopener\">Resumos dos cap\u00edtulos da semana<\/a><br \/>\n<a href=\"https:\/\/wp.me\/pfspD2-VN\" target=\"_blank\" rel=\"noopener\">M\u00e3e: Resgatando uma crian\u00e7a da viol\u00eancia<\/a><br \/>\n<div class=\"pt-cv-wrapper\"><h2 class='pt-cv-heading-container heading2' data-blockid='759454f593'><span class='pt-cv-heading'> \u00daltimas da Novela <\/span><\/h2><div class=\"pt-cv-view pt-cv-grid pt-cv-colsys\" id=\"pt-cv-view-759454f593\"><div data-id=\"pt-cv-page-1\" class=\"pt-cv-page\" data-cvc=\"1\"><div class=\"col-md-12 col-sm-12 col-xs-12 pt-cv-content-item pt-cv-1-col\" ><div class='pt-cv-ifield'><h4 class=\"pt-cv-title\"><a href=\"https:\/\/www.tvnovelas.com.br\/tvnews\/mae-o-destino-final-de-melek-e-zeynep\/\" class=\"_self\" target=\"_self\" >M\u00e3e: O destino final de Melek e Zeynep<\/a><\/h4><\/div><\/div>\n<div class=\"col-md-12 col-sm-12 col-xs-12 pt-cv-content-item pt-cv-1-col\" ><div class='pt-cv-ifield'><h4 class=\"pt-cv-title\"><a href=\"https:\/\/www.tvnovelas.com.br\/tvnews\/mae-zeynep-enfrenta-cengiz\/\" class=\"_self\" target=\"_self\" >M\u00e3e: Zeynep enfrenta Cengiz<\/a><\/h4><\/div><\/div>\n<div class=\"col-md-12 col-sm-12 col-xs-12 pt-cv-content-item pt-cv-1-col\" ><div class='pt-cv-ifield'><h4 class=\"pt-cv-title\"><a href=\"https:\/\/www.tvnovelas.com.br\/tvnews\/mae-cengiz-e-preso-sob-a-acusacao-de-assassinato\/\" class=\"_self\" target=\"_self\" >M\u00e3e: Cengiz \u00e9 preso sob a acusa\u00e7\u00e3o de assassinato<\/a><\/h4><\/div><\/div>\n<div class=\"col-md-12 col-sm-12 col-xs-12 pt-cv-content-item pt-cv-1-col\" ><div class='pt-cv-ifield'><h4 class=\"pt-cv-title\"><a href=\"https:\/\/www.tvnovelas.com.br\/tvnews\/mae-cengiz-assina-documento-renunciando-a-guarda-dos-filhos\/\" class=\"_self\" target=\"_self\" >M\u00e3e: Cengiz assina documento renunciando \u00e0 guarda dos filhos<\/a><\/h4><\/div><\/div>\n<div class=\"col-md-12 col-sm-12 col-xs-12 pt-cv-content-item pt-cv-1-col\" ><div class='pt-cv-ifield'><h4 class=\"pt-cv-title\"><a href=\"https:\/\/www.tvnovelas.com.br\/tvnews\/mae-cengiz-pode-estar-com-os-dias-contados\/\" class=\"_self\" target=\"_self\" >M\u00e3e: Cengiz pode estar com os dias contados<\/a><\/h4><\/div><\/div><\/div><\/div><\/div><br \/>\n&lt;h<\/p>\n<div style=\"font-size: 120%;\"><h3>Confira tamb\u00e9m<\/h3>\r\n<a href=\"https:\/\/tvnovelas.com.br\/novelas\/\" rel=\"noopener\" target=\"_blank\"><strong>Todos os resumos de novelas<\/strong><\/a><\/br>\r\n<a href=\"https:\/\/www.tvnovelas.com.br\/tvnews\/\" rel=\"noopener\" target=\"_blank\"><strong>\u00daltimas not\u00edcias das novelas<\/strong><\/a><\/br>\r\n<a href=\"https:\/\/www.tvnovelas.com.br\/filmes\/\" target=\"_blank\" rel=\"noopener noreferrer\"><strong>Programa\u00e7\u00e3o de filmes na TV aberta<\/strong><\/a><\/br>\r\n<a href=\"https:\/\/caetenews.com.br\/semana\/filmes-da-globo-na-sessao-da-tarde-desta-semana\/\" target=\"_blank\" rel=\"noopener\"><strong>Confira os filmes da semana na Sess\u00e3o da Tarde<\/strong><\/a><\/br>\r\n<a href=\"https:\/\/classindportal.mj.gov.br\/consulta-filmes\" target=\"_blank\" rel=\"noopener\"><strong>Consulte a classifica\u00e7\u00e3o indicativa dos filmes e novelas<\/strong><\/a><\/br><\/div>\n","protected":false},"excerpt":{"rendered":"<p>M\u00e3e: Cengiz decide ir embora&#8230; No cap\u00edtulo da novela M\u00e3e, desta quinta, dia 30, Gamze e Duru chegam para visitar Zeynep e s\u00e3o surpreendidas&#8230;<\/p>\n","protected":false},"author":1,"featured_media":84757,"comment_status":"closed","ping_status":"closed","sticky":false,"template":"","format":"standard","meta":{"_uf_show_specific_survey":0,"_uf_disable_surveys":false,"_jetpack_memberships_contains_paid_content":false,"footnotes":"","_wp_rev_ctl_limit":""},"categories":[1012],"tags":[1013,64,14],"class_list":["post-84756","post","type-post","status-publish","format-standard","has-post-thumbnail","hentry","category-mae","tag-mae","tag-novelas","tag-record","wpcat-1012-id"],"aioseo_notices":[],"jetpack_featured_media_url":"https:\/\/i0.wp.com\/www.tvnovelas.com.br\/tvnews\/wp-content\/uploads\/2025\/10\/12300.jpg?fit=728%2C411&ssl=1","jetpack_shortlink":"https:\/\/wp.me\/pdP2BO-m32","jetpack_sharing_enabled":true,"_links":{"self":[{"href":"https:\/\/www.tvnovelas.com.br\/tvnews\/wp-json\/wp\/v2\/posts\/84756","targetHints":{"allow":["GET"]}}],"collection":[{"href":"https:\/\/www.tvnovelas.com.br\/tvnews\/wp-json\/wp\/v2\/posts"}],"about":[{"href":"https:\/\/www.tvnovelas.com.br\/tvnews\/wp-json\/wp\/v2\/types\/post"}],"author":[{"embeddable":true,"href":"https:\/\/www.tvnovelas.com.br\/tvnews\/wp-json\/wp\/v2\/users\/1"}],"replies":[{"embeddable":true,"href":"https:\/\/www.tvnovelas.com.br\/tvnews\/wp-json\/wp\/v2\/comments?post=84756"}],"version-history":[{"count":2,"href":"https:\/\/www.tvnovelas.com.br\/tvnews\/wp-json\/wp\/v2\/posts\/84756\/revisions"}],"predecessor-version":[{"id":84759,"href":"https:\/\/www.tvnovelas.com.br\/tvnews\/wp-json\/wp\/v2\/posts\/84756\/revisions\/84759"}],"wp:featuredmedia":[{"embeddable":true,"href":"https:\/\/www.tvnovelas.com.br\/tvnews\/wp-json\/wp\/v2\/media\/84757"}],"wp:attachment":[{"href":"https:\/\/www.tvnovelas.com.br\/tvnews\/wp-json\/wp\/v2\/media?parent=84756"}],"wp:term":[{"taxonomy":"category","embeddable":true,"href":"https:\/\/www.tvnovelas.com.br\/tvnews\/wp-json\/wp\/v2\/categories?post=84756"},{"taxonomy":"post_tag","embeddable":true,"href":"https:\/\/www.tvnovelas.com.br\/tvnews\/wp-json\/wp\/v2\/tags?post=84756"}],"curies":[{"name":"wp","href":"https:\/\/api.w.org\/{rel}","templated":true}]}}