{"id":84769,"date":"2025-10-31T09:26:00","date_gmt":"2025-10-31T12:26:00","guid":{"rendered":"https:\/\/www.tvnovelas.com.br\/tvnews\/?p=84769"},"modified":"2025-10-31T09:26:00","modified_gmt":"2025-10-31T12:26:00","slug":"tres-gracas-ferette-decide-ir-atras-de-gerluce","status":"publish","type":"post","link":"https:\/\/www.tvnovelas.com.br\/tvnews\/tres-gracas-ferette-decide-ir-atras-de-gerluce\/","title":{"rendered":"Tr\u00eas Gra\u00e7as: Ferette decide ir atr\u00e1s de Gerluce"},"content":{"rendered":"<figure id=\"attachment_84770\" aria-describedby=\"caption-attachment-84770\" style=\"width: 728px\" class=\"wp-caption aligncenter\"><img data-recalc-dims=\"1\" decoding=\"async\" class=\"wp-image-84770 size-full\" title=\"(Foto: TV Globo\/Tr\u00eas Gra\u00e7as)\" src=\"https:\/\/i0.wp.com\/www.tvnovelas.com.br\/tvnews\/wp-content\/uploads\/2025\/10\/12303.jpg?resize=728%2C410&#038;ssl=1\" alt=\"Foto em Tr\u00eas Gra\u00e7as: Ferette decide ir atr\u00e1s de Gerluce\" width=\"728\" height=\"410\" srcset=\"https:\/\/i0.wp.com\/www.tvnovelas.com.br\/tvnews\/wp-content\/uploads\/2025\/10\/12303.jpg?w=728&amp;ssl=1 728w, https:\/\/i0.wp.com\/www.tvnovelas.com.br\/tvnews\/wp-content\/uploads\/2025\/10\/12303.jpg?resize=250%2C141&amp;ssl=1 250w\" sizes=\"(max-width: 728px) 100vw, 728px\" \/><figcaption id=\"caption-attachment-84770\" class=\"wp-caption-text\">Tr\u00eas Gra\u00e7as: Ferette decide ir atr\u00e1s de Gerluce<\/figcaption><\/figure>\n<p>Em Tr\u00eas Gra\u00e7as, h\u00e1 muito tempo que Ferette (Murilo Ben\u00edcio) desconfia de Gerluce (Sophie Charlote). Agora, que a cuidadora da dona Josefa (Arlete Salles) flagrou a conversa dele com Arminda (Grazi Massafera), suas suspeitas v\u00e3o aumentar.<\/p>\n<p>Apesar de Arminda achar que sua funcion\u00e1ria n\u00e3o representa risco para os neg\u00f3cios nefastos dos dois, Ferette n\u00e3o concorda e decide investigar Gerluce. E, para um trabalho deste tipo, ningu\u00e9m melhor que seu capanga, Macedo (Rodrigo Garc\u00eda).<\/p>\n<p>\u201cEu quero saber tudo e mais um pouco de uma tal de Gerluce, que trabalha l\u00e1 na casa da Arminda. Trate de providenciar para ontem\u201d, ordena ele.<\/p>\n<p>O pior de tudo \u00e9 que Ferette est\u00e1 certo em suas desconfian\u00e7as. Sem querer, Gerluce ouviu uma conversa dele com Arminda e descobriu o plano dos dois para acabar com Josefa. E, pior, ainda confirmou suas desconfian\u00e7as sobre os falsos rem\u00e9dios que est\u00e3o sendo distribu\u00eddos na farm\u00e1cia da Funda\u00e7\u00e3o Ferette na Comunidade da Chacrinha.<\/p>\n<p>A cuidadora \u00e9 flagrada pela dupla de vil\u00f5es, mas mente que n\u00e3o escutou nada. Ferette e Arminda tocam o terror em Gerluce e chegam a amea\u00e7ar a jovem, mas ela \u00e9 &#8220;salva&#8221; por Josefa, que a chama bem na hora.<\/p>\n<p>&#8220;Acho que esta burra n\u00e3o ouviu nada, n\u00e3o. E se ouviu n\u00e3o assimilou&#8221;, diz Arminda, ap\u00f3s Gerluce sair.<\/p>\n<p>&#8220;Arminda, deixa de ser ing\u00eanua. Pelas respostas que ela deu, de boba n\u00e3o tem nada. \u00c9 claro que ela ouviu alguma coisa. Resta saber o qu\u00ea&#8221;, alerta Ferette.<\/p>\n<p>Abre o olho, Gerluce! Misael (Belo) j\u00e1 andou abrindo o bico sobre estes medicamentos depois da morte de sua esposa e isso quase lhe valeu a vida.<br \/>\n<!--FIM--><br \/>\n<div class=\"pt-cv-wrapper\"><h2 class='pt-cv-heading-container heading2' data-blockid='aa8cb49py2'><span class='pt-cv-heading'> \u00daltimas da Novela <\/span><\/h2><div class=\"pt-cv-view pt-cv-grid pt-cv-colsys\" id=\"pt-cv-view-aa8cb49py2\"><div data-id=\"pt-cv-page-1\" class=\"pt-cv-page\" data-cvc=\"1\"><div class=\"col-md-12 col-sm-12 col-xs-12 pt-cv-content-item pt-cv-1-col\" ><div class='pt-cv-ifield'><h4 class=\"pt-cv-title\"><a href=\"https:\/\/www.tvnovelas.com.br\/tvnews\/tres-gracas-joaquim-propoe-fuga-a-arminda-com-o-dinheiro-das-tres-gracas\/\" class=\"_self\" target=\"_self\" >Tr\u00eas Gra\u00e7as:  Joaquim prop\u00f5e fuga a Arminda com o dinheiro das Tr\u00eas Gra\u00e7as<\/a><\/h4><\/div><\/div>\n<div class=\"col-md-12 col-sm-12 col-xs-12 pt-cv-content-item pt-cv-1-col\" ><div class='pt-cv-ifield'><h4 class=\"pt-cv-title\"><a href=\"https:\/\/www.tvnovelas.com.br\/tvnews\/tres-gracas-bagda-e-preso-por-juquinha\/\" class=\"_self\" target=\"_self\" >Tr\u00eas Gra\u00e7as:  Bagd\u00e1 \u00e9 preso por Juquinha<\/a><\/h4><\/div><\/div>\n<div class=\"col-md-12 col-sm-12 col-xs-12 pt-cv-content-item pt-cv-1-col\" ><div class='pt-cv-ifield'><h4 class=\"pt-cv-title\"><a href=\"https:\/\/www.tvnovelas.com.br\/tvnews\/os-resumos-de-tres-gracas-da-semana-27-4-a-02-de-maio\/\" class=\"_self\" target=\"_self\" >Os resumos de Tr\u00eas Gra\u00e7as da semana 27\/4 a 02 de maio<\/a><\/h4><\/div><\/div><\/div><\/div><\/div><\/p>\n<h2>Saiba mais<\/h2>\n<p><a href=\"https:\/\/tvnovelas.com.br\/novelas\/resumos-de-tres-gracas\/\" target=\"_blank\" rel=\"noopener\">Tr\u00eas Gra\u00e7as: Resumos dos cap\u00edtulos da semana<\/a><br \/>\n<a href=\"https:\/\/tvnovelas.com.br\/page2\/arquivo\/tres-gracas-aluta-para-nao-perder-a-esperanca\/\" target=\"_blank\" rel=\"noopener\">&#8216;Tr\u00eas Gra\u00e7as\u2019, a luta para n\u00e3o perder a esperan\u00e7a<\/a> (Sinopse)<br \/>\n<a href=\"https:\/\/www.tvnovelas.com.br\/tvnews\/tres-gracas-as-tres-gracas-e-suas-adversidades\/\" target=\"_blank\" rel=\"noopener\">Tr\u00eas Gra\u00e7as: As tr\u00eas Gra\u00e7as e suas adversidades<\/a><\/p>\n<div style=\"font-size: 120%;\"><h3>Confira tamb\u00e9m<\/h3>\r\n<a href=\"https:\/\/tvnovelas.com.br\/novelas\/\" rel=\"noopener\" target=\"_blank\"><strong>Todos os resumos de novelas<\/strong><\/a><\/br>\r\n<a href=\"https:\/\/www.tvnovelas.com.br\/tvnews\/\" rel=\"noopener\" target=\"_blank\"><strong>\u00daltimas not\u00edcias das novelas<\/strong><\/a><\/br>\r\n<a href=\"https:\/\/www.tvnovelas.com.br\/filmes\/\" target=\"_blank\" rel=\"noopener noreferrer\"><strong>Programa\u00e7\u00e3o de filmes na TV aberta<\/strong><\/a><\/br>\r\n<a href=\"https:\/\/caetenews.com.br\/semana\/filmes-da-globo-na-sessao-da-tarde-desta-semana\/\" target=\"_blank\" rel=\"noopener\"><strong>Confira os filmes da semana na Sess\u00e3o da Tarde<\/strong><\/a><\/br>\r\n<a href=\"https:\/\/classindportal.mj.gov.br\/consulta-filmes\" target=\"_blank\" rel=\"noopener\"><strong>Consulte a classifica\u00e7\u00e3o indicativa dos filmes e novelas<\/strong><\/a><\/br><\/div>\n","protected":false},"excerpt":{"rendered":"<p>Tr\u00eas Gra\u00e7as: Ferette decide ir atr\u00e1s de Gerluce&#8230; Em Tr\u00eas Gra\u00e7as, h\u00e1 muito tempo que Ferette (Murilo Ben\u00edcio) desconfia de Gerluce&#8230;<\/p>\n","protected":false},"author":1,"featured_media":84770,"comment_status":"closed","ping_status":"closed","sticky":false,"template":"","format":"standard","meta":{"_uf_show_specific_survey":0,"_uf_disable_surveys":false,"_jetpack_memberships_contains_paid_content":false,"footnotes":"","_wp_rev_ctl_limit":""},"categories":[1006],"tags":[5,64,1007],"class_list":["post-84769","post","type-post","status-publish","format-standard","has-post-thumbnail","hentry","category-tres-gracas","tag-globo","tag-novelas","tag-tres-gracas","wpcat-1006-id"],"aioseo_notices":[],"jetpack_featured_media_url":"https:\/\/i0.wp.com\/www.tvnovelas.com.br\/tvnews\/wp-content\/uploads\/2025\/10\/12303.jpg?fit=728%2C410&ssl=1","jetpack_shortlink":"https:\/\/wp.me\/pdP2BO-m3f","jetpack_sharing_enabled":true,"_links":{"self":[{"href":"https:\/\/www.tvnovelas.com.br\/tvnews\/wp-json\/wp\/v2\/posts\/84769","targetHints":{"allow":["GET"]}}],"collection":[{"href":"https:\/\/www.tvnovelas.com.br\/tvnews\/wp-json\/wp\/v2\/posts"}],"about":[{"href":"https:\/\/www.tvnovelas.com.br\/tvnews\/wp-json\/wp\/v2\/types\/post"}],"author":[{"embeddable":true,"href":"https:\/\/www.tvnovelas.com.br\/tvnews\/wp-json\/wp\/v2\/users\/1"}],"replies":[{"embeddable":true,"href":"https:\/\/www.tvnovelas.com.br\/tvnews\/wp-json\/wp\/v2\/comments?post=84769"}],"version-history":[{"count":1,"href":"https:\/\/www.tvnovelas.com.br\/tvnews\/wp-json\/wp\/v2\/posts\/84769\/revisions"}],"predecessor-version":[{"id":84771,"href":"https:\/\/www.tvnovelas.com.br\/tvnews\/wp-json\/wp\/v2\/posts\/84769\/revisions\/84771"}],"wp:featuredmedia":[{"embeddable":true,"href":"https:\/\/www.tvnovelas.com.br\/tvnews\/wp-json\/wp\/v2\/media\/84770"}],"wp:attachment":[{"href":"https:\/\/www.tvnovelas.com.br\/tvnews\/wp-json\/wp\/v2\/media?parent=84769"}],"wp:term":[{"taxonomy":"category","embeddable":true,"href":"https:\/\/www.tvnovelas.com.br\/tvnews\/wp-json\/wp\/v2\/categories?post=84769"},{"taxonomy":"post_tag","embeddable":true,"href":"https:\/\/www.tvnovelas.com.br\/tvnews\/wp-json\/wp\/v2\/tags?post=84769"}],"curies":[{"name":"wp","href":"https:\/\/api.w.org\/{rel}","templated":true}]}}