{"id":84777,"date":"2025-10-31T11:30:15","date_gmt":"2025-10-31T14:30:15","guid":{"rendered":"https:\/\/www.tvnovelas.com.br\/tvnews\/?p=84777"},"modified":"2025-10-31T11:30:15","modified_gmt":"2025-10-31T14:30:15","slug":"a-mar-brisa-da-bofetada-em-marina","status":"publish","type":"post","link":"https:\/\/www.tvnovelas.com.br\/tvnews\/a-mar-brisa-da-bofetada-em-marina\/","title":{"rendered":"A.Mar: Brisa d\u00e1 bofetada em Marina"},"content":{"rendered":"<figure id=\"attachment_84778\" aria-describedby=\"caption-attachment-84778\" style=\"width: 728px\" class=\"wp-caption aligncenter\"><img data-recalc-dims=\"1\" decoding=\"async\" class=\"wp-image-84778 size-full\" title=\"(Foto: SBT\/Televisa\/A.Mar)\" src=\"https:\/\/i0.wp.com\/www.tvnovelas.com.br\/tvnews\/wp-content\/uploads\/2025\/10\/12305.jpg?resize=728%2C409&#038;ssl=1\" alt=\"Foto em A.Mar: Brisa d\u00e1 bofetada em Marina\" width=\"728\" height=\"409\" srcset=\"https:\/\/i0.wp.com\/www.tvnovelas.com.br\/tvnews\/wp-content\/uploads\/2025\/10\/12305.jpg?w=728&amp;ssl=1 728w, https:\/\/i0.wp.com\/www.tvnovelas.com.br\/tvnews\/wp-content\/uploads\/2025\/10\/12305.jpg?resize=250%2C140&amp;ssl=1 250w\" sizes=\"(max-width: 728px) 100vw, 728px\" \/><figcaption id=\"caption-attachment-84778\" class=\"wp-caption-text\">A.Mar: Brisa d\u00e1 bofetada em Marina<\/figcaption><\/figure>\n<p>No cap\u00edtulo de A.Mar desta sexta, dia 31, Brisa, furiosa, d\u00e1 uma bofetada em Marina e diz que, por culpa dela, Gabriel terminou o noivado. Marina responde que n\u00e3o sabia de nada.<\/p>\n<p>Gabriel, por sua vez, explica a Eder que n\u00e3o tinha certeza se queria se casar com Brisa e, por isso, terminou o relacionamento.<\/p>\n<p>Eder pergunta se \u00e9 por causa de Marina, e Gabriel responde que tinha decidido se casar para apoi\u00e1-la, mas que isso n\u00e3o \u00e9 amor, e ele n\u00e3o a ama.<\/p>\n<p>Confira o resumo do cap\u00edtulo de hoje:<\/p>\n<h2 style=\"color: #016b61;\">Resumo de sexta-feira, 31 de outubro<\/h2>\n<p>Edwiges diz a Marina que a mulher fez outro pingente igual ao que ela tem e comentou que eram para suas filhas; Marina se emociona ao supor que tem uma irm\u00e3. \u00c9rika liga para S\u00e9rgio para dizer-lhe que Estrela teve uma filha dele. Azul diz \u00e0 m\u00e3e que n\u00e3o quer conhecer o pai porque ele se comportou mal com elas. Juan Jos\u00e9 diz a S\u00e9rgio que, se Estrela teve uma filha dele, seu pai lhe daria o controle das empresas. S\u00e9rgio responde que n\u00e3o se lembra de tal Estrela e que seu pai quer que ele se case e forme um lar. Estrela se surpreende ao ver S\u00e9rgio; ele, sem nenhum tato, revela saber que ela tem uma filha e quer uma prova de DNA para saber se \u00e9 dele. Estrela, furiosa, responde que ele n\u00e3o tem direito de exigir nada e manda ir embora. S\u00e9rgio diz que sabe que ela tem uma d\u00edvida enorme; Estrela responde que, ainda assim, n\u00e3o quer nada dele. Brisa comenta com Gabriel que em sete dias se casar\u00e3o; Gabriel responde que n\u00e3o quer mago\u00e1-la, mas que n\u00e3o podem se casar. Azul diz a S\u00e9rgio que sua m\u00e3e n\u00e3o sabia que ela o havia chamado porque queria conhec\u00ea-lo, mas que agora j\u00e1 n\u00e3o o quer como pai. Brisa, furiosa, d\u00e1 uma bofetada em Marina e diz que, por culpa dela, Gabriel terminou o noivado. Marina responde que n\u00e3o sabia de nada. Azul pergunta \u00e0 m\u00e3e se ela ainda gosta do pai. \u00c9rika comenta com Teresinha que S\u00e9rgio foi procurar Estrela e que, com certeza, vai pagar a d\u00edvida e lev\u00e1-la embora, assim, Fabian ficar\u00e1 livre. Gabriel explica a Eder que n\u00e3o tinha certeza se queria se casar com Brisa e, por isso, terminou o relacionamento. Eder pergunta se \u00e9 por causa de Marina, e Gabriel responde que tinha decidido se casar para apoi\u00e1-la, mas que isso n\u00e3o \u00e9 amor, e ele n\u00e3o a ama.<br \/>\n<!--FIM--><br \/>\n<a href=\"https:\/\/tvnovelas.com.br\/novelas\/resumo-de-novelas-a-mar\/\" target=\"_blank\" rel=\"noopener\">Resumos dos cap\u00edtulos da semana de A.Mar<\/a><br \/>\n<div class=\"pt-cv-wrapper\"><h2 class='pt-cv-heading-container heading2' data-blockid='ab488fdp2g'><span class='pt-cv-heading'> \u00daltimas da Novela <\/span><\/h2><div class=\"pt-cv-view pt-cv-grid pt-cv-colsys\" id=\"pt-cv-view-ab488fdp2g\"><div data-id=\"pt-cv-page-1\" class=\"pt-cv-page\" data-cvc=\"1\"><div class=\"col-md-12 col-sm-12 col-xs-12 pt-cv-content-item pt-cv-1-col\" ><div class='pt-cv-ifield'><h4 class=\"pt-cv-title\"><a href=\"https:\/\/www.tvnovelas.com.br\/tvnews\/a-mar-estrela-reune-moradores-para-barrar-maquinario-de-sergio\/\" class=\"_self\" target=\"_self\" >A.Mar: Estrela re\u00fane moradores para barrar m\u00e1quin\u00e1rio de S\u00e9rgio<\/a><\/h4><\/div><\/div>\n<div class=\"col-md-12 col-sm-12 col-xs-12 pt-cv-content-item pt-cv-1-col\" ><div class='pt-cv-ifield'><h4 class=\"pt-cv-title\"><a href=\"https:\/\/www.tvnovelas.com.br\/tvnews\/a-mar-erika-inocenta-fabian-e-ulises\/\" class=\"_self\" target=\"_self\" >A.Mar: \u00c9rika inocenta Fabian e Ulises<\/a><\/h4><\/div><\/div>\n<div class=\"col-md-12 col-sm-12 col-xs-12 pt-cv-content-item pt-cv-1-col\" ><div class='pt-cv-ifield'><h4 class=\"pt-cv-title\"><a href=\"https:\/\/www.tvnovelas.com.br\/tvnews\/a-mar-erika-confessa-a-fabian-que-mentiu-sobre-gravidez\/\" class=\"_self\" target=\"_self\" >A.Mar: \u00c9rika confessa a Fabian que mentiu sobre gravidez<\/a><\/h4><\/div><\/div><\/div><\/div><\/div><\/p>\n<div style=\"font-size: 120%;\"><h3>Confira tamb\u00e9m<\/h3>\r\n<a href=\"https:\/\/tvnovelas.com.br\/novelas\/\" rel=\"noopener\" target=\"_blank\"><strong>Todos os resumos de novelas<\/strong><\/a><\/br>\r\n<a href=\"https:\/\/www.tvnovelas.com.br\/tvnews\/\" rel=\"noopener\" target=\"_blank\"><strong>\u00daltimas not\u00edcias das novelas<\/strong><\/a><\/br>\r\n<a href=\"https:\/\/www.tvnovelas.com.br\/filmes\/\" target=\"_blank\" rel=\"noopener noreferrer\"><strong>Programa\u00e7\u00e3o de filmes na TV aberta<\/strong><\/a><\/br>\r\n<a href=\"https:\/\/caetenews.com.br\/semana\/filmes-da-globo-na-sessao-da-tarde-desta-semana\/\" target=\"_blank\" rel=\"noopener\"><strong>Confira os filmes da semana na Sess\u00e3o da Tarde<\/strong><\/a><\/br>\r\n<a href=\"https:\/\/classindportal.mj.gov.br\/consulta-filmes\" target=\"_blank\" rel=\"noopener\"><strong>Consulte a classifica\u00e7\u00e3o indicativa dos filmes e novelas<\/strong><\/a><\/br><\/div>\n<p><a href=\"https:\/\/tvnovelas.com.br\/page2\/arquivo\/a-mar-conflitos-tragedia-e-drama-na-historia-de-estrela\/\" target=\"_blank\" rel=\"noopener\">A.Mar: Conhe\u00e7a a hist\u00f3ria da novela<\/a><\/p>\n","protected":false},"excerpt":{"rendered":"<p>A.Mar: Brisa d\u00e1 bofetada em Marina&#8230; No cap\u00edtulo de A.Mar desta sexta, dia 31, Brisa, furiosa, d\u00e1 uma bofetada em Marina e diz que, por culpa dela&#8230;<\/p>\n","protected":false},"author":1,"featured_media":84778,"comment_status":"closed","ping_status":"closed","sticky":false,"template":"","format":"standard","meta":{"_uf_show_specific_survey":0,"_uf_disable_surveys":false,"_jetpack_memberships_contains_paid_content":false,"footnotes":"","_wp_rev_ctl_limit":""},"categories":[1003],"tags":[1004,1016,64,1018,13],"class_list":["post-84777","post","type-post","status-publish","format-standard","has-post-thumbnail","hentry","category-a-mar","tag-a-mar","tag-brisa","tag-novelas","tag-pingente","tag-sbt","wpcat-1003-id"],"aioseo_notices":[],"jetpack_featured_media_url":"https:\/\/i0.wp.com\/www.tvnovelas.com.br\/tvnews\/wp-content\/uploads\/2025\/10\/12305.jpg?fit=728%2C409&ssl=1","jetpack_shortlink":"https:\/\/wp.me\/pdP2BO-m3n","jetpack_sharing_enabled":true,"_links":{"self":[{"href":"https:\/\/www.tvnovelas.com.br\/tvnews\/wp-json\/wp\/v2\/posts\/84777","targetHints":{"allow":["GET"]}}],"collection":[{"href":"https:\/\/www.tvnovelas.com.br\/tvnews\/wp-json\/wp\/v2\/posts"}],"about":[{"href":"https:\/\/www.tvnovelas.com.br\/tvnews\/wp-json\/wp\/v2\/types\/post"}],"author":[{"embeddable":true,"href":"https:\/\/www.tvnovelas.com.br\/tvnews\/wp-json\/wp\/v2\/users\/1"}],"replies":[{"embeddable":true,"href":"https:\/\/www.tvnovelas.com.br\/tvnews\/wp-json\/wp\/v2\/comments?post=84777"}],"version-history":[{"count":2,"href":"https:\/\/www.tvnovelas.com.br\/tvnews\/wp-json\/wp\/v2\/posts\/84777\/revisions"}],"predecessor-version":[{"id":84780,"href":"https:\/\/www.tvnovelas.com.br\/tvnews\/wp-json\/wp\/v2\/posts\/84777\/revisions\/84780"}],"wp:featuredmedia":[{"embeddable":true,"href":"https:\/\/www.tvnovelas.com.br\/tvnews\/wp-json\/wp\/v2\/media\/84778"}],"wp:attachment":[{"href":"https:\/\/www.tvnovelas.com.br\/tvnews\/wp-json\/wp\/v2\/media?parent=84777"}],"wp:term":[{"taxonomy":"category","embeddable":true,"href":"https:\/\/www.tvnovelas.com.br\/tvnews\/wp-json\/wp\/v2\/categories?post=84777"},{"taxonomy":"post_tag","embeddable":true,"href":"https:\/\/www.tvnovelas.com.br\/tvnews\/wp-json\/wp\/v2\/tags?post=84777"}],"curies":[{"name":"wp","href":"https:\/\/api.w.org\/{rel}","templated":true}]}}