{"id":84826,"date":"2025-11-02T09:58:39","date_gmt":"2025-11-02T12:58:39","guid":{"rendered":"https:\/\/www.tvnovelas.com.br\/tvnews\/?p=84826"},"modified":"2025-11-02T09:58:39","modified_gmt":"2025-11-02T12:58:39","slug":"dona-de-mim-leo-decide-voltar-a-ser-baba-de-sofia","status":"publish","type":"post","link":"https:\/\/www.tvnovelas.com.br\/tvnews\/dona-de-mim-leo-decide-voltar-a-ser-baba-de-sofia\/","title":{"rendered":"Dona de Mim: Leo decide voltar a ser bab\u00e1 de Sofia"},"content":{"rendered":"<figure id=\"attachment_84827\" aria-describedby=\"caption-attachment-84827\" style=\"width: 728px\" class=\"wp-caption aligncenter\"><img data-recalc-dims=\"1\" decoding=\"async\" class=\"wp-image-84827 size-full\" title=\"(Foto: TV Globo\/Dona de Mim)\" src=\"https:\/\/i0.wp.com\/www.tvnovelas.com.br\/tvnews\/wp-content\/uploads\/2025\/11\/12315.jpg?resize=728%2C410&#038;ssl=1\" alt=\"Foto em Dona de Mim: Leo decide voltar a ser bab\u00e1 de Sofia\" width=\"728\" height=\"410\" srcset=\"https:\/\/i0.wp.com\/www.tvnovelas.com.br\/tvnews\/wp-content\/uploads\/2025\/11\/12315.jpg?w=728&amp;ssl=1 728w, https:\/\/i0.wp.com\/www.tvnovelas.com.br\/tvnews\/wp-content\/uploads\/2025\/11\/12315.jpg?resize=250%2C141&amp;ssl=1 250w\" sizes=\"(max-width: 728px) 100vw, 728px\" \/><figcaption id=\"caption-attachment-84827\" class=\"wp-caption-text\">Dona de Mim: Leo decide voltar a ser bab\u00e1 de Sofia<\/figcaption><\/figure>\n<p>Em Dona de Mim, Sofia (Elis Cabral) tem tido pesadelos e dificuldade de readapta\u00e7\u00e3o \u00e0 mans\u00e3o dos Boaz. Tanto que ir\u00e1 fugir de l\u00e1 com Rosa (Suely Franco). Diante da preocupa\u00e7\u00e3o e da dist\u00e2ncia da menina, Leo (Clara Moneke) vai tomar uma importante decis\u00e3o no cap\u00edtulo desta segunda-feira (3) de Dona de Mim. Para conseguir cuidar e proteger Sofia, Leo avisar\u00e1 que voltar\u00e1 a ser bab\u00e1 dela na mans\u00e3o. Vem saber mais!<\/p>\n<p>Quando a poeira baixar, Leo se dar\u00e1 conta de que n\u00e3o est\u00e1 conseguindo se dedicar a sua marca, a Leoa, nem a Sofia.<\/p>\n<p>\u201cVoc\u00ea dividida desse jeito, nem bem cuida da Sofia e nem d\u00e1 conta da Leoa\u201d, alerta a av\u00f3 de Leo.<\/p>\n<p>\u201cVoc\u00ea est\u00e1 certa, v\u00f3. Eu preciso fazer uma escolha e agir\u201d, afirma Leo.<\/p>\n<p>Depois, Leo ir\u00e1 at\u00e9 a mans\u00e3o para conversar com Filipa (Cl\u00e1udia Abreu) e chegar\u00e1 bem na hora em que ela estiver falando que n\u00e3o se considera em condi\u00e7\u00f5es de cuidar de Sofia, por n\u00e3o estar em seu estado normal por conta dos rem\u00e9dios que est\u00e1 tomando.<\/p>\n<p>\u201cEnquanto eu ainda tiver assim, acho que precisamos de algu\u00e9m pra ficar com a Sofia. Preciso reconhecer que n\u00e3o estou em condi\u00e7\u00f5es\u201d, diz Filipa.<\/p>\n<p>\u201cOi, Filipa, vim conversar justamente sobre isso. Eu quero voltar a ser a bab\u00e1 da Sofia\u201d, afirma Leo, decidida.<br \/>\n<!--FIM--><br \/>\n<a href=\"https:\/\/tvnovelas.com.br\/novelas\/resumos-de-dona-de-mim-da-proxima-semana\/\" target=\"_blank\" rel=\"noopener\">Resumos dos cap\u00edtulos de Dona de Mim<\/a><br \/>\n<div class=\"pt-cv-wrapper\"><h2 class='pt-cv-heading-container heading2' data-blockid='9b88c0b6t2'><span class='pt-cv-heading'> \u00daltimas da novela <\/span><\/h2><div class=\"pt-cv-view pt-cv-grid pt-cv-colsys\" id=\"pt-cv-view-9b88c0b6t2\"><div data-id=\"pt-cv-page-1\" class=\"pt-cv-page\" data-cvc=\"1\"><div class=\"col-md-12 col-sm-12 col-xs-12 pt-cv-content-item pt-cv-1-col\" ><div class='pt-cv-ifield'><h4 class=\"pt-cv-title\"><a href=\"https:\/\/www.tvnovelas.com.br\/tvnews\/dona-de-mim-abel-aparece-e-salva-sofia-do-incendio\/\" class=\"_blank\" target=\"_blank\" >Dona de Mim: Abel \u2018aparece&#8217; e salva Sofia do inc\u00eandio<\/a><\/h4><\/div><\/div>\n<div class=\"col-md-12 col-sm-12 col-xs-12 pt-cv-content-item pt-cv-1-col\" ><div class='pt-cv-ifield'><h4 class=\"pt-cv-title\"><a href=\"https:\/\/www.tvnovelas.com.br\/tvnews\/dona-de-mim-jaques-coloca-fogo-na-boaz\/\" class=\"_blank\" target=\"_blank\" >Dona de Mim: Jaques coloca fogo na Boaz<\/a><\/h4><\/div><\/div>\n<div class=\"col-md-12 col-sm-12 col-xs-12 pt-cv-content-item pt-cv-1-col\" ><div class='pt-cv-ifield'><h4 class=\"pt-cv-title\"><a href=\"https:\/\/www.tvnovelas.com.br\/tvnews\/dona-de-mim-davi-e-barbara-sofrem-grave-acidente\/\" class=\"_blank\" target=\"_blank\" >Dona de Mim: Davi e B\u00e1rbara sofrem grave acidente<\/a><\/h4><\/div><\/div><\/div><\/div><\/div><\/p>\n<div style=\"font-size: 150%;\"><h3>Confira tamb\u00e9m<\/h3>\r\n<a href=\"https:\/\/tvnovelas.com.br\/novelas\/\" rel=\"noopener\" target=\"_blank\"><strong>Todos os resumos de novelas<\/strong><\/a><\/br>\r\n<a href=\"https:\/\/www.tvnovelas.com.br\/tvnews\/\" rel=\"noopener\" target=\"_blank\"><strong>\u00daltimas not\u00edcias das novelas<\/strong><\/a><\/br>\r\n<a href=\"https:\/\/www.tvnovelas.com.br\/filmes\/\" target=\"_blank\" rel=\"noopener noreferrer\"><strong>Programa\u00e7\u00e3o de filmes na TV aberta<\/strong><\/a><\/br>\r\n<a href=\"https:\/\/caetenews.com.br\/semana\/filmes-da-globo-na-sessao-da-tarde-desta-semana\/\" target=\"_blank\" rel=\"noopener\"><strong>Confira os filmes da semana na Sess\u00e3o da Tarde<\/strong><\/a><\/br>\r\n<a href=\"https:\/\/classindportal.mj.gov.br\/consulta-filmes\" target=\"_blank\" rel=\"noopener\"><strong>Consulte a classifica\u00e7\u00e3o indicativa dos filmes e novelas<\/strong><\/a><\/br><\/div>\n","protected":false},"excerpt":{"rendered":"<p>Dona de Mim: Leo decide voltar a ser bab\u00e1 de Sofia&#8230; Em Dona de Mim, Sofia (Elis Cabral) tem tido pesadelos e dificuldade de readapta\u00e7\u00e3o \u00e0 mans\u00e3o&#8230;<\/p>\n","protected":false},"author":1,"featured_media":84827,"comment_status":"closed","ping_status":"closed","sticky":false,"template":"","format":"standard","meta":{"_uf_show_specific_survey":0,"_uf_disable_surveys":false,"_jetpack_memberships_contains_paid_content":false,"footnotes":"","_wp_rev_ctl_limit":""},"categories":[884],"tags":[883,5,64],"class_list":["post-84826","post","type-post","status-publish","format-standard","has-post-thumbnail","hentry","category-dona-de-mim","tag-dona-de-mim","tag-globo","tag-novelas","wpcat-884-id"],"aioseo_notices":[],"jetpack_featured_media_url":"https:\/\/i0.wp.com\/www.tvnovelas.com.br\/tvnews\/wp-content\/uploads\/2025\/11\/12315.jpg?fit=728%2C410&ssl=1","jetpack_shortlink":"https:\/\/wp.me\/pdP2BO-m4a","jetpack_sharing_enabled":true,"_links":{"self":[{"href":"https:\/\/www.tvnovelas.com.br\/tvnews\/wp-json\/wp\/v2\/posts\/84826","targetHints":{"allow":["GET"]}}],"collection":[{"href":"https:\/\/www.tvnovelas.com.br\/tvnews\/wp-json\/wp\/v2\/posts"}],"about":[{"href":"https:\/\/www.tvnovelas.com.br\/tvnews\/wp-json\/wp\/v2\/types\/post"}],"author":[{"embeddable":true,"href":"https:\/\/www.tvnovelas.com.br\/tvnews\/wp-json\/wp\/v2\/users\/1"}],"replies":[{"embeddable":true,"href":"https:\/\/www.tvnovelas.com.br\/tvnews\/wp-json\/wp\/v2\/comments?post=84826"}],"version-history":[{"count":1,"href":"https:\/\/www.tvnovelas.com.br\/tvnews\/wp-json\/wp\/v2\/posts\/84826\/revisions"}],"predecessor-version":[{"id":84828,"href":"https:\/\/www.tvnovelas.com.br\/tvnews\/wp-json\/wp\/v2\/posts\/84826\/revisions\/84828"}],"wp:featuredmedia":[{"embeddable":true,"href":"https:\/\/www.tvnovelas.com.br\/tvnews\/wp-json\/wp\/v2\/media\/84827"}],"wp:attachment":[{"href":"https:\/\/www.tvnovelas.com.br\/tvnews\/wp-json\/wp\/v2\/media?parent=84826"}],"wp:term":[{"taxonomy":"category","embeddable":true,"href":"https:\/\/www.tvnovelas.com.br\/tvnews\/wp-json\/wp\/v2\/categories?post=84826"},{"taxonomy":"post_tag","embeddable":true,"href":"https:\/\/www.tvnovelas.com.br\/tvnews\/wp-json\/wp\/v2\/tags?post=84826"}],"curies":[{"name":"wp","href":"https:\/\/api.w.org\/{rel}","templated":true}]}}