{"id":84893,"date":"2025-11-05T10:43:22","date_gmt":"2025-11-05T13:43:22","guid":{"rendered":"https:\/\/www.tvnovelas.com.br\/tvnews\/?p=84893"},"modified":"2025-11-05T10:43:22","modified_gmt":"2025-11-05T13:43:22","slug":"mae-gonul-revoltada-confronta-ali","status":"publish","type":"post","link":"https:\/\/www.tvnovelas.com.br\/tvnews\/mae-gonul-revoltada-confronta-ali\/","title":{"rendered":"M\u00e3e: Gonul revoltada confronta Ali"},"content":{"rendered":"<figure id=\"attachment_84895\" aria-describedby=\"caption-attachment-84895\" style=\"width: 728px\" class=\"wp-caption aligncenter\"><img data-recalc-dims=\"1\" decoding=\"async\" class=\"wp-image-84895 size-full\" title=\"(Foto: Record TV\/M\u00e3e)\" src=\"https:\/\/i0.wp.com\/www.tvnovelas.com.br\/tvnews\/wp-content\/uploads\/2025\/11\/12330.jpg?resize=728%2C410&#038;ssl=1\" alt=\"Foto em M\u00e3e: Gonul revoltada confronta Ali\" width=\"728\" height=\"410\" srcset=\"https:\/\/i0.wp.com\/www.tvnovelas.com.br\/tvnews\/wp-content\/uploads\/2025\/11\/12330.jpg?w=728&amp;ssl=1 728w, https:\/\/i0.wp.com\/www.tvnovelas.com.br\/tvnews\/wp-content\/uploads\/2025\/11\/12330.jpg?resize=250%2C141&amp;ssl=1 250w\" sizes=\"(max-width: 728px) 100vw, 728px\" \/><figcaption id=\"caption-attachment-84895\" class=\"wp-caption-text\">M\u00e3e: Gonul revoltada confronta Ali<\/figcaption><\/figure>\n<p>No cap\u00edtulo de M\u00e3e desta quarta, dia 5, Gonul, tomada pela revolta, decide confrontar Ali para impedir que ele publique a reportagem sobre Melek. Determinada a proteger tanto Zeynep quanto a menina, Gonul sai do orfanato e vai at\u00e9 a reda\u00e7\u00e3o do jornal onde o jornalista trabalha.<\/p>\n<p>Ao chegar ao local, ela o enfrenta com dureza, exigindo que ele desista de expor a hist\u00f3ria da crian\u00e7a. Gonul argumenta que a publica\u00e7\u00e3o pode colocar Melek em perigo e destruir a vida da filha, que j\u00e1 enfrenta s\u00e9rios problemas com a pol\u00edcia por ter fugido com a menina.<\/p>\n<p>Durante a discuss\u00e3o, por\u00e9m, Gonul come\u00e7a a sentir-se mal. Abalada emocionalmente e fragilizada pela tens\u00e3o, ela perde as for\u00e7as e desmaia diante de Ali e dos funcion\u00e1rios do jornal. O jornalista, surpreso com a situa\u00e7\u00e3o, a socorre imediatamente e aciona a emerg\u00eancia.<\/p>\n<p>A mulher \u00e9 levada \u00e0s pressas para o hospital, onde seu estado desperta a preocupa\u00e7\u00e3o de Zeynep. Gonul realiza alguns exames e o m\u00e9dico diz que ela precisa permanecer em observa\u00e7\u00e3o no hospital<\/p>\n<p>Confira o resumo do cap\u00edtulo de hoje:<\/p>\n<h2 style=\"color: #f25912;\">Resumo de quarta-feira, 05 de novembro<\/h2>\n<p>Intrigada, Sule vai a escola para procurar a professora Zeynep. Revoltada, Gonul vai atr\u00e1s de Ali para impedir que ele publique a hist\u00f3ria de Melek. Ao chegar \u00e0 reda\u00e7\u00e3o, a m\u00e3e biol\u00f3gica de Zeynep passal mal, e \u00e9 levada ao hospital. Durante um passeio no parque, Turna (Melek) chora e diz que tem medo de ficar distante da m\u00e3e adotiva. Gonul realiza alguns exames e o m\u00e9dico diz que ela precisa permanecer em observa\u00e7\u00e3o no hospital. Sule liga para Zeynep, mas n\u00e3o fala nada. Gonul n\u00e3o aceita o tratamento e foge do hospital. Sem encontrar uma sa\u00edda, Zeynep envia mensagens para Ali aceitando o acordo proposto pelo jornalista. Cengiz volta para casa e Sule o aceita sem questionamentos.<\/p>\n<p><!--FIM--><\/p>\n<h2>Saiba mais<\/h2>\n<p><a href=\"https:\/\/tvnovelas.com.br\/novelas\/resumos-de-novela-mae\/\" target=\"_blank\" rel=\"noopener\">Resumos dos cap\u00edtulos da semana<\/a><br \/>\n<a href=\"https:\/\/wp.me\/pfspD2-VN\" target=\"_blank\" rel=\"noopener\">M\u00e3e: Resgatando uma crian\u00e7a da viol\u00eancia<\/a><br \/>\n<div class=\"pt-cv-wrapper\"><h2 class='pt-cv-heading-container heading2' data-blockid='759454f593'><span class='pt-cv-heading'> \u00daltimas da Novela <\/span><\/h2><div class=\"pt-cv-view pt-cv-grid pt-cv-colsys\" id=\"pt-cv-view-759454f593\"><div data-id=\"pt-cv-page-1\" class=\"pt-cv-page\" data-cvc=\"1\"><div class=\"col-md-12 col-sm-12 col-xs-12 pt-cv-content-item pt-cv-1-col\" ><div class='pt-cv-ifield'><h4 class=\"pt-cv-title\"><a href=\"https:\/\/www.tvnovelas.com.br\/tvnews\/mae-o-destino-final-de-melek-e-zeynep\/\" class=\"_self\" target=\"_self\" >M\u00e3e: O destino final de Melek e Zeynep<\/a><\/h4><\/div><\/div>\n<div class=\"col-md-12 col-sm-12 col-xs-12 pt-cv-content-item pt-cv-1-col\" ><div class='pt-cv-ifield'><h4 class=\"pt-cv-title\"><a href=\"https:\/\/www.tvnovelas.com.br\/tvnews\/mae-zeynep-enfrenta-cengiz\/\" class=\"_self\" target=\"_self\" >M\u00e3e: Zeynep enfrenta Cengiz<\/a><\/h4><\/div><\/div>\n<div class=\"col-md-12 col-sm-12 col-xs-12 pt-cv-content-item pt-cv-1-col\" ><div class='pt-cv-ifield'><h4 class=\"pt-cv-title\"><a href=\"https:\/\/www.tvnovelas.com.br\/tvnews\/mae-cengiz-e-preso-sob-a-acusacao-de-assassinato\/\" class=\"_self\" target=\"_self\" >M\u00e3e: Cengiz \u00e9 preso sob a acusa\u00e7\u00e3o de assassinato<\/a><\/h4><\/div><\/div>\n<div class=\"col-md-12 col-sm-12 col-xs-12 pt-cv-content-item pt-cv-1-col\" ><div class='pt-cv-ifield'><h4 class=\"pt-cv-title\"><a href=\"https:\/\/www.tvnovelas.com.br\/tvnews\/mae-cengiz-assina-documento-renunciando-a-guarda-dos-filhos\/\" class=\"_self\" target=\"_self\" >M\u00e3e: Cengiz assina documento renunciando \u00e0 guarda dos filhos<\/a><\/h4><\/div><\/div>\n<div class=\"col-md-12 col-sm-12 col-xs-12 pt-cv-content-item pt-cv-1-col\" ><div class='pt-cv-ifield'><h4 class=\"pt-cv-title\"><a href=\"https:\/\/www.tvnovelas.com.br\/tvnews\/mae-cengiz-pode-estar-com-os-dias-contados\/\" class=\"_self\" target=\"_self\" >M\u00e3e: Cengiz pode estar com os dias contados<\/a><\/h4><\/div><\/div><\/div><\/div><\/div><br \/>\n&lt;h<\/p>\n<div style=\"font-size: 120%;\"><h3>Confira tamb\u00e9m<\/h3>\r\n<a href=\"https:\/\/tvnovelas.com.br\/novelas\/\" rel=\"noopener\" target=\"_blank\"><strong>Todos os resumos de novelas<\/strong><\/a><\/br>\r\n<a href=\"https:\/\/www.tvnovelas.com.br\/tvnews\/\" rel=\"noopener\" target=\"_blank\"><strong>\u00daltimas not\u00edcias das novelas<\/strong><\/a><\/br>\r\n<a href=\"https:\/\/www.tvnovelas.com.br\/filmes\/\" target=\"_blank\" rel=\"noopener noreferrer\"><strong>Programa\u00e7\u00e3o de filmes na TV aberta<\/strong><\/a><\/br>\r\n<a href=\"https:\/\/caetenews.com.br\/semana\/filmes-da-globo-na-sessao-da-tarde-desta-semana\/\" target=\"_blank\" rel=\"noopener\"><strong>Confira os filmes da semana na Sess\u00e3o da Tarde<\/strong><\/a><\/br>\r\n<a href=\"https:\/\/classindportal.mj.gov.br\/consulta-filmes\" target=\"_blank\" rel=\"noopener\"><strong>Consulte a classifica\u00e7\u00e3o indicativa dos filmes e novelas<\/strong><\/a><\/br><\/div>\n","protected":false},"excerpt":{"rendered":"<p>M\u00e3e: Gonul revoltada confronta Ali&#8230;. No cap\u00edtulo de M\u00e3e desta quarta, dia 5, Gonul, tomada pela revolta, decide confrontar Ali para impedir&#8230;<\/p>\n","protected":false},"author":1,"featured_media":84895,"comment_status":"closed","ping_status":"closed","sticky":false,"template":"","format":"standard","meta":{"_uf_show_specific_survey":0,"_uf_disable_surveys":false,"_jetpack_memberships_contains_paid_content":false,"footnotes":"","_wp_rev_ctl_limit":""},"categories":[1012],"tags":[1013,64,14],"class_list":["post-84893","post","type-post","status-publish","format-standard","has-post-thumbnail","hentry","category-mae","tag-mae","tag-novelas","tag-record","wpcat-1012-id"],"aioseo_notices":[],"jetpack_featured_media_url":"https:\/\/i0.wp.com\/www.tvnovelas.com.br\/tvnews\/wp-content\/uploads\/2025\/11\/12330.jpg?fit=728%2C410&ssl=1","jetpack_shortlink":"https:\/\/wp.me\/pdP2BO-m5f","jetpack_sharing_enabled":true,"_links":{"self":[{"href":"https:\/\/www.tvnovelas.com.br\/tvnews\/wp-json\/wp\/v2\/posts\/84893","targetHints":{"allow":["GET"]}}],"collection":[{"href":"https:\/\/www.tvnovelas.com.br\/tvnews\/wp-json\/wp\/v2\/posts"}],"about":[{"href":"https:\/\/www.tvnovelas.com.br\/tvnews\/wp-json\/wp\/v2\/types\/post"}],"author":[{"embeddable":true,"href":"https:\/\/www.tvnovelas.com.br\/tvnews\/wp-json\/wp\/v2\/users\/1"}],"replies":[{"embeddable":true,"href":"https:\/\/www.tvnovelas.com.br\/tvnews\/wp-json\/wp\/v2\/comments?post=84893"}],"version-history":[{"count":2,"href":"https:\/\/www.tvnovelas.com.br\/tvnews\/wp-json\/wp\/v2\/posts\/84893\/revisions"}],"predecessor-version":[{"id":84896,"href":"https:\/\/www.tvnovelas.com.br\/tvnews\/wp-json\/wp\/v2\/posts\/84893\/revisions\/84896"}],"wp:featuredmedia":[{"embeddable":true,"href":"https:\/\/www.tvnovelas.com.br\/tvnews\/wp-json\/wp\/v2\/media\/84895"}],"wp:attachment":[{"href":"https:\/\/www.tvnovelas.com.br\/tvnews\/wp-json\/wp\/v2\/media?parent=84893"}],"wp:term":[{"taxonomy":"category","embeddable":true,"href":"https:\/\/www.tvnovelas.com.br\/tvnews\/wp-json\/wp\/v2\/categories?post=84893"},{"taxonomy":"post_tag","embeddable":true,"href":"https:\/\/www.tvnovelas.com.br\/tvnews\/wp-json\/wp\/v2\/tags?post=84893"}],"curies":[{"name":"wp","href":"https:\/\/api.w.org\/{rel}","templated":true}]}}