{"id":84902,"date":"2025-11-05T12:38:45","date_gmt":"2025-11-05T15:38:45","guid":{"rendered":"https:\/\/www.tvnovelas.com.br\/tvnews\/?p=84902"},"modified":"2025-11-05T12:38:45","modified_gmt":"2025-11-05T15:38:45","slug":"mae-zeynep-sem-saida-aceita-proposta-de-ali","status":"publish","type":"post","link":"https:\/\/www.tvnovelas.com.br\/tvnews\/mae-zeynep-sem-saida-aceita-proposta-de-ali\/","title":{"rendered":"M\u00e3e: Zeynep sem sa\u00edda aceita proposta de Ali"},"content":{"rendered":"<figure id=\"attachment_84904\" aria-describedby=\"caption-attachment-84904\" style=\"width: 728px\" class=\"wp-caption aligncenter\"><img data-recalc-dims=\"1\" decoding=\"async\" class=\"wp-image-84904 size-full\" title=\"(Foto: Record TV\/M\u00e3e)\" src=\"https:\/\/i0.wp.com\/www.tvnovelas.com.br\/tvnews\/wp-content\/uploads\/2025\/11\/12332.jpg?resize=728%2C410&#038;ssl=1\" alt=\"Foto em M\u00e3e: Zeynep sem sa\u00edda aceita proposta de Ali\" width=\"728\" height=\"410\" srcset=\"https:\/\/i0.wp.com\/www.tvnovelas.com.br\/tvnews\/wp-content\/uploads\/2025\/11\/12332.jpg?w=728&amp;ssl=1 728w, https:\/\/i0.wp.com\/www.tvnovelas.com.br\/tvnews\/wp-content\/uploads\/2025\/11\/12332.jpg?resize=250%2C141&amp;ssl=1 250w\" sizes=\"(max-width: 728px) 100vw, 728px\" \/><figcaption id=\"caption-attachment-84904\" class=\"wp-caption-text\">M\u00e3e: Zeynep sem sa\u00edda aceita proposta de Ali<\/figcaption><\/figure>\n<p>Depois de G\u00f6n\u00fcl (Vahide Per\u00e7in) descobrir a verdade sobre Turna (Beren G\u00f6ky\u0131ld\u0131z) Ali (Can Nergis) tamb\u00e9m desvendou o mist\u00e9rio do desaparecimento de Melek, e teve uma rea\u00e7\u00e3o inesperada.<\/p>\n<p>O jornalista marcou um encontro com Zeynep (Cansu Dere) e amea\u00e7ou publicar a not\u00edcia do sequestro da crian\u00e7a na capa do jornal, como um furo de reportagem. Assim, a fot\u00f3grafa seria presa e a menina voltaria a sofrer maus-tratos com \u015eule (Gonca Vuslateri) e Cengiz (Berkay Ate\u015f).<\/p>\n<p>No entanto, ele ofereceu um acordo a jovem, mas ela ficou furiosa com as inten\u00e7\u00f5es do rep\u00f3rter. Onde est\u00e1 aquele rapaz que admirava Zeynep h\u00e1 uns dias atr\u00e1s? Entenda!<\/p>\n<p>Ap\u00f3s encontrar Turna em um caf\u00e9, Ali ligou os pontos e chegou at\u00e9 Zeynep. A professora ficou encurralada com as intimida\u00e7\u00f5es do jornalista:<\/p>\n<p>\u201cEu n\u00e3o publico a not\u00edcia, e em troca voc\u00ea me d\u00e1 algo que eu quero muito. Voc\u00ea faria qualquer coisa para proteger a Melek?\u201d, questionou.<\/p>\n<p>A proposta do rep\u00f3rter ainda n\u00e3o foi revelada na novela, mas a rea\u00e7\u00e3o de Zeynep \u00e9 uma boa dica: \u201cVoc\u00ea \u00e9 realmente um homem imoral e sem \u00e9tica. \u00c9 repugnante\u201d.<\/p>\n<h2>Confiss\u00e3o<\/h2>\n<p>Ali n\u00e3o parou por a\u00ed e deixou um jornal com not\u00edcias sobre o sumi\u00e7o de Melek na porta de Cahide (G\u00fclenay Kalkan), a m\u00e3e adotiva de Zeynep. Por sorte, ningu\u00e9m viu a mat\u00e9ria.<\/p>\n<p>Mais uma vez, o jornalista aterrorizou a professora: \u201cEu quero ver o pre\u00e7o que est\u00e1 disposta a pagar pela sua filha. N\u00e3o deve ser f\u00e1cil sequestrar uma menina que a m\u00e3e pensa que est\u00e1 morta\u201d.<\/p>\n<p>Zeynep procurou Ali no jornal e explicou o motivo de ter sequestrado Turna: ela encontrou a menina inconsciente em um saco de lixo e teria sido deixada l\u00e1 pela pr\u00f3pria m\u00e3e.<\/p>\n<p>No entanto, o jornalista n\u00e3o se comoveu com a hist\u00f3ria e acusou a professora de cometer um crime, al\u00e9m de deixar claro que tamb\u00e9m iria expor a fam\u00edlia dela.<\/p>\n<p>\u201cVoc\u00ea ainda pode me impedir, j\u00e1 sabe o que fazer\u201d, disse o rapaz.<\/p>\n<p>No cap\u00edtulo desta quarta, dia 5, sem encontrar uma sa\u00edda, Zeynep envia mensagens para Ali aceitando o acordo proposto pelo jornalista<\/p>\n<p>Confira o resumo do cap\u00edtulo de hoje:<\/p>\n<h2 style=\"color: #f25912;\">Resumo de quarta-feira, 05 de novembro<\/h2>\n<p>Intrigada, Sule vai a escola para procurar a professora Zeynep. Revoltada, Gonul vai atr\u00e1s de Ali para impedir que ele publique a hist\u00f3ria de Melek. Ao chegar \u00e0 reda\u00e7\u00e3o, a m\u00e3e biol\u00f3gica de Zeynep passal mal, e \u00e9 levada ao hospital. Durante um passeio no parque, Turna (Melek) chora e diz que tem medo de ficar distante da m\u00e3e adotiva. Gonul realiza alguns exames e o m\u00e9dico diz que ela precisa permanecer em observa\u00e7\u00e3o no hospital. Sule liga para Zeynep, mas n\u00e3o fala nada. Gonul n\u00e3o aceita o tratamento e foge do hospital. Sem encontrar uma sa\u00edda, Zeynep envia mensagens para Ali aceitando o acordo proposto pelo jornalista. Cengiz volta para casa e Sule o aceita sem questionamentos.<br \/>\n<!--FIM--><\/p>\n<h2>Saiba mais<\/h2>\n<p><a href=\"https:\/\/tvnovelas.com.br\/novelas\/resumos-de-novela-mae\/\" target=\"_blank\" rel=\"noopener\">Resumos dos cap\u00edtulos da semana<\/a><br \/>\n<a href=\"https:\/\/wp.me\/pfspD2-VN\" target=\"_blank\" rel=\"noopener\">M\u00e3e: Resgatando uma crian\u00e7a da viol\u00eancia<\/a><br \/>\n<div class=\"pt-cv-wrapper\"><h2 class='pt-cv-heading-container heading2' data-blockid='759454f593'><span class='pt-cv-heading'> \u00daltimas da Novela <\/span><\/h2><div class=\"pt-cv-view pt-cv-grid pt-cv-colsys\" id=\"pt-cv-view-759454f593\"><div data-id=\"pt-cv-page-1\" class=\"pt-cv-page\" data-cvc=\"1\"><div class=\"col-md-12 col-sm-12 col-xs-12 pt-cv-content-item pt-cv-1-col\" ><div class='pt-cv-ifield'><h4 class=\"pt-cv-title\"><a href=\"https:\/\/www.tvnovelas.com.br\/tvnews\/mae-o-destino-final-de-melek-e-zeynep\/\" class=\"_self\" target=\"_self\" >M\u00e3e: O destino final de Melek e Zeynep<\/a><\/h4><\/div><\/div>\n<div class=\"col-md-12 col-sm-12 col-xs-12 pt-cv-content-item pt-cv-1-col\" ><div class='pt-cv-ifield'><h4 class=\"pt-cv-title\"><a href=\"https:\/\/www.tvnovelas.com.br\/tvnews\/mae-zeynep-enfrenta-cengiz\/\" class=\"_self\" target=\"_self\" >M\u00e3e: Zeynep enfrenta Cengiz<\/a><\/h4><\/div><\/div>\n<div class=\"col-md-12 col-sm-12 col-xs-12 pt-cv-content-item pt-cv-1-col\" ><div class='pt-cv-ifield'><h4 class=\"pt-cv-title\"><a href=\"https:\/\/www.tvnovelas.com.br\/tvnews\/mae-cengiz-e-preso-sob-a-acusacao-de-assassinato\/\" class=\"_self\" target=\"_self\" >M\u00e3e: Cengiz \u00e9 preso sob a acusa\u00e7\u00e3o de assassinato<\/a><\/h4><\/div><\/div>\n<div class=\"col-md-12 col-sm-12 col-xs-12 pt-cv-content-item pt-cv-1-col\" ><div class='pt-cv-ifield'><h4 class=\"pt-cv-title\"><a href=\"https:\/\/www.tvnovelas.com.br\/tvnews\/mae-cengiz-assina-documento-renunciando-a-guarda-dos-filhos\/\" class=\"_self\" target=\"_self\" >M\u00e3e: Cengiz assina documento renunciando \u00e0 guarda dos filhos<\/a><\/h4><\/div><\/div>\n<div class=\"col-md-12 col-sm-12 col-xs-12 pt-cv-content-item pt-cv-1-col\" ><div class='pt-cv-ifield'><h4 class=\"pt-cv-title\"><a href=\"https:\/\/www.tvnovelas.com.br\/tvnews\/mae-cengiz-pode-estar-com-os-dias-contados\/\" class=\"_self\" target=\"_self\" >M\u00e3e: Cengiz pode estar com os dias contados<\/a><\/h4><\/div><\/div><\/div><\/div><\/div><br \/>\n&lt;h<\/p>\n<div style=\"font-size: 120%;\"><h3>Confira tamb\u00e9m<\/h3>\r\n<a href=\"https:\/\/tvnovelas.com.br\/novelas\/\" rel=\"noopener\" target=\"_blank\"><strong>Todos os resumos de novelas<\/strong><\/a><\/br>\r\n<a href=\"https:\/\/www.tvnovelas.com.br\/tvnews\/\" rel=\"noopener\" target=\"_blank\"><strong>\u00daltimas not\u00edcias das novelas<\/strong><\/a><\/br>\r\n<a href=\"https:\/\/www.tvnovelas.com.br\/filmes\/\" target=\"_blank\" rel=\"noopener noreferrer\"><strong>Programa\u00e7\u00e3o de filmes na TV aberta<\/strong><\/a><\/br>\r\n<a href=\"https:\/\/caetenews.com.br\/semana\/filmes-da-globo-na-sessao-da-tarde-desta-semana\/\" target=\"_blank\" rel=\"noopener\"><strong>Confira os filmes da semana na Sess\u00e3o da Tarde<\/strong><\/a><\/br>\r\n<a href=\"https:\/\/classindportal.mj.gov.br\/consulta-filmes\" target=\"_blank\" rel=\"noopener\"><strong>Consulte a classifica\u00e7\u00e3o indicativa dos filmes e novelas<\/strong><\/a><\/br><\/div>\n","protected":false},"excerpt":{"rendered":"<p>M\u00e3e: Zeynep sem sa\u00edda aceita proposta de Ali.. Depois de G\u00f6n\u00fcl (Vahide Per\u00e7in) descobrir a verdade sobre Turna (Beren G\u00f6ky\u0131ld\u0131z) Ali&#8230;<\/p>\n","protected":false},"author":1,"featured_media":84904,"comment_status":"closed","ping_status":"closed","sticky":false,"template":"","format":"standard","meta":{"_uf_show_specific_survey":0,"_uf_disable_surveys":false,"_jetpack_memberships_contains_paid_content":false,"footnotes":"","_wp_rev_ctl_limit":""},"categories":[1012],"tags":[1013,64,14],"class_list":["post-84902","post","type-post","status-publish","format-standard","has-post-thumbnail","hentry","category-mae","tag-mae","tag-novelas","tag-record","wpcat-1012-id"],"aioseo_notices":[],"jetpack_featured_media_url":"https:\/\/i0.wp.com\/www.tvnovelas.com.br\/tvnews\/wp-content\/uploads\/2025\/11\/12332.jpg?fit=728%2C410&ssl=1","jetpack_shortlink":"https:\/\/wp.me\/pdP2BO-m5o","jetpack_sharing_enabled":true,"_links":{"self":[{"href":"https:\/\/www.tvnovelas.com.br\/tvnews\/wp-json\/wp\/v2\/posts\/84902","targetHints":{"allow":["GET"]}}],"collection":[{"href":"https:\/\/www.tvnovelas.com.br\/tvnews\/wp-json\/wp\/v2\/posts"}],"about":[{"href":"https:\/\/www.tvnovelas.com.br\/tvnews\/wp-json\/wp\/v2\/types\/post"}],"author":[{"embeddable":true,"href":"https:\/\/www.tvnovelas.com.br\/tvnews\/wp-json\/wp\/v2\/users\/1"}],"replies":[{"embeddable":true,"href":"https:\/\/www.tvnovelas.com.br\/tvnews\/wp-json\/wp\/v2\/comments?post=84902"}],"version-history":[{"count":2,"href":"https:\/\/www.tvnovelas.com.br\/tvnews\/wp-json\/wp\/v2\/posts\/84902\/revisions"}],"predecessor-version":[{"id":84905,"href":"https:\/\/www.tvnovelas.com.br\/tvnews\/wp-json\/wp\/v2\/posts\/84902\/revisions\/84905"}],"wp:featuredmedia":[{"embeddable":true,"href":"https:\/\/www.tvnovelas.com.br\/tvnews\/wp-json\/wp\/v2\/media\/84904"}],"wp:attachment":[{"href":"https:\/\/www.tvnovelas.com.br\/tvnews\/wp-json\/wp\/v2\/media?parent=84902"}],"wp:term":[{"taxonomy":"category","embeddable":true,"href":"https:\/\/www.tvnovelas.com.br\/tvnews\/wp-json\/wp\/v2\/categories?post=84902"},{"taxonomy":"post_tag","embeddable":true,"href":"https:\/\/www.tvnovelas.com.br\/tvnews\/wp-json\/wp\/v2\/tags?post=84902"}],"curies":[{"name":"wp","href":"https:\/\/api.w.org\/{rel}","templated":true}]}}