{"id":84916,"date":"2025-11-06T08:37:42","date_gmt":"2025-11-06T11:37:42","guid":{"rendered":"https:\/\/www.tvnovelas.com.br\/tvnews\/?p=84916"},"modified":"2025-11-06T08:37:42","modified_gmt":"2025-11-06T11:37:42","slug":"dona-de-mim-danilo-acusa-jaques-de-dopar-filipa","status":"publish","type":"post","link":"https:\/\/www.tvnovelas.com.br\/tvnews\/dona-de-mim-danilo-acusa-jaques-de-dopar-filipa\/","title":{"rendered":"Dona de Mim: Danilo acusa Jaques de dopar Filipa"},"content":{"rendered":"<figure id=\"attachment_84917\" aria-describedby=\"caption-attachment-84917\" style=\"width: 726px\" class=\"wp-caption aligncenter\"><img data-recalc-dims=\"1\" decoding=\"async\" src=\"https:\/\/i0.wp.com\/www.tvnovelas.com.br\/tvnews\/wp-content\/uploads\/2025\/11\/12335.jpg?resize=726%2C410&#038;ssl=1\" alt=\"Foto em Dona de Mim: Danilo acusa Jaques de dopar Filipa\" width=\"726\" height=\"410\" class=\"size-full wp-image-84917\" srcset=\"https:\/\/i0.wp.com\/www.tvnovelas.com.br\/tvnews\/wp-content\/uploads\/2025\/11\/12335.jpg?w=726&amp;ssl=1 726w, https:\/\/i0.wp.com\/www.tvnovelas.com.br\/tvnews\/wp-content\/uploads\/2025\/11\/12335.jpg?resize=250%2C141&amp;ssl=1 250w\" sizes=\"(max-width: 726px) 100vw, 726px\" \/><figcaption id=\"caption-attachment-84917\" class=\"wp-caption-text\">Dona de Mim: Danilo acusa Jaques de dopar Filipa<\/figcaption><\/figure>\n<p>Em Dona de Mim, Filipa (Cl\u00e1udia Abreu) tem estado sonolenta, cansada e ausente desde que Jaques (Marcello Novaes) come\u00e7ou a lhe dar os rem\u00e9dios receitados pelo psiquiatra. E Danilo (Felipe Simas), que j\u00e1 estava desconfiado, ir\u00e1 confrontar Jaques e acusar o vil\u00e3o de dopar Filipa. E, em contrapartida, vai receber uma amea\u00e7a&#8230; <\/p>\n<p>Danilo ir\u00e1 at\u00e9 o apartamento de Jaques lhe fazer um favor e, l\u00e1, ir\u00e1 encontrar v\u00e1rias caixas vazias de rem\u00e9dios.<\/p>\n<p>\u201cQuantas caixas de son\u00edfero vazias, n\u00e9? Eu li a bula\u201d, afirma Danilo.<\/p>\n<p>\u201cTenho dificuldade de dormir\u201d, responde Jaques, dissimulado.<\/p>\n<p>Danilo, ent\u00e3o, questionar\u00e1 o estado de Filipa.<\/p>\n<p>\u201cFilipa que anda dormindo demais\u201d, afirma ele.<\/p>\n<p>\u201cO que voc\u00ea est\u00e1 insinuando?\u201d, questiona Jaques.<\/p>\n<p>\u201cAposto que se eu comparar uma p\u00edlula dessas com a do rem\u00e9dio dela vai ser parecida\u201d, afirma Danilo.<\/p>\n<p>\u201cN\u00e3o inventa! Jamais faria alguma coisa que fizesse mal pra ela. Cara, eu amo a Filipa\u201d, reage Jaques, c\u00ednico.<\/p>\n<p>Mas Danilo n\u00e3o ir\u00e1 recuar e ser\u00e1 amea\u00e7ado por Jaques.<\/p>\n<p>\u201cEu j\u00e1 te disse uma vez: eu subo e voc\u00ea sobe junto. S\u00f3 n\u00e3o me atrapalha. A\u00ed a coisa muda.\u201d<br \/>\n<!--FIM--><br \/>\n<a href=\"https:\/\/tvnovelas.com.br\/novelas\/resumos-de-dona-de-mim-da-proxima-semana\/\" rel=\"noopener\" target=\"_blank\">Resumos dos cap\u00edtulos de Dona de Mim<\/a><br \/>\n<div class=\"pt-cv-wrapper\"><h2 class='pt-cv-heading-container heading2' data-blockid='9b88c0b6t2'><span class='pt-cv-heading'> \u00daltimas da novela <\/span><\/h2><div class=\"pt-cv-view pt-cv-grid pt-cv-colsys\" id=\"pt-cv-view-9b88c0b6t2\"><div data-id=\"pt-cv-page-1\" class=\"pt-cv-page\" data-cvc=\"1\"><div class=\"col-md-12 col-sm-12 col-xs-12 pt-cv-content-item pt-cv-1-col\" ><div class='pt-cv-ifield'><h4 class=\"pt-cv-title\"><a href=\"https:\/\/www.tvnovelas.com.br\/tvnews\/dona-de-mim-abel-aparece-e-salva-sofia-do-incendio\/\" class=\"_blank\" target=\"_blank\" >Dona de Mim: Abel \u2018aparece&#8217; e salva Sofia do inc\u00eandio<\/a><\/h4><\/div><\/div>\n<div class=\"col-md-12 col-sm-12 col-xs-12 pt-cv-content-item pt-cv-1-col\" ><div class='pt-cv-ifield'><h4 class=\"pt-cv-title\"><a href=\"https:\/\/www.tvnovelas.com.br\/tvnews\/dona-de-mim-jaques-coloca-fogo-na-boaz\/\" class=\"_blank\" target=\"_blank\" >Dona de Mim: Jaques coloca fogo na Boaz<\/a><\/h4><\/div><\/div>\n<div class=\"col-md-12 col-sm-12 col-xs-12 pt-cv-content-item pt-cv-1-col\" ><div class='pt-cv-ifield'><h4 class=\"pt-cv-title\"><a href=\"https:\/\/www.tvnovelas.com.br\/tvnews\/dona-de-mim-davi-e-barbara-sofrem-grave-acidente\/\" class=\"_blank\" target=\"_blank\" >Dona de Mim: Davi e B\u00e1rbara sofrem grave acidente<\/a><\/h4><\/div><\/div><\/div><\/div><\/div><\/p>\n<div style=\"font-size: 150%;\">\n<h3>Confira tamb\u00e9m<\/h3>\r\n<a href=\"https:\/\/tvnovelas.com.br\/novelas\/\" rel=\"noopener\" target=\"_blank\"><strong>Todos os resumos de novelas<\/strong><\/a><\/br>\r\n<a href=\"https:\/\/www.tvnovelas.com.br\/tvnews\/\" rel=\"noopener\" target=\"_blank\"><strong>\u00daltimas not\u00edcias das novelas<\/strong><\/a><\/br>\r\n<a href=\"https:\/\/www.tvnovelas.com.br\/filmes\/\" target=\"_blank\" rel=\"noopener noreferrer\"><strong>Programa\u00e7\u00e3o de filmes na TV aberta<\/strong><\/a><\/br>\r\n<a href=\"https:\/\/caetenews.com.br\/semana\/filmes-da-globo-na-sessao-da-tarde-desta-semana\/\" target=\"_blank\" rel=\"noopener\"><strong>Confira os filmes da semana na Sess\u00e3o da Tarde<\/strong><\/a><\/br>\r\n<a href=\"https:\/\/classindportal.mj.gov.br\/consulta-filmes\" target=\"_blank\" rel=\"noopener\"><strong>Consulte a classifica\u00e7\u00e3o indicativa dos filmes e novelas<\/strong><\/a><\/br>\n<\/div>\n","protected":false},"excerpt":{"rendered":"<p>Dona de Mim: Danilo acusa Jaques&#8230; Em Dona de Mim, Filipa (Cl\u00e1udia Abreu) tem estado sonolenta, cansada e ausente desde que Jaques&#8230;<\/p>\n","protected":false},"author":1,"featured_media":84917,"comment_status":"closed","ping_status":"closed","sticky":false,"template":"","format":"standard","meta":{"_uf_show_specific_survey":0,"_uf_disable_surveys":false,"_jetpack_memberships_contains_paid_content":false,"footnotes":"","_wp_rev_ctl_limit":""},"categories":[884],"tags":[883,5,64],"class_list":["post-84916","post","type-post","status-publish","format-standard","has-post-thumbnail","hentry","category-dona-de-mim","tag-dona-de-mim","tag-globo","tag-novelas","wpcat-884-id"],"aioseo_notices":[],"jetpack_featured_media_url":"https:\/\/i0.wp.com\/www.tvnovelas.com.br\/tvnews\/wp-content\/uploads\/2025\/11\/12335.jpg?fit=726%2C410&ssl=1","jetpack_shortlink":"https:\/\/wp.me\/pdP2BO-m5C","jetpack_sharing_enabled":true,"_links":{"self":[{"href":"https:\/\/www.tvnovelas.com.br\/tvnews\/wp-json\/wp\/v2\/posts\/84916","targetHints":{"allow":["GET"]}}],"collection":[{"href":"https:\/\/www.tvnovelas.com.br\/tvnews\/wp-json\/wp\/v2\/posts"}],"about":[{"href":"https:\/\/www.tvnovelas.com.br\/tvnews\/wp-json\/wp\/v2\/types\/post"}],"author":[{"embeddable":true,"href":"https:\/\/www.tvnovelas.com.br\/tvnews\/wp-json\/wp\/v2\/users\/1"}],"replies":[{"embeddable":true,"href":"https:\/\/www.tvnovelas.com.br\/tvnews\/wp-json\/wp\/v2\/comments?post=84916"}],"version-history":[{"count":2,"href":"https:\/\/www.tvnovelas.com.br\/tvnews\/wp-json\/wp\/v2\/posts\/84916\/revisions"}],"predecessor-version":[{"id":84920,"href":"https:\/\/www.tvnovelas.com.br\/tvnews\/wp-json\/wp\/v2\/posts\/84916\/revisions\/84920"}],"wp:featuredmedia":[{"embeddable":true,"href":"https:\/\/www.tvnovelas.com.br\/tvnews\/wp-json\/wp\/v2\/media\/84917"}],"wp:attachment":[{"href":"https:\/\/www.tvnovelas.com.br\/tvnews\/wp-json\/wp\/v2\/media?parent=84916"}],"wp:term":[{"taxonomy":"category","embeddable":true,"href":"https:\/\/www.tvnovelas.com.br\/tvnews\/wp-json\/wp\/v2\/categories?post=84916"},{"taxonomy":"post_tag","embeddable":true,"href":"https:\/\/www.tvnovelas.com.br\/tvnews\/wp-json\/wp\/v2\/tags?post=84916"}],"curies":[{"name":"wp","href":"https:\/\/api.w.org\/{rel}","templated":true}]}}