{"id":84952,"date":"2025-11-07T08:44:10","date_gmt":"2025-11-07T11:44:10","guid":{"rendered":"https:\/\/www.tvnovelas.com.br\/tvnews\/?p=84952"},"modified":"2025-11-07T08:44:10","modified_gmt":"2025-11-07T11:44:10","slug":"dona-de-mim-delegada-culpa-vanderson-pela-morte-de-abel","status":"publish","type":"post","link":"https:\/\/www.tvnovelas.com.br\/tvnews\/dona-de-mim-delegada-culpa-vanderson-pela-morte-de-abel\/","title":{"rendered":"Dona de Mim: Delegada culpa Vanderson pela morte de Abel"},"content":{"rendered":"<figure id=\"attachment_84953\" aria-describedby=\"caption-attachment-84953\" style=\"width: 728px\" class=\"wp-caption aligncenter\"><img data-recalc-dims=\"1\" decoding=\"async\" class=\"wp-image-84953 size-full\" title=\"(Foto: TV Globo\/Dona de Mim)\" src=\"https:\/\/i0.wp.com\/www.tvnovelas.com.br\/tvnews\/wp-content\/uploads\/2025\/11\/12344.jpg?resize=728%2C410&#038;ssl=1\" alt=\"Foto em Dona de Mim: Delegada culpa Vanderson pela morte de Abel\" width=\"728\" height=\"410\" srcset=\"https:\/\/i0.wp.com\/www.tvnovelas.com.br\/tvnews\/wp-content\/uploads\/2025\/11\/12344.jpg?w=728&amp;ssl=1 728w, https:\/\/i0.wp.com\/www.tvnovelas.com.br\/tvnews\/wp-content\/uploads\/2025\/11\/12344.jpg?resize=250%2C141&amp;ssl=1 250w\" sizes=\"(max-width: 728px) 100vw, 728px\" \/><figcaption id=\"caption-attachment-84953\" class=\"wp-caption-text\">Dona de Mim: Delegada culpa Vanderson pela morte de Abel<\/figcaption><\/figure>\n<p>Em Dona de Mim, Vanderson (Armando Babaioff) est\u00e1 desaparecido desde a morte de Abel (Tony Ramos). Mas, o golpista ser\u00e1 declarado culpado pelo acidente que vitimou o dono da Boaz. Ao receber a not\u00edcia da delegada, Samuel (Juan Paiva), que desconfia de Jaques (Marcello Novaes), ficar\u00e1 revoltado.<\/p>\n<p>\u201cSamuel, voc\u00ea me pediu pra te avisar quando a investiga\u00e7\u00e3o sobre a morte do seu pai estivesse terminando\u201d, diz a delegada ao telefone.<\/p>\n<p>\u201cDescobriu mais alguma coisa do meu tio?\u201d, questiona Samuel, esperan\u00e7oso.<\/p>\n<p>E, ent\u00e3o, a delegada dar\u00e1 a not\u00edcia:<\/p>\n<p>\u201cAcho que o resultado n\u00e3o \u00e9 bem o que voc\u00ea esperava. Todas as investiga\u00e7\u00f5es apontaram pra um \u00fanico culpado: Vanderson.\u201d<\/p>\n<p>\u201cN\u00e3o \u00e9 poss\u00edvel, doutora. Os crimes fiscais do Jaques, o interesse pela f\u00e1brica&#8230; E o acidente do Ricardo? Isso tem a m\u00e3o do Jaques, s\u00f3 pode\u201d, contesta Samuel.<\/p>\n<p>Mas n\u00e3o ter\u00e1 jeito. A delegada afirmar\u00e1 que, ao que tudo indica, Vanderson foi quem sabotou o carro de Abel, causando o acidente que o matou.<\/p>\n<p>\u201cAs negocia\u00e7\u00f5es do Vanderson com o seu pai, as amea\u00e7as, at\u00e9 o estilete perdido na garagem da Boaz. Enfim, a conclus\u00e3o \u00e9 que foi ele.\u201d<\/p>\n<p>Samuel ficar\u00e1 frustrado. E tem mais! O nome de Vanderson ir\u00e1 aparecer mais uma vez em uma liga\u00e7\u00e3o que T\u00e2nia (Aline Borges) far\u00e1 do hospital onde Ricardo (Marcos Pasquim) est\u00e1 internado ap\u00f3s ser atropelado.<br \/>\n<!--FIM--><br \/>\n<a href=\"https:\/\/tvnovelas.com.br\/novelas\/resumos-de-dona-de-mim-da-proxima-semana\/\" target=\"_blank\" rel=\"noopener\">Resumos dos cap\u00edtulos de Dona de Mim<\/a><br \/>\n<div class=\"pt-cv-wrapper\"><h2 class='pt-cv-heading-container heading2' data-blockid='9b88c0b6t2'><span class='pt-cv-heading'> \u00daltimas da novela <\/span><\/h2><div class=\"pt-cv-view pt-cv-grid pt-cv-colsys\" id=\"pt-cv-view-9b88c0b6t2\"><div data-id=\"pt-cv-page-1\" class=\"pt-cv-page\" data-cvc=\"1\"><div class=\"col-md-12 col-sm-12 col-xs-12 pt-cv-content-item pt-cv-1-col\" ><div class='pt-cv-ifield'><h4 class=\"pt-cv-title\"><a href=\"https:\/\/www.tvnovelas.com.br\/tvnews\/dona-de-mim-abel-aparece-e-salva-sofia-do-incendio\/\" class=\"_blank\" target=\"_blank\" >Dona de Mim: Abel \u2018aparece&#8217; e salva Sofia do inc\u00eandio<\/a><\/h4><\/div><\/div>\n<div class=\"col-md-12 col-sm-12 col-xs-12 pt-cv-content-item pt-cv-1-col\" ><div class='pt-cv-ifield'><h4 class=\"pt-cv-title\"><a href=\"https:\/\/www.tvnovelas.com.br\/tvnews\/dona-de-mim-jaques-coloca-fogo-na-boaz\/\" class=\"_blank\" target=\"_blank\" >Dona de Mim: Jaques coloca fogo na Boaz<\/a><\/h4><\/div><\/div>\n<div class=\"col-md-12 col-sm-12 col-xs-12 pt-cv-content-item pt-cv-1-col\" ><div class='pt-cv-ifield'><h4 class=\"pt-cv-title\"><a href=\"https:\/\/www.tvnovelas.com.br\/tvnews\/dona-de-mim-davi-e-barbara-sofrem-grave-acidente\/\" class=\"_blank\" target=\"_blank\" >Dona de Mim: Davi e B\u00e1rbara sofrem grave acidente<\/a><\/h4><\/div><\/div><\/div><\/div><\/div><\/p>\n<div style=\"font-size: 150%;\"><h3>Confira tamb\u00e9m<\/h3>\r\n<a href=\"https:\/\/tvnovelas.com.br\/novelas\/\" rel=\"noopener\" target=\"_blank\"><strong>Todos os resumos de novelas<\/strong><\/a><\/br>\r\n<a href=\"https:\/\/www.tvnovelas.com.br\/tvnews\/\" rel=\"noopener\" target=\"_blank\"><strong>\u00daltimas not\u00edcias das novelas<\/strong><\/a><\/br>\r\n<a href=\"https:\/\/www.tvnovelas.com.br\/filmes\/\" target=\"_blank\" rel=\"noopener noreferrer\"><strong>Programa\u00e7\u00e3o de filmes na TV aberta<\/strong><\/a><\/br>\r\n<a href=\"https:\/\/caetenews.com.br\/semana\/filmes-da-globo-na-sessao-da-tarde-desta-semana\/\" target=\"_blank\" rel=\"noopener\"><strong>Confira os filmes da semana na Sess\u00e3o da Tarde<\/strong><\/a><\/br>\r\n<a href=\"https:\/\/classindportal.mj.gov.br\/consulta-filmes\" target=\"_blank\" rel=\"noopener\"><strong>Consulte a classifica\u00e7\u00e3o indicativa dos filmes e novelas<\/strong><\/a><\/br><\/div>\n","protected":false},"excerpt":{"rendered":"<p>Dona de Mim: Delegada culpa Vanderson&#8230; Em Dona de Mim, Vanderson (Armando Babaioff) est\u00e1 desaparecido desde a morte de Abel &#8230;.<\/p>\n","protected":false},"author":1,"featured_media":84953,"comment_status":"closed","ping_status":"closed","sticky":false,"template":"","format":"standard","meta":{"_uf_show_specific_survey":0,"_uf_disable_surveys":false,"_jetpack_memberships_contains_paid_content":false,"footnotes":"","_wp_rev_ctl_limit":""},"categories":[884],"tags":[883,5,64],"class_list":["post-84952","post","type-post","status-publish","format-standard","has-post-thumbnail","hentry","category-dona-de-mim","tag-dona-de-mim","tag-globo","tag-novelas","wpcat-884-id"],"aioseo_notices":[],"jetpack_featured_media_url":"https:\/\/i0.wp.com\/www.tvnovelas.com.br\/tvnews\/wp-content\/uploads\/2025\/11\/12344.jpg?fit=728%2C410&ssl=1","jetpack_shortlink":"https:\/\/wp.me\/pdP2BO-m6c","jetpack_sharing_enabled":true,"_links":{"self":[{"href":"https:\/\/www.tvnovelas.com.br\/tvnews\/wp-json\/wp\/v2\/posts\/84952","targetHints":{"allow":["GET"]}}],"collection":[{"href":"https:\/\/www.tvnovelas.com.br\/tvnews\/wp-json\/wp\/v2\/posts"}],"about":[{"href":"https:\/\/www.tvnovelas.com.br\/tvnews\/wp-json\/wp\/v2\/types\/post"}],"author":[{"embeddable":true,"href":"https:\/\/www.tvnovelas.com.br\/tvnews\/wp-json\/wp\/v2\/users\/1"}],"replies":[{"embeddable":true,"href":"https:\/\/www.tvnovelas.com.br\/tvnews\/wp-json\/wp\/v2\/comments?post=84952"}],"version-history":[{"count":1,"href":"https:\/\/www.tvnovelas.com.br\/tvnews\/wp-json\/wp\/v2\/posts\/84952\/revisions"}],"predecessor-version":[{"id":84954,"href":"https:\/\/www.tvnovelas.com.br\/tvnews\/wp-json\/wp\/v2\/posts\/84952\/revisions\/84954"}],"wp:featuredmedia":[{"embeddable":true,"href":"https:\/\/www.tvnovelas.com.br\/tvnews\/wp-json\/wp\/v2\/media\/84953"}],"wp:attachment":[{"href":"https:\/\/www.tvnovelas.com.br\/tvnews\/wp-json\/wp\/v2\/media?parent=84952"}],"wp:term":[{"taxonomy":"category","embeddable":true,"href":"https:\/\/www.tvnovelas.com.br\/tvnews\/wp-json\/wp\/v2\/categories?post=84952"},{"taxonomy":"post_tag","embeddable":true,"href":"https:\/\/www.tvnovelas.com.br\/tvnews\/wp-json\/wp\/v2\/tags?post=84952"}],"curies":[{"name":"wp","href":"https:\/\/api.w.org\/{rel}","templated":true}]}}