{"id":84956,"date":"2025-11-07T08:59:04","date_gmt":"2025-11-07T11:59:04","guid":{"rendered":"https:\/\/www.tvnovelas.com.br\/tvnews\/?p=84956"},"modified":"2025-11-07T08:59:04","modified_gmt":"2025-11-07T11:59:04","slug":"tres-gracas-gerluce-fica-presa-no-quarto-secreto-das-tres-gracas","status":"publish","type":"post","link":"https:\/\/www.tvnovelas.com.br\/tvnews\/tres-gracas-gerluce-fica-presa-no-quarto-secreto-das-tres-gracas\/","title":{"rendered":"Tr\u00eas Gra\u00e7as: Gerluce fica presa no quarto secreto das Tr\u00eas Gra\u00e7as"},"content":{"rendered":"<figure id=\"attachment_84957\" aria-describedby=\"caption-attachment-84957\" style=\"width: 728px\" class=\"wp-caption aligncenter\"><img data-recalc-dims=\"1\" decoding=\"async\" class=\"wp-image-84957 size-full\" title=\"(Foto: TV Globo\/Tr\u00eas Gra\u00e7as)\" src=\"https:\/\/i0.wp.com\/www.tvnovelas.com.br\/tvnews\/wp-content\/uploads\/2025\/11\/12345.jpg?resize=728%2C410&#038;ssl=1\" alt=\"Foto em Tr\u00eas Gra\u00e7as: Gerluce fica presa no quarto secreto das Tr\u00eas Gra\u00e7as\" width=\"728\" height=\"410\" srcset=\"https:\/\/i0.wp.com\/www.tvnovelas.com.br\/tvnews\/wp-content\/uploads\/2025\/11\/12345.jpg?w=728&amp;ssl=1 728w, https:\/\/i0.wp.com\/www.tvnovelas.com.br\/tvnews\/wp-content\/uploads\/2025\/11\/12345.jpg?resize=250%2C141&amp;ssl=1 250w\" sizes=\"(max-width: 728px) 100vw, 728px\" \/><figcaption id=\"caption-attachment-84957\" class=\"wp-caption-text\">Tr\u00eas Gra\u00e7as: Gerluce fica presa no quarto secreto das Tr\u00eas Gra\u00e7as<\/figcaption><\/figure>\n<p>Em Tr\u00eas Gra\u00e7as, a sa\u00fade de L\u00edgia (Dira Paes) piora a cada dia. Gerluce (Sophie Charlotte) est\u00e1 vendo o estado da m\u00e3e e sabe que os rem\u00e9dios da farm\u00e1cia da Funda\u00e7\u00e3o Ferette que ela toma n\u00e3o fazem efeito. A cuidadora da Dona Josefa (Arlete Salles) decide agir.<\/p>\n<p>Gerluce sabe muito bem do esquema de Ferette (Murilo Ben\u00edcio) e Arminda (Grazi Massafera) com as medica\u00e7\u00f5es falsificadas distribu\u00eddas na Comunidade da Chacrinha. Ela pretende fazer um \u201cempr\u00e9stimo\u201d deste dinheiro sujo para comprar os rem\u00e9dios certos para a m\u00e3e.<\/p>\n<p>A jovem tamb\u00e9m sabe que Dona Josefa tem as chaves de todos os c\u00f4modos do casar\u00e3o da filha \u2013 at\u00e9 mesmo do quarto onde est\u00e1 a escultura da Tr\u00eas Gra\u00e7as e uma parte da grana deste neg\u00f3cio nefasto.<\/p>\n<p>Enquanto Dona Josefa descansa e, aproveitando que Arminda n\u00e3o est\u00e1 em casa, Gerluce pega o molho de chave e entra no quarto secreto.<\/p>\n<p>\u201cUm milh\u00e3o e meio de d\u00f3lares\u201d, ela diz, admirando a escultura das Tr\u00eas Gra\u00e7as.<\/p>\n<p>\u201cVoc\u00eas s\u00e3o valiosas, hein? Com esta grana dava para comprar os rem\u00e9dios de todos os doentes da Chacrinha.\u201d<\/p>\n<p>Mas o objetivo de Gerluce n\u00e3o \u00e9 a est\u00e1tua e, sim, o dinheiro que fica escondido nas sacolas de compras de mercado que est\u00e3o no quarto. Ela pega um ma\u00e7o, num misto de medo e culpa.<\/p>\n<p>\u201cSanta Rita de C\u00e1ssia, estou pegando este dinheiro para comprar a rem\u00e9dio da minha m\u00e3e. J\u00e1 prometi para senhora que devolvo assim que puder. Eu juro!\u201d<\/p>\n<p>Infelizmente, parece que Gerluce n\u00e3o conseguir\u00e1 seguir em frente com seu plano. Ela tenta sair do quarto, mas percebe que est\u00e1 trancada e nenhuma das chaves que tem em m\u00e3os abre a porta.<\/p>\n<p>\u201cSanta, eu sei que errei. Foi um erro, mas pegou pesado demais comigo\u201d, diz, desesperada.<br \/>\n<!--FIM--><br \/>\n<div class=\"pt-cv-wrapper\"><h2 class='pt-cv-heading-container heading2' data-blockid='aa8cb49py2'><span class='pt-cv-heading'> \u00daltimas da Novela <\/span><\/h2><div class=\"pt-cv-view pt-cv-grid pt-cv-colsys\" id=\"pt-cv-view-aa8cb49py2\"><div data-id=\"pt-cv-page-1\" class=\"pt-cv-page\" data-cvc=\"1\"><div class=\"col-md-12 col-sm-12 col-xs-12 pt-cv-content-item pt-cv-1-col\" ><div class='pt-cv-ifield'><h4 class=\"pt-cv-title\"><a href=\"https:\/\/www.tvnovelas.com.br\/tvnews\/tres-gracas-joaquim-propoe-fuga-a-arminda-com-o-dinheiro-das-tres-gracas\/\" class=\"_self\" target=\"_self\" >Tr\u00eas Gra\u00e7as:  Joaquim prop\u00f5e fuga a Arminda com o dinheiro das Tr\u00eas Gra\u00e7as<\/a><\/h4><\/div><\/div>\n<div class=\"col-md-12 col-sm-12 col-xs-12 pt-cv-content-item pt-cv-1-col\" ><div class='pt-cv-ifield'><h4 class=\"pt-cv-title\"><a href=\"https:\/\/www.tvnovelas.com.br\/tvnews\/tres-gracas-bagda-e-preso-por-juquinha\/\" class=\"_self\" target=\"_self\" >Tr\u00eas Gra\u00e7as:  Bagd\u00e1 \u00e9 preso por Juquinha<\/a><\/h4><\/div><\/div>\n<div class=\"col-md-12 col-sm-12 col-xs-12 pt-cv-content-item pt-cv-1-col\" ><div class='pt-cv-ifield'><h4 class=\"pt-cv-title\"><a href=\"https:\/\/www.tvnovelas.com.br\/tvnews\/os-resumos-de-tres-gracas-da-semana-27-4-a-02-de-maio\/\" class=\"_self\" target=\"_self\" >Os resumos de Tr\u00eas Gra\u00e7as da semana 27\/4 a 02 de maio<\/a><\/h4><\/div><\/div><\/div><\/div><\/div><\/p>\n<h2>Saiba mais<\/h2>\n<p><a href=\"https:\/\/tvnovelas.com.br\/novelas\/resumos-de-tres-gracas\/\" target=\"_blank\" rel=\"noopener\">Tr\u00eas Gra\u00e7as: Resumos dos cap\u00edtulos da semana<\/a><br \/>\n<a href=\"https:\/\/tvnovelas.com.br\/page2\/arquivo\/tres-gracas-aluta-para-nao-perder-a-esperanca\/\" target=\"_blank\" rel=\"noopener\">&#8216;Tr\u00eas Gra\u00e7as\u2019, a luta para n\u00e3o perder a esperan\u00e7a<\/a> (Sinopse)<br \/>\n<a href=\"https:\/\/www.tvnovelas.com.br\/tvnews\/tres-gracas-as-tres-gracas-e-suas-adversidades\/\" target=\"_blank\" rel=\"noopener\">Tr\u00eas Gra\u00e7as: As tr\u00eas Gra\u00e7as e suas adversidades<\/a><\/p>\n<div style=\"font-size: 120%;\"><h3>Confira tamb\u00e9m<\/h3>\r\n<a href=\"https:\/\/tvnovelas.com.br\/novelas\/\" rel=\"noopener\" target=\"_blank\"><strong>Todos os resumos de novelas<\/strong><\/a><\/br>\r\n<a href=\"https:\/\/www.tvnovelas.com.br\/tvnews\/\" rel=\"noopener\" target=\"_blank\"><strong>\u00daltimas not\u00edcias das novelas<\/strong><\/a><\/br>\r\n<a href=\"https:\/\/www.tvnovelas.com.br\/filmes\/\" target=\"_blank\" rel=\"noopener noreferrer\"><strong>Programa\u00e7\u00e3o de filmes na TV aberta<\/strong><\/a><\/br>\r\n<a href=\"https:\/\/caetenews.com.br\/semana\/filmes-da-globo-na-sessao-da-tarde-desta-semana\/\" target=\"_blank\" rel=\"noopener\"><strong>Confira os filmes da semana na Sess\u00e3o da Tarde<\/strong><\/a><\/br>\r\n<a href=\"https:\/\/classindportal.mj.gov.br\/consulta-filmes\" target=\"_blank\" rel=\"noopener\"><strong>Consulte a classifica\u00e7\u00e3o indicativa dos filmes e novelas<\/strong><\/a><\/br><\/div>\n","protected":false},"excerpt":{"rendered":"<p>Tr\u00eas Gra\u00e7as: Gerluce fica presa no quarto&#8230; Em Tr\u00eas Gra\u00e7as, a sa\u00fade de L\u00edgia (Dira Paes) piora a cada dia. Gerluce (Sophie Charlotte) est\u00e1 vendo&#8230;<\/p>\n","protected":false},"author":1,"featured_media":84957,"comment_status":"closed","ping_status":"closed","sticky":false,"template":"","format":"standard","meta":{"_uf_show_specific_survey":0,"_uf_disable_surveys":false,"_jetpack_memberships_contains_paid_content":false,"footnotes":"","_wp_rev_ctl_limit":""},"categories":[1006],"tags":[5,64,1007],"class_list":["post-84956","post","type-post","status-publish","format-standard","has-post-thumbnail","hentry","category-tres-gracas","tag-globo","tag-novelas","tag-tres-gracas","wpcat-1006-id"],"aioseo_notices":[],"jetpack_featured_media_url":"https:\/\/i0.wp.com\/www.tvnovelas.com.br\/tvnews\/wp-content\/uploads\/2025\/11\/12345.jpg?fit=728%2C410&ssl=1","jetpack_shortlink":"https:\/\/wp.me\/pdP2BO-m6g","jetpack_sharing_enabled":true,"_links":{"self":[{"href":"https:\/\/www.tvnovelas.com.br\/tvnews\/wp-json\/wp\/v2\/posts\/84956","targetHints":{"allow":["GET"]}}],"collection":[{"href":"https:\/\/www.tvnovelas.com.br\/tvnews\/wp-json\/wp\/v2\/posts"}],"about":[{"href":"https:\/\/www.tvnovelas.com.br\/tvnews\/wp-json\/wp\/v2\/types\/post"}],"author":[{"embeddable":true,"href":"https:\/\/www.tvnovelas.com.br\/tvnews\/wp-json\/wp\/v2\/users\/1"}],"replies":[{"embeddable":true,"href":"https:\/\/www.tvnovelas.com.br\/tvnews\/wp-json\/wp\/v2\/comments?post=84956"}],"version-history":[{"count":1,"href":"https:\/\/www.tvnovelas.com.br\/tvnews\/wp-json\/wp\/v2\/posts\/84956\/revisions"}],"predecessor-version":[{"id":84958,"href":"https:\/\/www.tvnovelas.com.br\/tvnews\/wp-json\/wp\/v2\/posts\/84956\/revisions\/84958"}],"wp:featuredmedia":[{"embeddable":true,"href":"https:\/\/www.tvnovelas.com.br\/tvnews\/wp-json\/wp\/v2\/media\/84957"}],"wp:attachment":[{"href":"https:\/\/www.tvnovelas.com.br\/tvnews\/wp-json\/wp\/v2\/media?parent=84956"}],"wp:term":[{"taxonomy":"category","embeddable":true,"href":"https:\/\/www.tvnovelas.com.br\/tvnews\/wp-json\/wp\/v2\/categories?post=84956"},{"taxonomy":"post_tag","embeddable":true,"href":"https:\/\/www.tvnovelas.com.br\/tvnews\/wp-json\/wp\/v2\/tags?post=84956"}],"curies":[{"name":"wp","href":"https:\/\/api.w.org\/{rel}","templated":true}]}}