{"id":84974,"date":"2025-11-07T11:40:56","date_gmt":"2025-11-07T14:40:56","guid":{"rendered":"https:\/\/www.tvnovelas.com.br\/tvnews\/?p=84974"},"modified":"2025-11-07T11:40:56","modified_gmt":"2025-11-07T14:40:56","slug":"a-escrava-isaura-leoncio-denuncia-tomasia-por-abrigar-isaura","status":"publish","type":"post","link":"https:\/\/www.tvnovelas.com.br\/tvnews\/a-escrava-isaura-leoncio-denuncia-tomasia-por-abrigar-isaura\/","title":{"rendered":"A Escrava Isaura: Le\u00f4ncio denuncia Tom\u00e1sia por abrigar Isaura"},"content":{"rendered":"<figure id=\"attachment_84975\" aria-describedby=\"caption-attachment-84975\" style=\"width: 728px\" class=\"wp-caption aligncenter\"><img data-recalc-dims=\"1\" decoding=\"async\" class=\"size-full wp-image-84975\" src=\"https:\/\/i0.wp.com\/www.tvnovelas.com.br\/tvnews\/wp-content\/uploads\/2025\/11\/12349.jpg?resize=728%2C410&#038;ssl=1\" alt=\"Foto em A Escrava Isaura: Le\u00f4ncio denuncia Tom\u00e1sia\" width=\"728\" height=\"410\" srcset=\"https:\/\/i0.wp.com\/www.tvnovelas.com.br\/tvnews\/wp-content\/uploads\/2025\/11\/12349.jpg?w=728&amp;ssl=1 728w, https:\/\/i0.wp.com\/www.tvnovelas.com.br\/tvnews\/wp-content\/uploads\/2025\/11\/12349.jpg?resize=250%2C141&amp;ssl=1 250w\" sizes=\"(max-width: 728px) 100vw, 728px\" \/><figcaption id=\"caption-attachment-84975\" class=\"wp-caption-text\">A Escrava Isaura: Le\u00f4ncio denuncia Tom\u00e1sia<\/figcaption><\/figure>\n<p>Em A Escrava Isaura no cap\u00edtulo desta sexta, dia 7, Determinado a recuperar sua escrava fugitiva, o vil\u00e3o denuncia Tom\u00e1sia ao sargento de mil\u00edcia, acusando a condessa de abrigar Isaura em sua casa.<\/p>\n<p>Cheio de raiva e sentimento de vingan\u00e7a, Le\u00f4ncio exige que Tom\u00e1sia seja presa por ajudar na fuga da jovem, que continua temendo ser recapturada. A den\u00fancia coloca a condessa em uma situa\u00e7\u00e3o delicada, e o clima na fazenda se torna ainda mais tenso.<\/p>\n<p>Depois de entrar na casa de Tom\u00e1sia e exigir que a pol\u00edcia fa\u00e7a uma busca por Isaura, Le\u00f4ncio organiza seus homens para cercar a fazenda de Tom\u00e1sia e evitar a fuga da escrava.<\/p>\n<p>Enquanto isso, Isaura sofre com o medo de ver sua protetora injustamente punida por sua causa, e Miguel tenta encontrar uma forma de impedir que Le\u00f4ncio cumpra suas amea\u00e7as. O cap\u00edtulo promete fortes emo\u00e7\u00f5es e novos desdobramentos na persegui\u00e7\u00e3o implac\u00e1vel do fazendeiro.<\/p>\n<p>Confira o resumo do cap\u00edtulo de hoje:<\/p>\n<h2 style=\"color: #f25912;\">Resumo de sexta-feira, 07 de novembro<\/h2>\n<p>Le\u00f4ncio denuncia Tom\u00e1sia ao sargento de mil\u00edcia por abrigar Isaura e exige que a condessa seja presa. Bernardo encontra seu primeiro diamante. A condessa arma um plano para ajudar Miguel e Isaura. Le\u00f4ncio entra na casa de Tom\u00e1sia e exige que a pol\u00edcia fa\u00e7a uma busca por Isaura. O fazendeiro organiza seus homens para cercar a fazenda de Tom\u00e1sia e evitar a fuga da escrava. No cerco \u00e0 fazenda da condessa, Andr\u00e9 reencontra os companheiros de senzala e todos se unem para salvar Isaura. Miguel e a filha se emocionam e agradecem a ajuda da condessa antes de partirem. Malvina insiste em se reconciliar com Le\u00f4ncio, e deixa o pai irritado.<br \/>\n<!--FIM--><\/p>\n<h2>Saiba mais<\/h2>\n<p><a href=\"https:\/\/tvnovelas.com.br\/novelas\/resumos-da-novela-a-escrava-isaura\/\" target=\"_blank\" rel=\"noopener\">Escrava Isaura: Resumos dos cap\u00edtulos da semana<\/a><br \/>\n<a href=\"https:\/\/wp.me\/pfspD2-Jf\" target=\"_blank\" rel=\"noopener\">Escrava Isaura: o sonho da liberdade<\/a><\/p>\n<div style=\"font-size: 120%;\"><h3>Confira tamb\u00e9m<\/h3>\r\n<a href=\"https:\/\/tvnovelas.com.br\/novelas\/\" rel=\"noopener\" target=\"_blank\"><strong>Todos os resumos de novelas<\/strong><\/a><\/br>\r\n<a href=\"https:\/\/www.tvnovelas.com.br\/tvnews\/\" rel=\"noopener\" target=\"_blank\"><strong>\u00daltimas not\u00edcias das novelas<\/strong><\/a><\/br>\r\n<a href=\"https:\/\/www.tvnovelas.com.br\/filmes\/\" target=\"_blank\" rel=\"noopener noreferrer\"><strong>Programa\u00e7\u00e3o de filmes na TV aberta<\/strong><\/a><\/br>\r\n<a href=\"https:\/\/caetenews.com.br\/semana\/filmes-da-globo-na-sessao-da-tarde-desta-semana\/\" target=\"_blank\" rel=\"noopener\"><strong>Confira os filmes da semana na Sess\u00e3o da Tarde<\/strong><\/a><\/br>\r\n<a href=\"https:\/\/classindportal.mj.gov.br\/consulta-filmes\" target=\"_blank\" rel=\"noopener\"><strong>Consulte a classifica\u00e7\u00e3o indicativa dos filmes e novelas<\/strong><\/a><\/br><\/div>\n","protected":false},"excerpt":{"rendered":"<p>A Escrava Isaura: Le\u00f4ncio denuncia Tom\u00e1sia&#8230;. Em A Escrava Isaura no cap\u00edtulo desta sexta, dia 7, Determinado a recuperar sua escrava fugitiva<\/p>\n","protected":false},"author":1,"featured_media":84975,"comment_status":"closed","ping_status":"closed","sticky":false,"template":"","format":"standard","meta":{"_uf_show_specific_survey":0,"_uf_disable_surveys":false,"_jetpack_memberships_contains_paid_content":false,"footnotes":"","_wp_rev_ctl_limit":""},"categories":[984],"tags":[985,64,14],"class_list":["post-84974","post","type-post","status-publish","format-standard","has-post-thumbnail","hentry","category-a-escrava-isaura","tag-a-escrava-isaura","tag-novelas","tag-record","wpcat-984-id"],"aioseo_notices":[],"jetpack_featured_media_url":"https:\/\/i0.wp.com\/www.tvnovelas.com.br\/tvnews\/wp-content\/uploads\/2025\/11\/12349.jpg?fit=728%2C410&ssl=1","jetpack_shortlink":"https:\/\/wp.me\/pdP2BO-m6y","jetpack_sharing_enabled":true,"_links":{"self":[{"href":"https:\/\/www.tvnovelas.com.br\/tvnews\/wp-json\/wp\/v2\/posts\/84974","targetHints":{"allow":["GET"]}}],"collection":[{"href":"https:\/\/www.tvnovelas.com.br\/tvnews\/wp-json\/wp\/v2\/posts"}],"about":[{"href":"https:\/\/www.tvnovelas.com.br\/tvnews\/wp-json\/wp\/v2\/types\/post"}],"author":[{"embeddable":true,"href":"https:\/\/www.tvnovelas.com.br\/tvnews\/wp-json\/wp\/v2\/users\/1"}],"replies":[{"embeddable":true,"href":"https:\/\/www.tvnovelas.com.br\/tvnews\/wp-json\/wp\/v2\/comments?post=84974"}],"version-history":[{"count":1,"href":"https:\/\/www.tvnovelas.com.br\/tvnews\/wp-json\/wp\/v2\/posts\/84974\/revisions"}],"predecessor-version":[{"id":84976,"href":"https:\/\/www.tvnovelas.com.br\/tvnews\/wp-json\/wp\/v2\/posts\/84974\/revisions\/84976"}],"wp:featuredmedia":[{"embeddable":true,"href":"https:\/\/www.tvnovelas.com.br\/tvnews\/wp-json\/wp\/v2\/media\/84975"}],"wp:attachment":[{"href":"https:\/\/www.tvnovelas.com.br\/tvnews\/wp-json\/wp\/v2\/media?parent=84974"}],"wp:term":[{"taxonomy":"category","embeddable":true,"href":"https:\/\/www.tvnovelas.com.br\/tvnews\/wp-json\/wp\/v2\/categories?post=84974"},{"taxonomy":"post_tag","embeddable":true,"href":"https:\/\/www.tvnovelas.com.br\/tvnews\/wp-json\/wp\/v2\/tags?post=84974"}],"curies":[{"name":"wp","href":"https:\/\/api.w.org\/{rel}","templated":true}]}}