{"id":85022,"date":"2025-11-08T20:02:21","date_gmt":"2025-11-08T23:02:21","guid":{"rendered":"https:\/\/www.tvnovelas.com.br\/tvnews\/?p=85022"},"modified":"2025-11-08T20:06:07","modified_gmt":"2025-11-08T23:06:07","slug":"tres-gracas-arminda-ameaca-ferette","status":"publish","type":"post","link":"https:\/\/www.tvnovelas.com.br\/tvnews\/tres-gracas-arminda-ameaca-ferette\/","title":{"rendered":"Tr\u00eas Gra\u00e7as: Arminda amea\u00e7a Ferette"},"content":{"rendered":"<figure id=\"attachment_85023\" aria-describedby=\"caption-attachment-85023\" style=\"width: 714px\" class=\"wp-caption aligncenter\"><img data-recalc-dims=\"1\" decoding=\"async\" class=\"wp-image-85023 size-full\" title=\"(Foto: TV Globo\/Tr\u00eas Gra\u00e7as)\" src=\"https:\/\/i0.wp.com\/www.tvnovelas.com.br\/tvnews\/wp-content\/uploads\/2025\/11\/12359.jpg?resize=714%2C410&#038;ssl=1\" alt=\"Foto em Tr\u00eas Gra\u00e7as: Arminda amea\u00e7a Ferette\" width=\"714\" height=\"410\" srcset=\"https:\/\/i0.wp.com\/www.tvnovelas.com.br\/tvnews\/wp-content\/uploads\/2025\/11\/12359.jpg?w=714&amp;ssl=1 714w, https:\/\/i0.wp.com\/www.tvnovelas.com.br\/tvnews\/wp-content\/uploads\/2025\/11\/12359.jpg?resize=250%2C144&amp;ssl=1 250w\" sizes=\"(max-width: 714px) 100vw, 714px\" \/><figcaption id=\"caption-attachment-85023\" class=\"wp-caption-text\">Tr\u00eas Gra\u00e7as: Arminda amea\u00e7a Ferette<\/figcaption><\/figure>\n<p>Em Tr\u00eas Gra\u00e7as, Nos pr\u00f3ximos cap\u00edtulos de &#8216;Tr\u00eas Gra\u00e7as&#8217;, a sintonia entre Arminda (Grazi Massafera) e Ferette (Murilo Ben\u00edcio) vai ficar de lado. Depois de amea\u00e7ar deix\u00e1-la, caso n\u00e3o d\u00ea os rem\u00e9dios falsos a Josefa (Arlete Salles), o empres\u00e1rio passa a evitar as liga\u00e7\u00f5es da amante, que decide n\u00e3o deixar barato.<\/p>\n<p>Em sequ\u00eancia prevista para ir ao ar na ter\u00e7a-feira, dia 11, Arminda aparece de surpresa na funda\u00e7\u00e3o. Impaciente, Ferette diz que n\u00e3o quer conversa e a m\u00e3e de Raul (Paulo Mendes) avisa que convidou Zenilda (Andr\u00e9ia Horta) para encontr\u00e1-la na sala do marido. Ferette percebe a amea\u00e7a e engasga quando tenta falar, emendando em um intermin\u00e1vel ataque de tosse.<\/p>\n<p>Arminda olha para ele, fascinada com a cena, enquanto Ferette come\u00e7a a balbuciar algo no auge da afli\u00e7\u00e3o. Ela insiste para que ele diga o que est\u00e1 acontecendo e lembra que Zenilda deve chegar e, assim, poder\u00e1 falar na frente dela, deixando o amante ainda mais desesperado.<\/p>\n<p>Logo, Zenilda aparece e se assusta com a situa\u00e7\u00e3o do marido, que s\u00f3 piora com sua presen\u00e7a. Enquanto ela pede por um copo d&#8217;\u00e1gua e tenta acalmar Ferette, Arminda finge preocupa\u00e7\u00e3o. Ainda sentindo-se sufocado, ele consegue beber, olha para Arminda com \u00f3dio e grita para que as duas saiam da sala. J\u00e1 no restaurante da funda\u00e7\u00e3o, Zenilda conclui que o marido se sentiu mal porque trabalha demais e depois Macedo (Rodrigo Garcia) interrompe as duas para avisar que o chefe quer falar com elas.<\/p>\n<p>Em sua sala, visivelmente calmo, Ferette, encara Arminda e pergunta qual foi o assunto urgente que a trouxe at\u00e9 ali. Na saia justa, ela inventa que queria pedir um est\u00e1gio para o filho Raul e, com o incentivo de Zenilda, o dono da funda\u00e7\u00e3o diz que vai pensar no assunto e Arminda agradece. Ferette, ent\u00e3o, faz quest\u00e3o de pedir licen\u00e7a para levar a esposa para jantar.<br \/>\n<!--FIM--><br \/>\n<div class=\"pt-cv-wrapper\"><h2 class='pt-cv-heading-container heading2' data-blockid='aa8cb49py2'><span class='pt-cv-heading'> \u00daltimas da Novela <\/span><\/h2><div class=\"pt-cv-view pt-cv-grid pt-cv-colsys\" id=\"pt-cv-view-aa8cb49py2\"><div data-id=\"pt-cv-page-1\" class=\"pt-cv-page\" data-cvc=\"1\"><div class=\"col-md-12 col-sm-12 col-xs-12 pt-cv-content-item pt-cv-1-col\" ><div class='pt-cv-ifield'><h4 class=\"pt-cv-title\"><a href=\"https:\/\/www.tvnovelas.com.br\/tvnews\/tres-gracas-joaquim-propoe-fuga-a-arminda-com-o-dinheiro-das-tres-gracas\/\" class=\"_self\" target=\"_self\" >Tr\u00eas Gra\u00e7as:  Joaquim prop\u00f5e fuga a Arminda com o dinheiro das Tr\u00eas Gra\u00e7as<\/a><\/h4><\/div><\/div>\n<div class=\"col-md-12 col-sm-12 col-xs-12 pt-cv-content-item pt-cv-1-col\" ><div class='pt-cv-ifield'><h4 class=\"pt-cv-title\"><a href=\"https:\/\/www.tvnovelas.com.br\/tvnews\/tres-gracas-bagda-e-preso-por-juquinha\/\" class=\"_self\" target=\"_self\" >Tr\u00eas Gra\u00e7as:  Bagd\u00e1 \u00e9 preso por Juquinha<\/a><\/h4><\/div><\/div>\n<div class=\"col-md-12 col-sm-12 col-xs-12 pt-cv-content-item pt-cv-1-col\" ><div class='pt-cv-ifield'><h4 class=\"pt-cv-title\"><a href=\"https:\/\/www.tvnovelas.com.br\/tvnews\/os-resumos-de-tres-gracas-da-semana-27-4-a-02-de-maio\/\" class=\"_self\" target=\"_self\" >Os resumos de Tr\u00eas Gra\u00e7as da semana 27\/4 a 02 de maio<\/a><\/h4><\/div><\/div><\/div><\/div><\/div><\/p>\n<h2>Saiba mais<\/h2>\n<p><a href=\"https:\/\/tvnovelas.com.br\/novelas\/resumos-de-tres-gracas\/\" target=\"_blank\" rel=\"noopener\">Tr\u00eas Gra\u00e7as: Resumos dos cap\u00edtulos da semana<\/a><br \/>\n<a href=\"https:\/\/tvnovelas.com.br\/page2\/arquivo\/tres-gracas-aluta-para-nao-perder-a-esperanca\/\" target=\"_blank\" rel=\"noopener\">&#8216;Tr\u00eas Gra\u00e7as\u2019, a luta para n\u00e3o perder a esperan\u00e7a<\/a> (Sinopse)<br \/>\n<a href=\"https:\/\/www.tvnovelas.com.br\/tvnews\/tres-gracas-as-tres-gracas-e-suas-adversidades\/\" target=\"_blank\" rel=\"noopener\">Tr\u00eas Gra\u00e7as: As tr\u00eas Gra\u00e7as e suas adversidades<\/a><\/p>\n<div style=\"font-size: 120%;\"><h3>Confira tamb\u00e9m<\/h3>\r\n<a href=\"https:\/\/tvnovelas.com.br\/novelas\/\" rel=\"noopener\" target=\"_blank\"><strong>Todos os resumos de novelas<\/strong><\/a><\/br>\r\n<a href=\"https:\/\/www.tvnovelas.com.br\/tvnews\/\" rel=\"noopener\" target=\"_blank\"><strong>\u00daltimas not\u00edcias das novelas<\/strong><\/a><\/br>\r\n<a href=\"https:\/\/www.tvnovelas.com.br\/filmes\/\" target=\"_blank\" rel=\"noopener noreferrer\"><strong>Programa\u00e7\u00e3o de filmes na TV aberta<\/strong><\/a><\/br>\r\n<a href=\"https:\/\/caetenews.com.br\/semana\/filmes-da-globo-na-sessao-da-tarde-desta-semana\/\" target=\"_blank\" rel=\"noopener\"><strong>Confira os filmes da semana na Sess\u00e3o da Tarde<\/strong><\/a><\/br>\r\n<a href=\"https:\/\/classindportal.mj.gov.br\/consulta-filmes\" target=\"_blank\" rel=\"noopener\"><strong>Consulte a classifica\u00e7\u00e3o indicativa dos filmes e novelas<\/strong><\/a><\/br><\/div>\n","protected":false},"excerpt":{"rendered":"<p>Tr\u00eas Gra\u00e7as: Arminda amea\u00e7a Ferette&#8230; Em Tr\u00eas Gra\u00e7as, Nos pr\u00f3ximos cap\u00edtulos de &#8216;Tr\u00eas Gra\u00e7as&#8217;, a sintonia entre Arminda e Ferette vai ficar de lado&#8230;.<\/p>\n","protected":false},"author":1,"featured_media":85023,"comment_status":"closed","ping_status":"closed","sticky":false,"template":"","format":"standard","meta":{"_uf_show_specific_survey":0,"_uf_disable_surveys":false,"_jetpack_memberships_contains_paid_content":false,"footnotes":"","_wp_rev_ctl_limit":""},"categories":[1006],"tags":[5,64,1007],"class_list":["post-85022","post","type-post","status-publish","format-standard","has-post-thumbnail","hentry","category-tres-gracas","tag-globo","tag-novelas","tag-tres-gracas","wpcat-1006-id"],"aioseo_notices":[],"jetpack_featured_media_url":"https:\/\/i0.wp.com\/www.tvnovelas.com.br\/tvnews\/wp-content\/uploads\/2025\/11\/12359.jpg?fit=714%2C410&ssl=1","jetpack_shortlink":"https:\/\/wp.me\/pdP2BO-m7k","jetpack_sharing_enabled":true,"_links":{"self":[{"href":"https:\/\/www.tvnovelas.com.br\/tvnews\/wp-json\/wp\/v2\/posts\/85022","targetHints":{"allow":["GET"]}}],"collection":[{"href":"https:\/\/www.tvnovelas.com.br\/tvnews\/wp-json\/wp\/v2\/posts"}],"about":[{"href":"https:\/\/www.tvnovelas.com.br\/tvnews\/wp-json\/wp\/v2\/types\/post"}],"author":[{"embeddable":true,"href":"https:\/\/www.tvnovelas.com.br\/tvnews\/wp-json\/wp\/v2\/users\/1"}],"replies":[{"embeddable":true,"href":"https:\/\/www.tvnovelas.com.br\/tvnews\/wp-json\/wp\/v2\/comments?post=85022"}],"version-history":[{"count":1,"href":"https:\/\/www.tvnovelas.com.br\/tvnews\/wp-json\/wp\/v2\/posts\/85022\/revisions"}],"predecessor-version":[{"id":85024,"href":"https:\/\/www.tvnovelas.com.br\/tvnews\/wp-json\/wp\/v2\/posts\/85022\/revisions\/85024"}],"wp:featuredmedia":[{"embeddable":true,"href":"https:\/\/www.tvnovelas.com.br\/tvnews\/wp-json\/wp\/v2\/media\/85023"}],"wp:attachment":[{"href":"https:\/\/www.tvnovelas.com.br\/tvnews\/wp-json\/wp\/v2\/media?parent=85022"}],"wp:term":[{"taxonomy":"category","embeddable":true,"href":"https:\/\/www.tvnovelas.com.br\/tvnews\/wp-json\/wp\/v2\/categories?post=85022"},{"taxonomy":"post_tag","embeddable":true,"href":"https:\/\/www.tvnovelas.com.br\/tvnews\/wp-json\/wp\/v2\/tags?post=85022"}],"curies":[{"name":"wp","href":"https:\/\/api.w.org\/{rel}","templated":true}]}}