{"id":85084,"date":"2025-11-10T13:48:20","date_gmt":"2025-11-10T16:48:20","guid":{"rendered":"https:\/\/www.tvnovelas.com.br\/tvnews\/?p=85084"},"modified":"2025-11-10T13:49:35","modified_gmt":"2025-11-10T16:49:35","slug":"a-escrava-isaura-isaura-e-miguel-fogem-com-andre-pela-mata","status":"publish","type":"post","link":"https:\/\/www.tvnovelas.com.br\/tvnews\/a-escrava-isaura-isaura-e-miguel-fogem-com-andre-pela-mata\/","title":{"rendered":"A Escrava Isaura: Isaura e Miguel fogem com Andr\u00e9 pela mata"},"content":{"rendered":"<figure id=\"attachment_85085\" aria-describedby=\"caption-attachment-85085\" style=\"width: 726px\" class=\"wp-caption aligncenter\"><img data-recalc-dims=\"1\" decoding=\"async\" class=\"wp-image-85085 size-full\" title=\"(Foto: Record\/A Escrava Isaura)\" src=\"https:\/\/i0.wp.com\/www.tvnovelas.com.br\/tvnews\/wp-content\/uploads\/2025\/11\/12370.jpg?resize=726%2C410&#038;ssl=1\" alt=\"Foto em A Escrava Isaura: Isaura e Miguel fogem com Andr\u00e9 pela mata\" width=\"726\" height=\"410\" srcset=\"https:\/\/i0.wp.com\/www.tvnovelas.com.br\/tvnews\/wp-content\/uploads\/2025\/11\/12370.jpg?w=726&amp;ssl=1 726w, https:\/\/i0.wp.com\/www.tvnovelas.com.br\/tvnews\/wp-content\/uploads\/2025\/11\/12370.jpg?resize=250%2C141&amp;ssl=1 250w\" sizes=\"(max-width: 726px) 100vw, 726px\" \/><figcaption id=\"caption-attachment-85085\" class=\"wp-caption-text\">A Escrava Isaura: Isaura e Miguel fogem com Andr\u00e9 pela mata<\/figcaption><\/figure>\n<p>No cap\u00edtulo desta segunda-feira, dia 10, de A Escrava Isaura, ap\u00f3s in\u00fameras humilha\u00e7\u00f5es e puni\u00e7\u00f5es impostas por Le\u00f4ncio, Isaura finalmente decide fugir da fazenda. Com a ajuda de Miguel e do fiel Andr\u00e9, a jovem escrava consegue escapar em meio \u00e0 noite, atravessando a mata em busca da t\u00e3o sonhada liberdade.<\/p>\n<p>O plano de fuga \u00e9 arriscado, e qualquer descuido pode colocar tudo a perder. Enquanto Isaura luta contra o medo e a exaust\u00e3o, Le\u00f4ncio percebe a aus\u00eancia dos fugitivos e d\u00e1 in\u00edcio a uma ca\u00e7ada implac\u00e1vel para captur\u00e1-los. A tens\u00e3o aumenta \u00e0 medida que o vil\u00e3o mobiliza seus capangas para revistar cada canto da regi\u00e3o.<\/p>\n<p>Determinada a se libertar das correntes da escravid\u00e3o e viver em paz ao lado do pai, Isaura mostra coragem e esperan\u00e7a mesmo diante do perigo. A fuga pela mata marca um dos momentos mais dram\u00e1ticos e decisivos da hist\u00f3ria.<\/p>\n<p>Confira o resumo do cap\u00edtulo de hoje:<\/p>\n<h2 style=\"color: #0046ff;\">Resumo de segunda-feira, 10 de novembro<\/h2>\n<p>Isaura e Miguel fogem com Andr\u00e9 pela mata. Le\u00f4ncio fica irado ao saber que Isaura e outros escravos fugiram. Andr\u00e9 se arrisca para ajudar Isaura. Le\u00f4ncio volta a ter vis\u00f5es com o falecido pai e fica perturbado. Andr\u00e9 reencontra Isaura e Miguel no caminho para o quilombo. Branca entrega algumas pequenas joias para \u00c1lvaro comprar a alforria de escravos, e o rapaz fica decepcionado. Helena se nega a ser examinada pelo doutor Paulo e pede que o pai chame Diogo. Raimundo procura por Tom\u00e1sia e oferece seus servi\u00e7os. Sebasti\u00e3o prop\u00f5e um acordo a Le\u00f4ncio, para que ele retire a queixa contra Henrique e o fazendeiro imp\u00f5e uma condi\u00e7\u00e3o.<br \/>\n<!--FIM--><\/p>\n<h2>Saiba mais<\/h2>\n<p><a href=\"https:\/\/tvnovelas.com.br\/novelas\/resumos-da-novela-a-escrava-isaura\/\" target=\"_blank\" rel=\"noopener\">Escrava Isaura: Resumos dos cap\u00edtulos da semana<\/a><br \/>\n<a href=\"https:\/\/wp.me\/pfspD2-Jf\" target=\"_blank\" rel=\"noopener\">Escrava Isaura: o sonho da liberdade<\/a><\/p>\n<div style=\"font-size: 120%;\"><h3>Confira tamb\u00e9m<\/h3>\r\n<a href=\"https:\/\/tvnovelas.com.br\/novelas\/\" rel=\"noopener\" target=\"_blank\"><strong>Todos os resumos de novelas<\/strong><\/a><\/br>\r\n<a href=\"https:\/\/www.tvnovelas.com.br\/tvnews\/\" rel=\"noopener\" target=\"_blank\"><strong>\u00daltimas not\u00edcias das novelas<\/strong><\/a><\/br>\r\n<a href=\"https:\/\/www.tvnovelas.com.br\/filmes\/\" target=\"_blank\" rel=\"noopener noreferrer\"><strong>Programa\u00e7\u00e3o de filmes na TV aberta<\/strong><\/a><\/br>\r\n<a href=\"https:\/\/caetenews.com.br\/semana\/filmes-da-globo-na-sessao-da-tarde-desta-semana\/\" target=\"_blank\" rel=\"noopener\"><strong>Confira os filmes da semana na Sess\u00e3o da Tarde<\/strong><\/a><\/br>\r\n<a href=\"https:\/\/classindportal.mj.gov.br\/consulta-filmes\" target=\"_blank\" rel=\"noopener\"><strong>Consulte a classifica\u00e7\u00e3o indicativa dos filmes e novelas<\/strong><\/a><\/br><\/div>\n","protected":false},"excerpt":{"rendered":"<p>A Escrava Isaura: Isaura e Miguel fogem&#8230;. No cap\u00edtulo desta segunda-feira, dia 10, de A Escrava Isaura, ap\u00f3s in\u00fameras humilha\u00e7\u00f5es e puni\u00e7\u00f5es&#8230;<\/p>\n","protected":false},"author":1,"featured_media":85085,"comment_status":"closed","ping_status":"closed","sticky":false,"template":"","format":"standard","meta":{"_uf_show_specific_survey":0,"_uf_disable_surveys":false,"_jetpack_memberships_contains_paid_content":false,"footnotes":"","_wp_rev_ctl_limit":""},"categories":[984],"tags":[985,64,14],"class_list":["post-85084","post","type-post","status-publish","format-standard","has-post-thumbnail","hentry","category-a-escrava-isaura","tag-a-escrava-isaura","tag-novelas","tag-record","wpcat-984-id"],"aioseo_notices":[],"jetpack_featured_media_url":"https:\/\/i0.wp.com\/www.tvnovelas.com.br\/tvnews\/wp-content\/uploads\/2025\/11\/12370.jpg?fit=726%2C410&ssl=1","jetpack_shortlink":"https:\/\/wp.me\/pdP2BO-m8k","jetpack_sharing_enabled":true,"_links":{"self":[{"href":"https:\/\/www.tvnovelas.com.br\/tvnews\/wp-json\/wp\/v2\/posts\/85084","targetHints":{"allow":["GET"]}}],"collection":[{"href":"https:\/\/www.tvnovelas.com.br\/tvnews\/wp-json\/wp\/v2\/posts"}],"about":[{"href":"https:\/\/www.tvnovelas.com.br\/tvnews\/wp-json\/wp\/v2\/types\/post"}],"author":[{"embeddable":true,"href":"https:\/\/www.tvnovelas.com.br\/tvnews\/wp-json\/wp\/v2\/users\/1"}],"replies":[{"embeddable":true,"href":"https:\/\/www.tvnovelas.com.br\/tvnews\/wp-json\/wp\/v2\/comments?post=85084"}],"version-history":[{"count":3,"href":"https:\/\/www.tvnovelas.com.br\/tvnews\/wp-json\/wp\/v2\/posts\/85084\/revisions"}],"predecessor-version":[{"id":85088,"href":"https:\/\/www.tvnovelas.com.br\/tvnews\/wp-json\/wp\/v2\/posts\/85084\/revisions\/85088"}],"wp:featuredmedia":[{"embeddable":true,"href":"https:\/\/www.tvnovelas.com.br\/tvnews\/wp-json\/wp\/v2\/media\/85085"}],"wp:attachment":[{"href":"https:\/\/www.tvnovelas.com.br\/tvnews\/wp-json\/wp\/v2\/media?parent=85084"}],"wp:term":[{"taxonomy":"category","embeddable":true,"href":"https:\/\/www.tvnovelas.com.br\/tvnews\/wp-json\/wp\/v2\/categories?post=85084"},{"taxonomy":"post_tag","embeddable":true,"href":"https:\/\/www.tvnovelas.com.br\/tvnews\/wp-json\/wp\/v2\/tags?post=85084"}],"curies":[{"name":"wp","href":"https:\/\/api.w.org\/{rel}","templated":true}]}}