{"id":85094,"date":"2025-11-10T19:11:03","date_gmt":"2025-11-10T22:11:03","guid":{"rendered":"https:\/\/www.tvnovelas.com.br\/tvnews\/?p=85094"},"modified":"2025-11-10T19:11:33","modified_gmt":"2025-11-10T22:11:33","slug":"85094-2","status":"publish","type":"post","link":"https:\/\/www.tvnovelas.com.br\/tvnews\/85094-2\/","title":{"rendered":"A.Mar: S\u00e9rgio e Fabian se estranham"},"content":{"rendered":"<figure id=\"attachment_85095\" aria-describedby=\"caption-attachment-85095\" style=\"width: 727px\" class=\"wp-caption aligncenter\"><img data-recalc-dims=\"1\" decoding=\"async\" class=\"wp-image-85095 size-full\" title=\"(Foto: SBT\/Televisa\/A.Mar)\" src=\"https:\/\/i0.wp.com\/www.tvnovelas.com.br\/tvnews\/wp-content\/uploads\/2025\/11\/12372.jpg?resize=727%2C410&#038;ssl=1\" alt=\"Foto em A.Mar: S\u00e9rgio e Fabian se estranham\" width=\"727\" height=\"410\" srcset=\"https:\/\/i0.wp.com\/www.tvnovelas.com.br\/tvnews\/wp-content\/uploads\/2025\/11\/12372.jpg?w=727&amp;ssl=1 727w, https:\/\/i0.wp.com\/www.tvnovelas.com.br\/tvnews\/wp-content\/uploads\/2025\/11\/12372.jpg?resize=250%2C141&amp;ssl=1 250w\" sizes=\"(max-width: 727px) 100vw, 727px\" \/><figcaption id=\"caption-attachment-85095\" class=\"wp-caption-text\">A.Mar: S\u00e9rgio e Fabian se estranham<\/figcaption><\/figure>\n<p>No cap\u00edtulo de A.Mar desta segunda, dia 10, S\u00e9rgio afirma a Fabian que Estrela e Azul lhe interessam e que ele cuidar\u00e1 delas, e pede que se afaste.<\/p>\n<p>Fabi\u00e1n, no entanto, reage com firmeza. O pescador deixa claro que n\u00e3o aceitar\u00e1 ser afastado e responde que quem deve sair de cena e deixar m\u00e3e e filha em paz \u00e9 o pr\u00f3prio S\u00e9rgio.<\/p>\n<p><strong>Confira o resumo de hoje:<\/strong><br \/>\nBrisa chega animada \u00e0 casa de Gabriel e revela que apareceu um homem alegando ser namorado de Marina e que ele vai busc\u00e1-la. Gabriel, irritado, diz que ela n\u00e3o deveria ter dado o endere\u00e7o de casa a um desconhecido, que poderia ser um criminoso, e que precisam pedir provas de que ele realmente conhece Marina. Brisa finge e diz que s\u00f3 queria ajudar. Gabriel percebe que o homem s\u00f3 estava atr\u00e1s da recompensa e fala que ele deve ir embora ou chamar\u00e1 a pol\u00edcia, e ainda diz a Brisa para parar de se meter onde n\u00e3o foi chamada. S\u00e9rgio afirma a Fabian que Estrela e Azul lhe interessam e que ele cuidar\u00e1 delas, e pede que se afaste. Fabian responde que quem deve se afastar e deix\u00e1-las em paz \u00e9 ele.<\/p>\n<p><a href=\"https:\/\/tvnovelas.com.br\/novelas\/resumo-de-novelas-a-mar\/\" target=\"_blank\" rel=\"noopener\">Resumos dos cap\u00edtulos da semana de A.Mar<\/a><br \/>\n<div class=\"pt-cv-wrapper\"><h2 class='pt-cv-heading-container heading2' data-blockid='ab488fdp2g'><span class='pt-cv-heading'> \u00daltimas da Novela <\/span><\/h2><div class=\"pt-cv-view pt-cv-grid pt-cv-colsys\" id=\"pt-cv-view-ab488fdp2g\"><div data-id=\"pt-cv-page-1\" class=\"pt-cv-page\" data-cvc=\"1\"><div class=\"col-md-12 col-sm-12 col-xs-12 pt-cv-content-item pt-cv-1-col\" ><div class='pt-cv-ifield'><h4 class=\"pt-cv-title\"><a href=\"https:\/\/www.tvnovelas.com.br\/tvnews\/a-mar-estrela-reune-moradores-para-barrar-maquinario-de-sergio\/\" class=\"_self\" target=\"_self\" >A.Mar: Estrela re\u00fane moradores para barrar m\u00e1quin\u00e1rio de S\u00e9rgio<\/a><\/h4><\/div><\/div>\n<div class=\"col-md-12 col-sm-12 col-xs-12 pt-cv-content-item pt-cv-1-col\" ><div class='pt-cv-ifield'><h4 class=\"pt-cv-title\"><a href=\"https:\/\/www.tvnovelas.com.br\/tvnews\/a-mar-erika-inocenta-fabian-e-ulises\/\" class=\"_self\" target=\"_self\" >A.Mar: \u00c9rika inocenta Fabian e Ulises<\/a><\/h4><\/div><\/div>\n<div class=\"col-md-12 col-sm-12 col-xs-12 pt-cv-content-item pt-cv-1-col\" ><div class='pt-cv-ifield'><h4 class=\"pt-cv-title\"><a href=\"https:\/\/www.tvnovelas.com.br\/tvnews\/a-mar-erika-confessa-a-fabian-que-mentiu-sobre-gravidez\/\" class=\"_self\" target=\"_self\" >A.Mar: \u00c9rika confessa a Fabian que mentiu sobre gravidez<\/a><\/h4><\/div><\/div><\/div><\/div><\/div><\/p>\n<div style=\"font-size: 120%;\"><h3>Confira tamb\u00e9m<\/h3>\r\n<a href=\"https:\/\/tvnovelas.com.br\/novelas\/\" rel=\"noopener\" target=\"_blank\"><strong>Todos os resumos de novelas<\/strong><\/a><\/br>\r\n<a href=\"https:\/\/www.tvnovelas.com.br\/tvnews\/\" rel=\"noopener\" target=\"_blank\"><strong>\u00daltimas not\u00edcias das novelas<\/strong><\/a><\/br>\r\n<a href=\"https:\/\/www.tvnovelas.com.br\/filmes\/\" target=\"_blank\" rel=\"noopener noreferrer\"><strong>Programa\u00e7\u00e3o de filmes na TV aberta<\/strong><\/a><\/br>\r\n<a href=\"https:\/\/caetenews.com.br\/semana\/filmes-da-globo-na-sessao-da-tarde-desta-semana\/\" target=\"_blank\" rel=\"noopener\"><strong>Confira os filmes da semana na Sess\u00e3o da Tarde<\/strong><\/a><\/br>\r\n<a href=\"https:\/\/classindportal.mj.gov.br\/consulta-filmes\" target=\"_blank\" rel=\"noopener\"><strong>Consulte a classifica\u00e7\u00e3o indicativa dos filmes e novelas<\/strong><\/a><\/br><\/div>\n<p><a href=\"https:\/\/tvnovelas.com.br\/page2\/arquivo\/a-mar-conflitos-tragedia-e-drama-na-historia-de-estrela\/\" target=\"_blank\" rel=\"noopener\">A.Mar: Conhe\u00e7a a hist\u00f3ria da novela<\/a><\/p>\n","protected":false},"excerpt":{"rendered":"<p>A.Mar: S\u00e9rgio e Fabian se estranham&#8230; No cap\u00edtulo de A.Mar desta segunda, dia 10, S\u00e9rgio afirma a Fabian que Estrela e Azul lhe interessam&#8230;<\/p>\n","protected":false},"author":1,"featured_media":85095,"comment_status":"closed","ping_status":"closed","sticky":false,"template":"","format":"standard","meta":{"_uf_show_specific_survey":0,"_uf_disable_surveys":false,"_jetpack_memberships_contains_paid_content":false,"footnotes":"","_wp_rev_ctl_limit":""},"categories":[1003],"tags":[1004,64,13],"class_list":["post-85094","post","type-post","status-publish","format-standard","has-post-thumbnail","hentry","category-a-mar","tag-a-mar","tag-novelas","tag-sbt","wpcat-1003-id"],"aioseo_notices":[],"jetpack_featured_media_url":"https:\/\/i0.wp.com\/www.tvnovelas.com.br\/tvnews\/wp-content\/uploads\/2025\/11\/12372.jpg?fit=727%2C410&ssl=1","jetpack_shortlink":"https:\/\/wp.me\/pdP2BO-m8u","jetpack_sharing_enabled":true,"_links":{"self":[{"href":"https:\/\/www.tvnovelas.com.br\/tvnews\/wp-json\/wp\/v2\/posts\/85094","targetHints":{"allow":["GET"]}}],"collection":[{"href":"https:\/\/www.tvnovelas.com.br\/tvnews\/wp-json\/wp\/v2\/posts"}],"about":[{"href":"https:\/\/www.tvnovelas.com.br\/tvnews\/wp-json\/wp\/v2\/types\/post"}],"author":[{"embeddable":true,"href":"https:\/\/www.tvnovelas.com.br\/tvnews\/wp-json\/wp\/v2\/users\/1"}],"replies":[{"embeddable":true,"href":"https:\/\/www.tvnovelas.com.br\/tvnews\/wp-json\/wp\/v2\/comments?post=85094"}],"version-history":[{"count":2,"href":"https:\/\/www.tvnovelas.com.br\/tvnews\/wp-json\/wp\/v2\/posts\/85094\/revisions"}],"predecessor-version":[{"id":85097,"href":"https:\/\/www.tvnovelas.com.br\/tvnews\/wp-json\/wp\/v2\/posts\/85094\/revisions\/85097"}],"wp:featuredmedia":[{"embeddable":true,"href":"https:\/\/www.tvnovelas.com.br\/tvnews\/wp-json\/wp\/v2\/media\/85095"}],"wp:attachment":[{"href":"https:\/\/www.tvnovelas.com.br\/tvnews\/wp-json\/wp\/v2\/media?parent=85094"}],"wp:term":[{"taxonomy":"category","embeddable":true,"href":"https:\/\/www.tvnovelas.com.br\/tvnews\/wp-json\/wp\/v2\/categories?post=85094"},{"taxonomy":"post_tag","embeddable":true,"href":"https:\/\/www.tvnovelas.com.br\/tvnews\/wp-json\/wp\/v2\/tags?post=85094"}],"curies":[{"name":"wp","href":"https:\/\/api.w.org\/{rel}","templated":true}]}}