{"id":85103,"date":"2025-11-11T09:35:47","date_gmt":"2025-11-11T12:35:47","guid":{"rendered":"https:\/\/www.tvnovelas.com.br\/tvnews\/?p=85103"},"modified":"2025-11-11T09:35:47","modified_gmt":"2025-11-11T12:35:47","slug":"dona-de-mim-leo-alerta-filipa-que-ela-pode-estar-sendo-dopada-por-jaques","status":"publish","type":"post","link":"https:\/\/www.tvnovelas.com.br\/tvnews\/dona-de-mim-leo-alerta-filipa-que-ela-pode-estar-sendo-dopada-por-jaques\/","title":{"rendered":"Dona de Mim: Leo alerta Filipa que ela pode estar sendo dopada por Jaques"},"content":{"rendered":"<figure id=\"attachment_85104\" aria-describedby=\"caption-attachment-85104\" style=\"width: 728px\" class=\"wp-caption aligncenter\"><img data-recalc-dims=\"1\" decoding=\"async\" class=\"wp-image-85104 size-full\" title=\"(Foto: TV Globo\/Dona de Mim)\" src=\"https:\/\/i0.wp.com\/www.tvnovelas.com.br\/tvnews\/wp-content\/uploads\/2025\/11\/12374.jpg?resize=728%2C410&#038;ssl=1\" alt=\"Foto em Dona de Mim: Leo alerta Filipa que ela pode estar sendo dopada por Jaques\" width=\"728\" height=\"410\" srcset=\"https:\/\/i0.wp.com\/www.tvnovelas.com.br\/tvnews\/wp-content\/uploads\/2025\/11\/12374.jpg?w=728&amp;ssl=1 728w, https:\/\/i0.wp.com\/www.tvnovelas.com.br\/tvnews\/wp-content\/uploads\/2025\/11\/12374.jpg?resize=250%2C141&amp;ssl=1 250w\" sizes=\"(max-width: 728px) 100vw, 728px\" \/><figcaption id=\"caption-attachment-85104\" class=\"wp-caption-text\">Dona de Mim: Leo alerta Filipa que ela pode estar sendo dopada por Jaques<\/figcaption><\/figure>\n<p>Em Dona de Mim, Danilo (Felipe Simas) sabe que Jaques (Marcello Novaes) est\u00e1 trocando os rem\u00e9dios de Filipa (Cl\u00e1udia Abreu) para mant\u00ea-la dopada e resolve pedir que Leo (Clara Moneke) entregue a medica\u00e7\u00e3o verdadeira para ela. Assim, Leo ir\u00e1 abrir os olhos de Filipa e dizer com todas as letras que ela pode estar sendo dopada por Jaques.<\/p>\n<p>\u201cO Danilo mandou seus rem\u00e9dios&#8230; de novo\u201d, diz Leo a Filipa.<\/p>\n<p>Filipa ser\u00e1 reativa, uma vez que sabe dos sentimentos de Danilo por ela. Mas Leo insistir\u00e1 que pode haver algo errado com os rem\u00e9dios que ela vem tomando para tratar sua bipolaridade.<\/p>\n<p>\u201cDeve ser horr\u00edvel sequer cogitar que a gente est\u00e1 sendo dopada, ainda mais por algu\u00e9m em quem a gente confia. Mas ser\u00e1 mesmo que n\u00e3o existe nenhuma chance disso estar acontecendo? O dia que voc\u00ea melhorou, fez o circo da dona Rosa, foi justamente o dia em que eu te dei o rem\u00e9dio que o Danilo mandou\u201d, analisa Leo.<\/p>\n<p>\u201cClaro que n\u00e3o. Pode ser coincid\u00eancia. Eu confio no Jaques. Ele est\u00e1 mudando por minha causa\u201d, reage Filipa, cega.<\/p>\n<p>Mas Leo insistir\u00e1 e conseguir\u00e1 colocar um ponto de d\u00favida na cabe\u00e7a de Filipa, que resolver\u00e1 fazer um teste.<\/p>\n<p>\u201cS\u00f3 quero que voc\u00ea me responda: nem que seja bem l\u00e1 no fundo, voc\u00ea n\u00e3o acha que o Jaques seria capaz de fazer isso?<\/p>\n<p>Quantas procura\u00e7\u00f5es voc\u00ea j\u00e1 assinou pra ele? E voc\u00ea confia mesmo nessa mudan\u00e7a toda de uma hora pra outra?\u201d, questiona Leo.<\/p>\n<p>\u201cN\u00e3o sei, Leo. Acho isso tudo t\u00e3o esquisito\u201d, diz Filipa.<\/p>\n<p>\u201cA gente s\u00f3 vai ter certeza se voc\u00ea tentar esse por uns dias. Eu vou estar aqui com voc\u00ea\u201d, afirma Leo.<\/p>\n<p>Filipa, ent\u00e3o, aceitar\u00e1 e tomar\u00e1 os rem\u00e9dios comprados por Danilo.<\/p>\n<p>\u201cMelhor isso que viver eternamente na d\u00favida.\u201d<br \/>\n<!--FIM--><br \/>\n<a href=\"https:\/\/tvnovelas.com.br\/novelas\/resumos-de-dona-de-mim-da-proxima-semana\/\" target=\"_blank\" rel=\"noopener\">Resumos dos cap\u00edtulos de Dona de Mim<\/a><br \/>\n<div class=\"pt-cv-wrapper\"><h2 class='pt-cv-heading-container heading2' data-blockid='9b88c0b6t2'><span class='pt-cv-heading'> \u00daltimas da novela <\/span><\/h2><div class=\"pt-cv-view pt-cv-grid pt-cv-colsys\" id=\"pt-cv-view-9b88c0b6t2\"><div data-id=\"pt-cv-page-1\" class=\"pt-cv-page\" data-cvc=\"1\"><div class=\"col-md-12 col-sm-12 col-xs-12 pt-cv-content-item pt-cv-1-col\" ><div class='pt-cv-ifield'><h4 class=\"pt-cv-title\"><a href=\"https:\/\/www.tvnovelas.com.br\/tvnews\/dona-de-mim-abel-aparece-e-salva-sofia-do-incendio\/\" class=\"_blank\" target=\"_blank\" >Dona de Mim: Abel \u2018aparece&#8217; e salva Sofia do inc\u00eandio<\/a><\/h4><\/div><\/div>\n<div class=\"col-md-12 col-sm-12 col-xs-12 pt-cv-content-item pt-cv-1-col\" ><div class='pt-cv-ifield'><h4 class=\"pt-cv-title\"><a href=\"https:\/\/www.tvnovelas.com.br\/tvnews\/dona-de-mim-jaques-coloca-fogo-na-boaz\/\" class=\"_blank\" target=\"_blank\" >Dona de Mim: Jaques coloca fogo na Boaz<\/a><\/h4><\/div><\/div>\n<div class=\"col-md-12 col-sm-12 col-xs-12 pt-cv-content-item pt-cv-1-col\" ><div class='pt-cv-ifield'><h4 class=\"pt-cv-title\"><a href=\"https:\/\/www.tvnovelas.com.br\/tvnews\/dona-de-mim-davi-e-barbara-sofrem-grave-acidente\/\" class=\"_blank\" target=\"_blank\" >Dona de Mim: Davi e B\u00e1rbara sofrem grave acidente<\/a><\/h4><\/div><\/div><\/div><\/div><\/div><\/p>\n<div style=\"font-size: 150%;\"><h3>Confira tamb\u00e9m<\/h3>\r\n<a href=\"https:\/\/tvnovelas.com.br\/novelas\/\" rel=\"noopener\" target=\"_blank\"><strong>Todos os resumos de novelas<\/strong><\/a><\/br>\r\n<a href=\"https:\/\/www.tvnovelas.com.br\/tvnews\/\" rel=\"noopener\" target=\"_blank\"><strong>\u00daltimas not\u00edcias das novelas<\/strong><\/a><\/br>\r\n<a href=\"https:\/\/www.tvnovelas.com.br\/filmes\/\" target=\"_blank\" rel=\"noopener noreferrer\"><strong>Programa\u00e7\u00e3o de filmes na TV aberta<\/strong><\/a><\/br>\r\n<a href=\"https:\/\/caetenews.com.br\/semana\/filmes-da-globo-na-sessao-da-tarde-desta-semana\/\" target=\"_blank\" rel=\"noopener\"><strong>Confira os filmes da semana na Sess\u00e3o da Tarde<\/strong><\/a><\/br>\r\n<a href=\"https:\/\/classindportal.mj.gov.br\/consulta-filmes\" target=\"_blank\" rel=\"noopener\"><strong>Consulte a classifica\u00e7\u00e3o indicativa dos filmes e novelas<\/strong><\/a><\/br><\/div>\n","protected":false},"excerpt":{"rendered":"<p>Dona de Mim: Leo alerta Filipa&#8230; Em Dona de Mim, Danilo (Felipe Simas) sabe que Jaques (Marcello Novaes) est\u00e1 trocando os rem\u00e9dios de Filipa&#8230;<\/p>\n","protected":false},"author":1,"featured_media":85104,"comment_status":"closed","ping_status":"closed","sticky":false,"template":"","format":"standard","meta":{"_uf_show_specific_survey":0,"_uf_disable_surveys":false,"_jetpack_memberships_contains_paid_content":false,"footnotes":"","_wp_rev_ctl_limit":""},"categories":[884],"tags":[883,5,64],"class_list":["post-85103","post","type-post","status-publish","format-standard","has-post-thumbnail","hentry","category-dona-de-mim","tag-dona-de-mim","tag-globo","tag-novelas","wpcat-884-id"],"aioseo_notices":[],"jetpack_featured_media_url":"https:\/\/i0.wp.com\/www.tvnovelas.com.br\/tvnews\/wp-content\/uploads\/2025\/11\/12374.jpg?fit=728%2C410&ssl=1","jetpack_shortlink":"https:\/\/wp.me\/pdP2BO-m8D","jetpack_sharing_enabled":true,"_links":{"self":[{"href":"https:\/\/www.tvnovelas.com.br\/tvnews\/wp-json\/wp\/v2\/posts\/85103","targetHints":{"allow":["GET"]}}],"collection":[{"href":"https:\/\/www.tvnovelas.com.br\/tvnews\/wp-json\/wp\/v2\/posts"}],"about":[{"href":"https:\/\/www.tvnovelas.com.br\/tvnews\/wp-json\/wp\/v2\/types\/post"}],"author":[{"embeddable":true,"href":"https:\/\/www.tvnovelas.com.br\/tvnews\/wp-json\/wp\/v2\/users\/1"}],"replies":[{"embeddable":true,"href":"https:\/\/www.tvnovelas.com.br\/tvnews\/wp-json\/wp\/v2\/comments?post=85103"}],"version-history":[{"count":1,"href":"https:\/\/www.tvnovelas.com.br\/tvnews\/wp-json\/wp\/v2\/posts\/85103\/revisions"}],"predecessor-version":[{"id":85105,"href":"https:\/\/www.tvnovelas.com.br\/tvnews\/wp-json\/wp\/v2\/posts\/85103\/revisions\/85105"}],"wp:featuredmedia":[{"embeddable":true,"href":"https:\/\/www.tvnovelas.com.br\/tvnews\/wp-json\/wp\/v2\/media\/85104"}],"wp:attachment":[{"href":"https:\/\/www.tvnovelas.com.br\/tvnews\/wp-json\/wp\/v2\/media?parent=85103"}],"wp:term":[{"taxonomy":"category","embeddable":true,"href":"https:\/\/www.tvnovelas.com.br\/tvnews\/wp-json\/wp\/v2\/categories?post=85103"},{"taxonomy":"post_tag","embeddable":true,"href":"https:\/\/www.tvnovelas.com.br\/tvnews\/wp-json\/wp\/v2\/tags?post=85103"}],"curies":[{"name":"wp","href":"https:\/\/api.w.org\/{rel}","templated":true}]}}