{"id":85116,"date":"2025-11-11T11:26:09","date_gmt":"2025-11-11T14:26:09","guid":{"rendered":"https:\/\/www.tvnovelas.com.br\/tvnews\/?p=85116"},"modified":"2025-11-11T11:44:39","modified_gmt":"2025-11-11T14:44:39","slug":"mae-ali-induz-sule-a-ir-a-uma-delegacia","status":"publish","type":"post","link":"https:\/\/www.tvnovelas.com.br\/tvnews\/mae-ali-induz-sule-a-ir-a-uma-delegacia\/","title":{"rendered":"M\u00e3e: Ali induz Sule a ir a uma delegacia"},"content":{"rendered":"<figure id=\"attachment_85117\" aria-describedby=\"caption-attachment-85117\" style=\"width: 727px\" class=\"wp-caption aligncenter\"><img data-recalc-dims=\"1\" decoding=\"async\" class=\"wp-image-85117 size-full\" title=\"(Foto: Record TV\/M\u00e3e)\" src=\"https:\/\/i0.wp.com\/www.tvnovelas.com.br\/tvnews\/wp-content\/uploads\/2025\/11\/12377.jpg?resize=727%2C410&#038;ssl=1\" alt=\"Foto em M\u00e3e: Ali induz Sule a ir a uma delegacia\" width=\"727\" height=\"410\" srcset=\"https:\/\/i0.wp.com\/www.tvnovelas.com.br\/tvnews\/wp-content\/uploads\/2025\/11\/12377.jpg?w=727&amp;ssl=1 727w, https:\/\/i0.wp.com\/www.tvnovelas.com.br\/tvnews\/wp-content\/uploads\/2025\/11\/12377.jpg?resize=250%2C141&amp;ssl=1 250w\" sizes=\"(max-width: 727px) 100vw, 727px\" \/><figcaption id=\"caption-attachment-85117\" class=\"wp-caption-text\">M\u00e3e: Ali induz Sule a ir a uma delegacia<\/figcaption><\/figure>\n<p>No cap\u00edtulo de M\u00e3e desta ter\u00e7a, dia 11, o jornalista Ali volta a agir com insist\u00eancia para esclarecer o caso de Melek (Turna). Determinado a reunir provas que incriminem os verdadeiros culpados, ele tenta manipular \u015eule para que compare\u00e7a \u00e0 delegacia e preste depoimento sobre tudo o que aconteceu com a menina.<\/p>\n<p>No entanto, \u015eule se recusa, tomada pelo medo de ser responsabilizada pelas agress\u00f5es e pelo abandono da filha. A jovem m\u00e3e demonstra culpa e desespero, temendo que qualquer confiss\u00e3o acabe a levando \u00e0 pris\u00e3o.<\/p>\n<p>Enquanto isto, assustada com a proximidade da m\u00e3e biol\u00f3gica, Turna\/ Melek finge estar doente para n\u00e3o sair de casa<\/p>\n<p><strong>Confira o resumo de hoje:<\/strong><\/p>\n<h2 style=\"color: #0046ff;\">Resumo de ter\u00e7a-feira, 11 de novembro<\/h2>\n<p>Com medo ser encontrada por Sule, Zeynep leva Turna (Melek) para casa de Gonul. Ali questiona Sule sobre os maus tratos que Melek sofria quando vivia com ela e o padrasto. Duru liga para Zeynep e Gamze fica revoltada quando a ca\u00e7ula diz que vai ver a irm\u00e3 adotiva. Na manh\u00e3 seguinte, Ali tenta manipular Sule para ir at\u00e9 a delegacia, mas ela se recusa, com medo de ser responsabilizada pelas atitudes com a filha. Duru contraria Cahide e Gamze e vai visitar Zeynep. No hospital, o m\u00e9dico diz a Gonul que os exames mostraram complica\u00e7\u00f5es no f\u00edgado. Assustada com a proximidade da m\u00e3e biol\u00f3gica, Turna (Melek) finge estar doente para n\u00e3o sair de casa. Sule vasculha o apartamento de Ali e encontra informa\u00e7\u00f5es sobre a investiga\u00e7\u00e3o do desaparecimento de Melek. Zeynep e Turna (Melek) preparam um bolo de anivers\u00e1rio para Gonul.<\/p>\n<p><!--FIM--><\/p>\n<h2>Saiba mais<\/h2>\n<p><a href=\"https:\/\/tvnovelas.com.br\/novelas\/resumos-de-novela-mae\/\" target=\"_blank\" rel=\"noopener\">Resumos dos cap\u00edtulos da semana<\/a><br \/>\n<a href=\"https:\/\/wp.me\/pfspD2-VN\" target=\"_blank\" rel=\"noopener\">M\u00e3e: Resgatando uma crian\u00e7a da viol\u00eancia<\/a><br \/>\n<div class=\"pt-cv-wrapper\"><h2 class='pt-cv-heading-container heading2' data-blockid='759454f593'><span class='pt-cv-heading'> \u00daltimas da Novela <\/span><\/h2><div class=\"pt-cv-view pt-cv-grid pt-cv-colsys\" id=\"pt-cv-view-759454f593\"><div data-id=\"pt-cv-page-1\" class=\"pt-cv-page\" data-cvc=\"1\"><div class=\"col-md-12 col-sm-12 col-xs-12 pt-cv-content-item pt-cv-1-col\" ><div class='pt-cv-ifield'><h4 class=\"pt-cv-title\"><a href=\"https:\/\/www.tvnovelas.com.br\/tvnews\/mae-o-destino-final-de-melek-e-zeynep\/\" class=\"_self\" target=\"_self\" >M\u00e3e: O destino final de Melek e Zeynep<\/a><\/h4><\/div><\/div>\n<div class=\"col-md-12 col-sm-12 col-xs-12 pt-cv-content-item pt-cv-1-col\" ><div class='pt-cv-ifield'><h4 class=\"pt-cv-title\"><a href=\"https:\/\/www.tvnovelas.com.br\/tvnews\/mae-zeynep-enfrenta-cengiz\/\" class=\"_self\" target=\"_self\" >M\u00e3e: Zeynep enfrenta Cengiz<\/a><\/h4><\/div><\/div>\n<div class=\"col-md-12 col-sm-12 col-xs-12 pt-cv-content-item pt-cv-1-col\" ><div class='pt-cv-ifield'><h4 class=\"pt-cv-title\"><a href=\"https:\/\/www.tvnovelas.com.br\/tvnews\/mae-cengiz-e-preso-sob-a-acusacao-de-assassinato\/\" class=\"_self\" target=\"_self\" >M\u00e3e: Cengiz \u00e9 preso sob a acusa\u00e7\u00e3o de assassinato<\/a><\/h4><\/div><\/div>\n<div class=\"col-md-12 col-sm-12 col-xs-12 pt-cv-content-item pt-cv-1-col\" ><div class='pt-cv-ifield'><h4 class=\"pt-cv-title\"><a href=\"https:\/\/www.tvnovelas.com.br\/tvnews\/mae-cengiz-assina-documento-renunciando-a-guarda-dos-filhos\/\" class=\"_self\" target=\"_self\" >M\u00e3e: Cengiz assina documento renunciando \u00e0 guarda dos filhos<\/a><\/h4><\/div><\/div>\n<div class=\"col-md-12 col-sm-12 col-xs-12 pt-cv-content-item pt-cv-1-col\" ><div class='pt-cv-ifield'><h4 class=\"pt-cv-title\"><a href=\"https:\/\/www.tvnovelas.com.br\/tvnews\/mae-cengiz-pode-estar-com-os-dias-contados\/\" class=\"_self\" target=\"_self\" >M\u00e3e: Cengiz pode estar com os dias contados<\/a><\/h4><\/div><\/div><\/div><\/div><\/div><br \/>\n&lt;h<\/p>\n<div style=\"font-size: 120%;\"><h3>Confira tamb\u00e9m<\/h3>\r\n<a href=\"https:\/\/tvnovelas.com.br\/novelas\/\" rel=\"noopener\" target=\"_blank\"><strong>Todos os resumos de novelas<\/strong><\/a><\/br>\r\n<a href=\"https:\/\/www.tvnovelas.com.br\/tvnews\/\" rel=\"noopener\" target=\"_blank\"><strong>\u00daltimas not\u00edcias das novelas<\/strong><\/a><\/br>\r\n<a href=\"https:\/\/www.tvnovelas.com.br\/filmes\/\" target=\"_blank\" rel=\"noopener noreferrer\"><strong>Programa\u00e7\u00e3o de filmes na TV aberta<\/strong><\/a><\/br>\r\n<a href=\"https:\/\/caetenews.com.br\/semana\/filmes-da-globo-na-sessao-da-tarde-desta-semana\/\" target=\"_blank\" rel=\"noopener\"><strong>Confira os filmes da semana na Sess\u00e3o da Tarde<\/strong><\/a><\/br>\r\n<a href=\"https:\/\/classindportal.mj.gov.br\/consulta-filmes\" target=\"_blank\" rel=\"noopener\"><strong>Consulte a classifica\u00e7\u00e3o indicativa dos filmes e novelas<\/strong><\/a><\/br><\/div>\n","protected":false},"excerpt":{"rendered":"<p>M\u00e3e: Ali induz Sule a ir a uma delegacia&#8230; No cap\u00edtulo de M\u00e3e desta ter\u00e7a, dia 11, o jornalista Ali volta a agir com insist\u00eancia para esclarecer o caso de Melek&#8230;<\/p>\n","protected":false},"author":1,"featured_media":85117,"comment_status":"closed","ping_status":"closed","sticky":false,"template":"","format":"standard","meta":{"_uf_show_specific_survey":0,"_uf_disable_surveys":false,"_jetpack_memberships_contains_paid_content":false,"footnotes":"","_wp_rev_ctl_limit":""},"categories":[1012],"tags":[1025,1013,1024,64,14],"class_list":["post-85116","post","type-post","status-publish","format-standard","has-post-thumbnail","hentry","category-mae","tag-anne","tag-mae","tag-mother","tag-novelas","tag-record","wpcat-1012-id"],"aioseo_notices":[],"jetpack_featured_media_url":"https:\/\/i0.wp.com\/www.tvnovelas.com.br\/tvnews\/wp-content\/uploads\/2025\/11\/12377.jpg?fit=727%2C410&ssl=1","jetpack_shortlink":"https:\/\/wp.me\/pdP2BO-m8Q","jetpack_sharing_enabled":true,"_links":{"self":[{"href":"https:\/\/www.tvnovelas.com.br\/tvnews\/wp-json\/wp\/v2\/posts\/85116","targetHints":{"allow":["GET"]}}],"collection":[{"href":"https:\/\/www.tvnovelas.com.br\/tvnews\/wp-json\/wp\/v2\/posts"}],"about":[{"href":"https:\/\/www.tvnovelas.com.br\/tvnews\/wp-json\/wp\/v2\/types\/post"}],"author":[{"embeddable":true,"href":"https:\/\/www.tvnovelas.com.br\/tvnews\/wp-json\/wp\/v2\/users\/1"}],"replies":[{"embeddable":true,"href":"https:\/\/www.tvnovelas.com.br\/tvnews\/wp-json\/wp\/v2\/comments?post=85116"}],"version-history":[{"count":1,"href":"https:\/\/www.tvnovelas.com.br\/tvnews\/wp-json\/wp\/v2\/posts\/85116\/revisions"}],"predecessor-version":[{"id":85118,"href":"https:\/\/www.tvnovelas.com.br\/tvnews\/wp-json\/wp\/v2\/posts\/85116\/revisions\/85118"}],"wp:featuredmedia":[{"embeddable":true,"href":"https:\/\/www.tvnovelas.com.br\/tvnews\/wp-json\/wp\/v2\/media\/85117"}],"wp:attachment":[{"href":"https:\/\/www.tvnovelas.com.br\/tvnews\/wp-json\/wp\/v2\/media?parent=85116"}],"wp:term":[{"taxonomy":"category","embeddable":true,"href":"https:\/\/www.tvnovelas.com.br\/tvnews\/wp-json\/wp\/v2\/categories?post=85116"},{"taxonomy":"post_tag","embeddable":true,"href":"https:\/\/www.tvnovelas.com.br\/tvnews\/wp-json\/wp\/v2\/tags?post=85116"}],"curies":[{"name":"wp","href":"https:\/\/api.w.org\/{rel}","templated":true}]}}