{"id":85120,"date":"2025-11-11T12:25:39","date_gmt":"2025-11-11T15:25:39","guid":{"rendered":"https:\/\/www.tvnovelas.com.br\/tvnews\/?p=85120"},"modified":"2025-11-11T12:28:17","modified_gmt":"2025-11-11T15:28:17","slug":"a-escrava-isaura-leoncio-manda-trancar-joao-e-joaquina","status":"publish","type":"post","link":"https:\/\/www.tvnovelas.com.br\/tvnews\/a-escrava-isaura-leoncio-manda-trancar-joao-e-joaquina\/","title":{"rendered":"A Escrava Isaura: Le\u00f4ncio manda trancar Jo\u00e3o e Joaquina"},"content":{"rendered":"<figure id=\"attachment_85121\" aria-describedby=\"caption-attachment-85121\" style=\"width: 728px\" class=\"wp-caption aligncenter\"><img data-recalc-dims=\"1\" decoding=\"async\" class=\"wp-image-85121 size-full\" title=\"(Foto: Record\/A Escrava Isaura)\" src=\"https:\/\/i0.wp.com\/www.tvnovelas.com.br\/tvnews\/wp-content\/uploads\/2025\/11\/12378a.jpg?resize=728%2C410&#038;ssl=1\" alt=\"Foto em A Escrava Isaura: Le\u00f4ncio manda trancar Jo\u00e3o e Joaquina\" width=\"728\" height=\"410\" srcset=\"https:\/\/i0.wp.com\/www.tvnovelas.com.br\/tvnews\/wp-content\/uploads\/2025\/11\/12378a.jpg?w=728&amp;ssl=1 728w, https:\/\/i0.wp.com\/www.tvnovelas.com.br\/tvnews\/wp-content\/uploads\/2025\/11\/12378a.jpg?resize=250%2C141&amp;ssl=1 250w\" sizes=\"(max-width: 728px) 100vw, 728px\" \/><figcaption id=\"caption-attachment-85121\" class=\"wp-caption-text\">A Escrava Isaura: Le\u00f4ncio manda trancar Jo\u00e3o e Joaquina<\/figcaption><\/figure>\n<p>No cap\u00edtulo desta ter\u00e7a, dia 11, Sebasti\u00e3o, visivelmente abalado, procura Jo\u00e3o e Joaquina. Arrependido pelas injusti\u00e7as do passado, ele pede desculpas ao casal de escravos por todo o sofrimento que j\u00e1 lhes causou.<\/p>\n<p>No entanto, o momento de aparente reconcilia\u00e7\u00e3o se transforma em ang\u00fastia quando Sebasti\u00e3o revela que precisa envi\u00e1-los de volta \u00e0 fazenda de Le\u00f4ncio. A decis\u00e3o, segundo ele, \u00e9 a \u00fanica forma de garantir a liberdade de Henrique, que est\u00e1 em perigo.<\/p>\n<p>Ciente de que Jo\u00e3o e Joaquina foram obrigados a retornar \u00e0 fazenda, Le\u00f4ncio v\u00ea neles uma oportunidade para atingir seu inimigo. O vil\u00e3o planeja us\u00e1-los como isca em um ardiloso plano que pretende levar Andr\u00e9 \u00e0 ru\u00edna. Sem piedade, ele promete castigar duramente o rapaz, determinado a fazer dele um exemplo para todos os escravizados que sonham com liberdade.<\/p>\n<p>Enquanto isso, Jo\u00e3o e Joaquina vivem momentos de ang\u00fastia, temendo serem for\u00e7ados a trair Andr\u00e9 contra a pr\u00f3pria vontade. O casal se v\u00ea encurralado entre a lealdade ao amigo e o medo da vingan\u00e7a implac\u00e1vel de Le\u00f4ncio que j\u00e1 de in\u00edcio manda trancar Jo\u00e3o e Joaquina no quartinho dos fuj\u00f5es<\/p>\n<p>Confira o resumo do cap\u00edtulo de hoje:<\/p>\n<h2 style=\"color: #0046ff;\">Resumo de ter\u00e7a-feira, 11 de novembro<\/h2>\n<p>Sebasti\u00e3o se desculpa com Jo\u00e3o e Joaquina e afirma que precisa mand\u00e1-los de volta para a fazenda de Le\u00f4ncio, em troca da liberdade de Henrique. Diogo se encanta cada vez mais com Helena. Henrique vibra ao saber que vai sair da cadeia. \u00c1lvaro reclama por Branca ter doado poucas joias para a causa abolicionista. Le\u00f4ncio maltrata os velhos escravos e manda os dois para a senzala. Sebasti\u00e3o entrega os papeis da d\u00edvida para Le\u00f4ncio. O coronel deixa Rosa na pens\u00e3o e a escrava se emociona quando ele a chama de filha. Ao deixar a cadeia, Henrique fala sobre a import\u00e2ncia da liberdade. Le\u00f4ncio planeja usar Jo\u00e3o e Joaquina para acabar com Andr\u00e9.<br \/>\n<!--FIM--><\/p>\n<h2>Saiba mais<\/h2>\n<p><a href=\"https:\/\/tvnovelas.com.br\/novelas\/resumos-da-novela-a-escrava-isaura\/\" target=\"_blank\" rel=\"noopener\">Escrava Isaura: Resumos dos cap\u00edtulos da semana<\/a><br \/>\n<a href=\"https:\/\/wp.me\/pfspD2-Jf\" target=\"_blank\" rel=\"noopener\">Escrava Isaura: o sonho da liberdade<\/a><\/p>\n<div style=\"font-size: 120%;\"><h3>Confira tamb\u00e9m<\/h3>\r\n<a href=\"https:\/\/tvnovelas.com.br\/novelas\/\" rel=\"noopener\" target=\"_blank\"><strong>Todos os resumos de novelas<\/strong><\/a><\/br>\r\n<a href=\"https:\/\/www.tvnovelas.com.br\/tvnews\/\" rel=\"noopener\" target=\"_blank\"><strong>\u00daltimas not\u00edcias das novelas<\/strong><\/a><\/br>\r\n<a href=\"https:\/\/www.tvnovelas.com.br\/filmes\/\" target=\"_blank\" rel=\"noopener noreferrer\"><strong>Programa\u00e7\u00e3o de filmes na TV aberta<\/strong><\/a><\/br>\r\n<a href=\"https:\/\/caetenews.com.br\/semana\/filmes-da-globo-na-sessao-da-tarde-desta-semana\/\" target=\"_blank\" rel=\"noopener\"><strong>Confira os filmes da semana na Sess\u00e3o da Tarde<\/strong><\/a><\/br>\r\n<a href=\"https:\/\/classindportal.mj.gov.br\/consulta-filmes\" target=\"_blank\" rel=\"noopener\"><strong>Consulte a classifica\u00e7\u00e3o indicativa dos filmes e novelas<\/strong><\/a><\/br><\/div>\n","protected":false},"excerpt":{"rendered":"<p>A Escrava Isaura: Le\u00f4ncio manda trancar Jo\u00e3o e Joaquina&#8230; No cap\u00edtulo desta ter\u00e7a, dia 11, Sebasti\u00e3o, visivelmente abalado, procura Jo\u00e3o e Joaquina&#8230;<\/p>\n","protected":false},"author":1,"featured_media":85121,"comment_status":"closed","ping_status":"closed","sticky":false,"template":"","format":"standard","meta":{"_uf_show_specific_survey":0,"_uf_disable_surveys":false,"_jetpack_memberships_contains_paid_content":false,"footnotes":"","_wp_rev_ctl_limit":""},"categories":[984],"tags":[985,64,14],"class_list":["post-85120","post","type-post","status-publish","format-standard","has-post-thumbnail","hentry","category-a-escrava-isaura","tag-a-escrava-isaura","tag-novelas","tag-record","wpcat-984-id"],"aioseo_notices":[],"jetpack_featured_media_url":"https:\/\/i0.wp.com\/www.tvnovelas.com.br\/tvnews\/wp-content\/uploads\/2025\/11\/12378a.jpg?fit=728%2C410&ssl=1","jetpack_shortlink":"https:\/\/wp.me\/pdP2BO-m8U","jetpack_sharing_enabled":true,"_links":{"self":[{"href":"https:\/\/www.tvnovelas.com.br\/tvnews\/wp-json\/wp\/v2\/posts\/85120","targetHints":{"allow":["GET"]}}],"collection":[{"href":"https:\/\/www.tvnovelas.com.br\/tvnews\/wp-json\/wp\/v2\/posts"}],"about":[{"href":"https:\/\/www.tvnovelas.com.br\/tvnews\/wp-json\/wp\/v2\/types\/post"}],"author":[{"embeddable":true,"href":"https:\/\/www.tvnovelas.com.br\/tvnews\/wp-json\/wp\/v2\/users\/1"}],"replies":[{"embeddable":true,"href":"https:\/\/www.tvnovelas.com.br\/tvnews\/wp-json\/wp\/v2\/comments?post=85120"}],"version-history":[{"count":3,"href":"https:\/\/www.tvnovelas.com.br\/tvnews\/wp-json\/wp\/v2\/posts\/85120\/revisions"}],"predecessor-version":[{"id":85124,"href":"https:\/\/www.tvnovelas.com.br\/tvnews\/wp-json\/wp\/v2\/posts\/85120\/revisions\/85124"}],"wp:featuredmedia":[{"embeddable":true,"href":"https:\/\/www.tvnovelas.com.br\/tvnews\/wp-json\/wp\/v2\/media\/85121"}],"wp:attachment":[{"href":"https:\/\/www.tvnovelas.com.br\/tvnews\/wp-json\/wp\/v2\/media?parent=85120"}],"wp:term":[{"taxonomy":"category","embeddable":true,"href":"https:\/\/www.tvnovelas.com.br\/tvnews\/wp-json\/wp\/v2\/categories?post=85120"},{"taxonomy":"post_tag","embeddable":true,"href":"https:\/\/www.tvnovelas.com.br\/tvnews\/wp-json\/wp\/v2\/tags?post=85120"}],"curies":[{"name":"wp","href":"https:\/\/api.w.org\/{rel}","templated":true}]}}