{"id":85201,"date":"2025-11-17T13:20:55","date_gmt":"2025-11-17T16:20:55","guid":{"rendered":"https:\/\/www.tvnovelas.com.br\/tvnews\/?p=85201"},"modified":"2025-11-17T13:20:55","modified_gmt":"2025-11-17T16:20:55","slug":"cruel-istambul-damla-revela-a-seniz-que-nedim-pode-voltar-a-andar","status":"publish","type":"post","link":"https:\/\/www.tvnovelas.com.br\/tvnews\/cruel-istambul-damla-revela-a-seniz-que-nedim-pode-voltar-a-andar\/","title":{"rendered":"Cruel Istambul: Damla revela a Seniz que Nedim pode voltar a andar"},"content":{"rendered":"<figure id=\"attachment_85202\" aria-describedby=\"caption-attachment-85202\" style=\"width: 728px\" class=\"wp-caption aligncenter\"><img data-recalc-dims=\"1\" decoding=\"async\" class=\"wp-image-85202 size-full\" title=\"(Foto: Reprodu\u00e7\u00e3o\/Band\/Cruel Istambul)\" src=\"https:\/\/i0.wp.com\/www.tvnovelas.com.br\/tvnews\/wp-content\/uploads\/2025\/11\/12400.jpg?resize=728%2C410&#038;ssl=1\" alt=\"Foto em Cruel Istambul: Damla revela a Seniz que Nedim pode voltar a andar\" width=\"728\" height=\"410\" srcset=\"https:\/\/i0.wp.com\/www.tvnovelas.com.br\/tvnews\/wp-content\/uploads\/2025\/11\/12400.jpg?w=728&amp;ssl=1 728w, https:\/\/i0.wp.com\/www.tvnovelas.com.br\/tvnews\/wp-content\/uploads\/2025\/11\/12400.jpg?resize=250%2C141&amp;ssl=1 250w\" sizes=\"(max-width: 728px) 100vw, 728px\" \/><figcaption id=\"caption-attachment-85202\" class=\"wp-caption-text\">Cruel Istambul: Damla revela a Seniz que Nedim pode voltar a andar<\/figcaption><\/figure>\n<p>No cap\u00edtulo de Cruel Istambul desta segunda, dia 17, Damla, visivelmente emocionada decide enfrentar Seniz com uma not\u00edcia surpreendente: Nedim tem chances reais de recuperar o movimento das pernas.<\/p>\n<p>Segundo a jovem, m\u00e9dicos garantem que a evolu\u00e7\u00e3o do primo \u00e9 mais promissora do que todos imaginavam. A informa\u00e7\u00e3o, no entanto, cai como uma bomba para Seniz, que sempre fez de tudo para manter Nedim limitado, fragilizado e dependente \u2014 parte fundamental de seu plano para controlar a fam\u00edlia e, sobretudo, Agah.<\/p>\n<p>A matriarca, ao ouvir Damla, reage com choque e inquieta\u00e7\u00e3o. A possibilidade de Nedim recuperar sua autonomia amea\u00e7a d\u00e9cadas de manipula\u00e7\u00e3o e segredos. Damla, por sua vez, deixa claro que n\u00e3o pretende mais compactuar com as atitudes da m\u00e3e e insiste que Nedim merece toda a chance de recome\u00e7ar.<\/p>\n<p>A revela\u00e7\u00e3o abre caminho para novos conflitos dentro da mans\u00e3o, intensifica o confronto entre m\u00e3e e filha e d\u00e1 esperan\u00e7as a Cenk e Cemre, que acreditam que a recupera\u00e7\u00e3o de Nedim pode libert\u00e1-lo definitivamente do dom\u00ednio de Seniz.<\/p>\n<p>Confira o resumo do cap\u00edtulo de hoje<\/p>\n<h2 style=\"color: #0046ff;\">Resumo de segunda-feira, 17 de novembro<\/h2>\n<p>Damla conta a Seniz que Nedim pode recuperar os movimentos das pernas. Ceren afirma a Neriman que voltar\u00e1 para a mans\u00e3o. Agah informa a Seniz que passou a ser o \u00fanico respons\u00e1vel pelo sobrinho. Cemre pressiona Cenk quanto ao relacionamento entre ele e Ceren, e o marido rebate, indagando-a acerca de Nedim. Neriman reclama com Seher devido \u00e0 dificuldade em conseguir uma empregada. Seniz exp\u00f5e a Cenk que Agah desconfia das atitudes deles. Ceren e o herdeiro dos Kara\u00e7ay discutem a respeito dos sentimentos que nutrem um pelo outro. Nedim se esfor\u00e7a para ficar em p\u00e9 novamente e realiza exames. Os seguran\u00e7as do empres\u00e1rio conduzem a ca\u00e7ula da fam\u00edlia Yilmaz a uma consulta. Agah se junta ao primog\u00eanito no hospital.<br \/>\n<!--FIM--><a href=\"https:\/\/wp.me\/p8dmjy-cmp\" target=\"_blank\" rel=\"noopener\">Resumos dos cap\u00edtulos de Cruel Istambul<\/a><br \/>\n<div class=\"pt-cv-wrapper\"><h2 class='pt-cv-heading-container heading2' data-blockid='b265921794'><span class='pt-cv-heading'> \u00daltimas da Novela <\/span><\/h2><div class=\"pt-cv-view pt-cv-grid pt-cv-colsys\" id=\"pt-cv-view-b265921794\"><div data-id=\"pt-cv-page-1\" class=\"pt-cv-page\" data-cvc=\"1\"><div class=\"col-md-12 col-sm-12 col-xs-12 pt-cv-content-item pt-cv-1-col\" ><div class='pt-cv-ifield'><h4 class=\"pt-cv-title\"><a href=\"https:\/\/www.tvnovelas.com.br\/tvnews\/cruel-istambul-os-ultimos-momentos-de-cenk\/\" class=\"_blank\" target=\"_blank\" >Cruel Istambul: Os \u00faltimos momentos de Cenk<\/a><\/h4><\/div><\/div>\n<div class=\"col-md-12 col-sm-12 col-xs-12 pt-cv-content-item pt-cv-1-col\" ><div class='pt-cv-ifield'><h4 class=\"pt-cv-title\"><a href=\"https:\/\/www.tvnovelas.com.br\/tvnews\/cruel-istambul-cemre-se-encontra-com-o-pai\/\" class=\"_blank\" target=\"_blank\" >Cruel Istambul: Cemre se encontra com o pai<\/a><\/h4><\/div><\/div>\n<div class=\"col-md-12 col-sm-12 col-xs-12 pt-cv-content-item pt-cv-1-col\" ><div class='pt-cv-ifield'><h4 class=\"pt-cv-title\"><a href=\"https:\/\/www.tvnovelas.com.br\/tvnews\/cruel-istambul-cemre-quer-saber-quem-e-seu-pai\/\" class=\"_blank\" target=\"_blank\" >Cruel Istambul: Cemre quer saber quem \u00e9 seu pai!<\/a><\/h4><\/div><\/div>\n<div class=\"col-md-12 col-sm-12 col-xs-12 pt-cv-content-item pt-cv-1-col\" ><div class='pt-cv-ifield'><h4 class=\"pt-cv-title\"><a href=\"https:\/\/www.tvnovelas.com.br\/tvnews\/cruel-istambul-cenk-confronta-seniz\/\" class=\"_blank\" target=\"_blank\" >Cruel Istambul: Cenk confronta Seniz<\/a><\/h4><\/div><\/div>\n<div class=\"col-md-12 col-sm-12 col-xs-12 pt-cv-content-item pt-cv-1-col\" ><div class='pt-cv-ifield'><h4 class=\"pt-cv-title\"><a href=\"https:\/\/www.tvnovelas.com.br\/tvnews\/cruel-istambul-o-estrago-de-ceren-tres-mortes-na-mansao\/\" class=\"_blank\" target=\"_blank\" >Cruel Istambul: O estrago de Ceren: tr\u00eas mortes na mans\u00e3o<\/a><\/h4><\/div><\/div><\/div><\/div><\/div><\/p>\n<div style=\"font-size: 150%;\"><h3>Confira tamb\u00e9m<\/h3>\r\n<a href=\"https:\/\/tvnovelas.com.br\/novelas\/\" rel=\"noopener\" target=\"_blank\"><strong>Todos os resumos de novelas<\/strong><\/a><\/br>\r\n<a href=\"https:\/\/www.tvnovelas.com.br\/tvnews\/\" rel=\"noopener\" target=\"_blank\"><strong>\u00daltimas not\u00edcias das novelas<\/strong><\/a><\/br>\r\n<a href=\"https:\/\/www.tvnovelas.com.br\/filmes\/\" target=\"_blank\" rel=\"noopener noreferrer\"><strong>Programa\u00e7\u00e3o de filmes na TV aberta<\/strong><\/a><\/br>\r\n<a href=\"https:\/\/caetenews.com.br\/semana\/filmes-da-globo-na-sessao-da-tarde-desta-semana\/\" target=\"_blank\" rel=\"noopener\"><strong>Confira os filmes da semana na Sess\u00e3o da Tarde<\/strong><\/a><\/br>\r\n<a href=\"https:\/\/classindportal.mj.gov.br\/consulta-filmes\" target=\"_blank\" rel=\"noopener\"><strong>Consulte a classifica\u00e7\u00e3o indicativa dos filmes e novelas<\/strong><\/a><\/br><\/div>\n","protected":false},"excerpt":{"rendered":"<p>Cruel Istambul: Damla revela a Seniz que Nedim&#8230;  No cap\u00edtulo de Cruel Istambul desta segunda, dia 17, Damla, visivelmente emocionada decide&#8230;<\/p>\n","protected":false},"author":1,"featured_media":85202,"comment_status":"closed","ping_status":"closed","sticky":false,"template":"","format":"standard","meta":{"_uf_show_specific_survey":0,"_uf_disable_surveys":false,"_jetpack_memberships_contains_paid_content":false,"footnotes":"","_wp_rev_ctl_limit":""},"categories":[990],"tags":[991,64,14],"class_list":["post-85201","post","type-post","status-publish","format-standard","has-post-thumbnail","hentry","category-cruel-istambul","tag-cruel-istambul","tag-novelas","tag-record","wpcat-990-id"],"aioseo_notices":[],"jetpack_featured_media_url":"https:\/\/i0.wp.com\/www.tvnovelas.com.br\/tvnews\/wp-content\/uploads\/2025\/11\/12400.jpg?fit=728%2C410&ssl=1","jetpack_shortlink":"https:\/\/wp.me\/pdP2BO-mad","jetpack_sharing_enabled":true,"_links":{"self":[{"href":"https:\/\/www.tvnovelas.com.br\/tvnews\/wp-json\/wp\/v2\/posts\/85201","targetHints":{"allow":["GET"]}}],"collection":[{"href":"https:\/\/www.tvnovelas.com.br\/tvnews\/wp-json\/wp\/v2\/posts"}],"about":[{"href":"https:\/\/www.tvnovelas.com.br\/tvnews\/wp-json\/wp\/v2\/types\/post"}],"author":[{"embeddable":true,"href":"https:\/\/www.tvnovelas.com.br\/tvnews\/wp-json\/wp\/v2\/users\/1"}],"replies":[{"embeddable":true,"href":"https:\/\/www.tvnovelas.com.br\/tvnews\/wp-json\/wp\/v2\/comments?post=85201"}],"version-history":[{"count":2,"href":"https:\/\/www.tvnovelas.com.br\/tvnews\/wp-json\/wp\/v2\/posts\/85201\/revisions"}],"predecessor-version":[{"id":85249,"href":"https:\/\/www.tvnovelas.com.br\/tvnews\/wp-json\/wp\/v2\/posts\/85201\/revisions\/85249"}],"wp:featuredmedia":[{"embeddable":true,"href":"https:\/\/www.tvnovelas.com.br\/tvnews\/wp-json\/wp\/v2\/media\/85202"}],"wp:attachment":[{"href":"https:\/\/www.tvnovelas.com.br\/tvnews\/wp-json\/wp\/v2\/media?parent=85201"}],"wp:term":[{"taxonomy":"category","embeddable":true,"href":"https:\/\/www.tvnovelas.com.br\/tvnews\/wp-json\/wp\/v2\/categories?post=85201"},{"taxonomy":"post_tag","embeddable":true,"href":"https:\/\/www.tvnovelas.com.br\/tvnews\/wp-json\/wp\/v2\/tags?post=85201"}],"curies":[{"name":"wp","href":"https:\/\/api.w.org\/{rel}","templated":true}]}}