{"id":85304,"date":"2025-11-20T09:41:02","date_gmt":"2025-11-20T12:41:02","guid":{"rendered":"https:\/\/www.tvnovelas.com.br\/tvnews\/?p=85304"},"modified":"2025-11-20T09:41:02","modified_gmt":"2025-11-20T12:41:02","slug":"dona-de-mim-abel-aparece-para-samuel","status":"publish","type":"post","link":"https:\/\/www.tvnovelas.com.br\/tvnews\/dona-de-mim-abel-aparece-para-samuel\/","title":{"rendered":"Dona de Mim: Abel &#8216;aparece&#8217; para Samuel"},"content":{"rendered":"<figure id=\"attachment_85305\" aria-describedby=\"caption-attachment-85305\" style=\"width: 727px\" class=\"wp-caption aligncenter\"><img data-recalc-dims=\"1\" decoding=\"async\" class=\"wp-image-85305 size-full\" title=\"(Foto: TV Globo\/Dona de Mim)\" src=\"https:\/\/i0.wp.com\/www.tvnovelas.com.br\/tvnews\/wp-content\/uploads\/2025\/11\/12422.jpg?resize=727%2C410&#038;ssl=1\" alt=\"Foto em Dona de Mim: Abel 'aparece' para Samuel\" width=\"727\" height=\"410\" srcset=\"https:\/\/i0.wp.com\/www.tvnovelas.com.br\/tvnews\/wp-content\/uploads\/2025\/11\/12422.jpg?w=727&amp;ssl=1 727w, https:\/\/i0.wp.com\/www.tvnovelas.com.br\/tvnews\/wp-content\/uploads\/2025\/11\/12422.jpg?resize=250%2C141&amp;ssl=1 250w\" sizes=\"(max-width: 727px) 100vw, 727px\" \/><figcaption id=\"caption-attachment-85305\" class=\"wp-caption-text\">Dona de Mim: Abel &#8216;aparece&#8217; para Samuel<\/figcaption><\/figure>\n<p>Em Dona de Mim, Samuel (Juan Paiva) tem tido dificuldade para conciliar o comando da f\u00e1brica da fam\u00edlia com a vida pessoal em Dona de Mim. E quem vai aparecer para lhe dar conselhos de ouro ser\u00e1 seu pr\u00f3prio pai. Na verdade, Abel (Tony Ramos) surgir\u00e1 na imagina\u00e7\u00e3o do filho para lhe ajudar.<\/p>\n<p>Primeiro, Samuel ir\u00e1 desabafar com a av\u00f3, Rosa (Suely Franco), ap\u00f3s mais uma briga com Leo (Clara Moneke) por causa de Sofia (Elis Cabral).<\/p>\n<p>\u201cEu briguei com a Ayla hoje l\u00e1 na f\u00e1brica. Com a Leo tamb\u00e9m, parece que toda vez que a gente se encontra um dos dois sai arranhado. N\u00e3o aguento mais brigar com as pessoas que eu amo pelo que eu acho certo. \u00c0s vezes sinto que, desde que o meu pai morreu, eu t\u00f4 ficando mais sozinho a cada dia, sabe?\u201d, diz ele.<\/p>\n<p>\u201cO que eu acho \u00e9 que voc\u00ea est\u00e1 querendo viver a vida do Abel. Mas, infelizmente, essa j\u00e1 foi vivida e agora \u00e9 a vez do Samuel criar a pr\u00f3pria vida\u201d, ensina Rosa.<\/p>\n<p>Depois, em seu quarto, Samuel \u201cconversar\u00e1\u201d com uma foto de Abel, e ele \u201caparecer\u00e1\u201d para lhe aconselhar e ajudar.<\/p>\n<p>\u201cSempre penso no que voc\u00ea diria. Faria. Voc\u00ea era t\u00e3o melhor que eu. O que voc\u00ea diria se tivesse diante de mim agora. Te decepcionei, pai?\u201d, questiona Samuel.<\/p>\n<p>\u201cVoc\u00ea sempre me deixou orgulhoso! N\u00e3o por agir como eu, mas por agir como voc\u00ea! Samuel, os filhos v\u00eam ao mundo para aperfei\u00e7oar aquilo que n\u00f3s fizemos de certo. N\u00e3o para copiar\u201d, ensina Abel.<\/p>\n<p>\u201cEu me sinto t\u00e3o sozinho, sem voc\u00ea!\u201d, desabafa Samuel.<\/p>\n<p>\u201cPreste aten\u00e7\u00e3o. Voc\u00ea n\u00e3o est\u00e1 s\u00f3, Samuel\u201d, diz a voz de Abel.<\/p>\n<p>E, ent\u00e3o, Abel \u201cdesaparecer\u00e1\u201d, e Samuel voltar\u00e1 a se sentir sozinho&#8230;<\/p>\n<p>\u201c\u00c9, voc\u00ea diria tudo isso. Mas eu estou s\u00f3, pai. Nisso, voc\u00ea errou.\u201d<br \/>\n<!--FIM--><br \/>\n<a href=\"https:\/\/tvnovelas.com.br\/novelas\/resumos-de-dona-de-mim-da-proxima-semana\/\" target=\"_blank\" rel=\"noopener\">Resumos dos cap\u00edtulos de Dona de Mim<\/a><br \/>\n<div class=\"pt-cv-wrapper\"><h2 class='pt-cv-heading-container heading2' data-blockid='9b88c0b6t2'><span class='pt-cv-heading'> \u00daltimas da novela <\/span><\/h2><div class=\"pt-cv-view pt-cv-grid pt-cv-colsys\" id=\"pt-cv-view-9b88c0b6t2\"><div data-id=\"pt-cv-page-1\" class=\"pt-cv-page\" data-cvc=\"1\"><div class=\"col-md-12 col-sm-12 col-xs-12 pt-cv-content-item pt-cv-1-col\" ><div class='pt-cv-ifield'><h4 class=\"pt-cv-title\"><a href=\"https:\/\/www.tvnovelas.com.br\/tvnews\/dona-de-mim-abel-aparece-e-salva-sofia-do-incendio\/\" class=\"_blank\" target=\"_blank\" >Dona de Mim: Abel \u2018aparece&#8217; e salva Sofia do inc\u00eandio<\/a><\/h4><\/div><\/div>\n<div class=\"col-md-12 col-sm-12 col-xs-12 pt-cv-content-item pt-cv-1-col\" ><div class='pt-cv-ifield'><h4 class=\"pt-cv-title\"><a href=\"https:\/\/www.tvnovelas.com.br\/tvnews\/dona-de-mim-jaques-coloca-fogo-na-boaz\/\" class=\"_blank\" target=\"_blank\" >Dona de Mim: Jaques coloca fogo na Boaz<\/a><\/h4><\/div><\/div>\n<div class=\"col-md-12 col-sm-12 col-xs-12 pt-cv-content-item pt-cv-1-col\" ><div class='pt-cv-ifield'><h4 class=\"pt-cv-title\"><a href=\"https:\/\/www.tvnovelas.com.br\/tvnews\/dona-de-mim-davi-e-barbara-sofrem-grave-acidente\/\" class=\"_blank\" target=\"_blank\" >Dona de Mim: Davi e B\u00e1rbara sofrem grave acidente<\/a><\/h4><\/div><\/div><\/div><\/div><\/div><\/p>\n<div style=\"font-size: 150%;\"><h3>Confira tamb\u00e9m<\/h3>\r\n<a href=\"https:\/\/tvnovelas.com.br\/novelas\/\" rel=\"noopener\" target=\"_blank\"><strong>Todos os resumos de novelas<\/strong><\/a><\/br>\r\n<a href=\"https:\/\/www.tvnovelas.com.br\/tvnews\/\" rel=\"noopener\" target=\"_blank\"><strong>\u00daltimas not\u00edcias das novelas<\/strong><\/a><\/br>\r\n<a href=\"https:\/\/www.tvnovelas.com.br\/filmes\/\" target=\"_blank\" rel=\"noopener noreferrer\"><strong>Programa\u00e7\u00e3o de filmes na TV aberta<\/strong><\/a><\/br>\r\n<a href=\"https:\/\/caetenews.com.br\/semana\/filmes-da-globo-na-sessao-da-tarde-desta-semana\/\" target=\"_blank\" rel=\"noopener\"><strong>Confira os filmes da semana na Sess\u00e3o da Tarde<\/strong><\/a><\/br>\r\n<a href=\"https:\/\/classindportal.mj.gov.br\/consulta-filmes\" target=\"_blank\" rel=\"noopener\"><strong>Consulte a classifica\u00e7\u00e3o indicativa dos filmes e novelas<\/strong><\/a><\/br><\/div>\n","protected":false},"excerpt":{"rendered":"<p>Dona de Mim: Abel &#8216;aparece&#8217; para Samuel&#8230; Em Dona de Mim, Samuel (Juan Paiva) tem tido dificuldade para conciliar o comando da f\u00e1brica da fam\u00edlia&#8230;<\/p>\n","protected":false},"author":1,"featured_media":85305,"comment_status":"closed","ping_status":"closed","sticky":false,"template":"","format":"standard","meta":{"_uf_show_specific_survey":0,"_uf_disable_surveys":false,"_jetpack_memberships_contains_paid_content":false,"footnotes":"","_wp_rev_ctl_limit":""},"categories":[884],"tags":[],"class_list":["post-85304","post","type-post","status-publish","format-standard","has-post-thumbnail","hentry","category-dona-de-mim","wpcat-884-id"],"aioseo_notices":[],"jetpack_featured_media_url":"https:\/\/i0.wp.com\/www.tvnovelas.com.br\/tvnews\/wp-content\/uploads\/2025\/11\/12422.jpg?fit=727%2C410&ssl=1","jetpack_shortlink":"https:\/\/wp.me\/pdP2BO-mbS","jetpack_sharing_enabled":true,"_links":{"self":[{"href":"https:\/\/www.tvnovelas.com.br\/tvnews\/wp-json\/wp\/v2\/posts\/85304","targetHints":{"allow":["GET"]}}],"collection":[{"href":"https:\/\/www.tvnovelas.com.br\/tvnews\/wp-json\/wp\/v2\/posts"}],"about":[{"href":"https:\/\/www.tvnovelas.com.br\/tvnews\/wp-json\/wp\/v2\/types\/post"}],"author":[{"embeddable":true,"href":"https:\/\/www.tvnovelas.com.br\/tvnews\/wp-json\/wp\/v2\/users\/1"}],"replies":[{"embeddable":true,"href":"https:\/\/www.tvnovelas.com.br\/tvnews\/wp-json\/wp\/v2\/comments?post=85304"}],"version-history":[{"count":1,"href":"https:\/\/www.tvnovelas.com.br\/tvnews\/wp-json\/wp\/v2\/posts\/85304\/revisions"}],"predecessor-version":[{"id":85306,"href":"https:\/\/www.tvnovelas.com.br\/tvnews\/wp-json\/wp\/v2\/posts\/85304\/revisions\/85306"}],"wp:featuredmedia":[{"embeddable":true,"href":"https:\/\/www.tvnovelas.com.br\/tvnews\/wp-json\/wp\/v2\/media\/85305"}],"wp:attachment":[{"href":"https:\/\/www.tvnovelas.com.br\/tvnews\/wp-json\/wp\/v2\/media?parent=85304"}],"wp:term":[{"taxonomy":"category","embeddable":true,"href":"https:\/\/www.tvnovelas.com.br\/tvnews\/wp-json\/wp\/v2\/categories?post=85304"},{"taxonomy":"post_tag","embeddable":true,"href":"https:\/\/www.tvnovelas.com.br\/tvnews\/wp-json\/wp\/v2\/tags?post=85304"}],"curies":[{"name":"wp","href":"https:\/\/api.w.org\/{rel}","templated":true}]}}