{"id":85347,"date":"2025-11-21T09:03:36","date_gmt":"2025-11-21T12:03:36","guid":{"rendered":"https:\/\/www.tvnovelas.com.br\/tvnews\/?p=85347"},"modified":"2025-11-21T09:03:36","modified_gmt":"2025-11-21T12:03:36","slug":"eta-mundo-melhor-candinho-fica-frente-a-frente-com-sandra","status":"publish","type":"post","link":"https:\/\/www.tvnovelas.com.br\/tvnews\/eta-mundo-melhor-candinho-fica-frente-a-frente-com-sandra\/","title":{"rendered":"\u00cata Mundo Melhor!: Candinho fica frente a frente com Sandra"},"content":{"rendered":"<figure id=\"attachment_85348\" aria-describedby=\"caption-attachment-85348\" style=\"width: 728px\" class=\"wp-caption aligncenter\"><img data-recalc-dims=\"1\" decoding=\"async\" class=\"wp-image-85348 size-full\" title=\"(Foto: TV Globo\/\u00cata Mundo Melhor!)\" src=\"https:\/\/i0.wp.com\/www.tvnovelas.com.br\/tvnews\/wp-content\/uploads\/2025\/11\/12427.jpg?resize=728%2C409&#038;ssl=1\" alt=\"Foto em \u00cata Mundo Melhor!: Candinho fica frente a frente com Sandra\" width=\"728\" height=\"409\" srcset=\"https:\/\/i0.wp.com\/www.tvnovelas.com.br\/tvnews\/wp-content\/uploads\/2025\/11\/12427.jpg?w=728&amp;ssl=1 728w, https:\/\/i0.wp.com\/www.tvnovelas.com.br\/tvnews\/wp-content\/uploads\/2025\/11\/12427.jpg?resize=250%2C140&amp;ssl=1 250w\" sizes=\"(max-width: 728px) 100vw, 728px\" \/><figcaption id=\"caption-attachment-85348\" class=\"wp-caption-text\">\u00cata Mundo Melhor!: Candinho fica frente a frente com Sandra<\/figcaption><\/figure>\n<p>Em \u00cata Mundo Melhor!, a cidade de S\u00e3o Paulo nunca ficou t\u00e3o pequena! Para celebrar as \u00faltimas boas not\u00edcias, os casais Candinho (Sergio Guiz\u00e9) e Dita (Jeniffer Nascimento), al\u00e9m de Ernesto (Eriberto Le\u00e3o) e a baronesa Sofia Deschamps, identidade falsa de Sandra (Fl\u00e1via Alessandra), dividir\u00e3o o mesmo restaurante. Claro que tal coincid\u00eancia n\u00e3o passar\u00e1 em branco!<\/p>\n<p>O caipira e o golpista ter\u00e3o uma briga daquelas que acabar\u00e1 com a noite dos dois!<\/p>\n<p>&#8220;Tenho tanta raiva desse Bigodim&#8230; V\u00f4 l\u00e1, d\u00e1 uns aperto nele&#8221;, amea\u00e7a Candinho, ao reconhecer Ernesto.<\/p>\n<p>&#8220;Vamo comemor\u00e1 essa noite. Ieu isque\u00e7o daquela Zuma e oc\u00ea isquece do Bigodim&#8221;, orienta Dita.<\/p>\n<p>&#8220;Candinho n\u00e3o para de olhar para n\u00f3s. Se ele quer briga, vai ter!&#8221;, diz Ernesto, notando os olhares do caipira.<\/p>\n<p>&#8220;Voc\u00ea vai ficar calmo, Ernesto! Candinho \u00e9 uma das poucas pessoas que podem criar problemas para a Baronesa&#8221;, pede Sandra, mantendo o disfarce.<\/p>\n<p>Seguindo os conselhos das esposas, os rivais apenas trocam olhares raivosos, at\u00e9 que Candinho se levanta para confrontar o bandido.<\/p>\n<p>&#8220;I aquela mo\u00e7a di um oio s\u00f3? Ela sabe quem \u00e9 oc\u00ea?&#8221;, pergunta Candinho.<\/p>\n<p>&#8220;Deixe minha esposa em paz! A minha mulher \u00e9 a Baronesa Deschamps. Mais respeito ao falar dela!&#8221;, avisa Ernesto.<\/p>\n<p>Mas Candinho n\u00e3o deixa barato:<\/p>\n<p>&#8220;Oc\u00ea pode t\u00e1 enganando a infeliz. V\u00f4 cont\u00e1 pra ela tudo que fez de ruim na vida. Come\u00e7ando pelo robo do meu minino!&#8221;<\/p>\n<p>Mais tarde, quando o clima ameniza e Candinho fica a s\u00f3s com Dita, ele comenta que a mulher de Ernesto o fez recordar de Sandra.<br \/>\n<!--FIM--><br \/>\n<a href=\"https:\/\/tvnovelas.com.br\/novelas\/resumos-de-eta-mundo-melhor\/\" target=\"_blank\" rel=\"noopener\">Resumos dos cap\u00edtulos de \u00cata Mundo Melhor!<\/a><br \/>\n<div class=\"pt-cv-wrapper\"><h2 class='pt-cv-heading-container heading2' data-blockid='ae5b5529ra'><span class='pt-cv-heading'> \u00daltimas da novela <\/span><\/h2><div class=\"pt-cv-view pt-cv-grid pt-cv-colsys\" id=\"pt-cv-view-ae5b5529ra\"><div data-id=\"pt-cv-page-1\" class=\"pt-cv-page\" data-cvc=\"1\"><div class=\"col-md-12 col-sm-12 col-xs-12 pt-cv-content-item pt-cv-1-col\" ><div class='pt-cv-ifield'><h4 class=\"pt-cv-title\"><a href=\"https:\/\/www.tvnovelas.com.br\/tvnews\/eta-mundo-melhor-sandra-avisa-que-nao-vai-desistir-da-vinganca\/\" class=\"_blank\" target=\"_blank\" >\u00cata Mundo Melhor!: Sandra avisa que n\u00e3o vai desistir da vingan\u00e7a<\/a><\/h4><\/div><\/div>\n<div class=\"col-md-12 col-sm-12 col-xs-12 pt-cv-content-item pt-cv-1-col\" ><div class='pt-cv-ifield'><h4 class=\"pt-cv-title\"><a href=\"https:\/\/www.tvnovelas.com.br\/tvnews\/eta-mundo-melhor-celso-conta-a-candinho-o-que-sempre-escondeu-sobre-samir\/\" class=\"_blank\" target=\"_blank\" >\u00cata Mundo Melhor!: Celso conta a Candinho o que sempre escondeu sobre Samir<\/a><\/h4><\/div><\/div>\n<div class=\"col-md-12 col-sm-12 col-xs-12 pt-cv-content-item pt-cv-1-col\" ><div class='pt-cv-ifield'><h4 class=\"pt-cv-title\"><a href=\"https:\/\/www.tvnovelas.com.br\/tvnews\/eta-mundo-melhor-lourival-pede-uma-chance-a-dita-e-eles-se-beijam\/\" class=\"_blank\" target=\"_blank\" >\u00cata Mundo Melhor!: Lourival pede uma chance a Dita e eles se beijam<\/a><\/h4><\/div><\/div><\/div><\/div><\/div><br \/>\n&lt;h<\/p>\n<div style=\"font-size: 120%;\"><h3>Confira tamb\u00e9m<\/h3>\r\n<a href=\"https:\/\/tvnovelas.com.br\/novelas\/\" rel=\"noopener\" target=\"_blank\"><strong>Todos os resumos de novelas<\/strong><\/a><\/br>\r\n<a href=\"https:\/\/www.tvnovelas.com.br\/tvnews\/\" rel=\"noopener\" target=\"_blank\"><strong>\u00daltimas not\u00edcias das novelas<\/strong><\/a><\/br>\r\n<a href=\"https:\/\/www.tvnovelas.com.br\/filmes\/\" target=\"_blank\" rel=\"noopener noreferrer\"><strong>Programa\u00e7\u00e3o de filmes na TV aberta<\/strong><\/a><\/br>\r\n<a href=\"https:\/\/caetenews.com.br\/semana\/filmes-da-globo-na-sessao-da-tarde-desta-semana\/\" target=\"_blank\" rel=\"noopener\"><strong>Confira os filmes da semana na Sess\u00e3o da Tarde<\/strong><\/a><\/br>\r\n<a href=\"https:\/\/classindportal.mj.gov.br\/consulta-filmes\" target=\"_blank\" rel=\"noopener\"><strong>Consulte a classifica\u00e7\u00e3o indicativa dos filmes e novelas<\/strong><\/a><\/br><\/div>\n<h2>Sobre a novela:<\/h2>\n<p><a href=\"https:\/\/tvnovelas.com.br\/page2\/arquivo\/eta-mundo-melhor-a-volta-de-candinho-e-policarpo\/&quot;\" target=\"_blank\" rel=\"noopener\">\u00cata Mundo Melhor!: A volta de Candinho e Policarpo<\/a> (Sinopse)<br \/>\n<a href=\"https:\/\/pt.wikipedia.org\/wiki\/%C3%8Ata_Mundo_Melhor!\" target=\"_blank\" rel=\"noopener\">Sobre \u00cata Mundo Melhor!, na Wikipedia<\/a><\/p>\n","protected":false},"excerpt":{"rendered":"<p>\u00cata Mundo Melhor!: Candinho fica frente a frente com Sandra&#8230; Em \u00cata Mundo Melhor!, a cidade de S\u00e3o Paulo nunca ficou t\u00e3o pequena&#8230;<\/p>\n","protected":false},"author":1,"featured_media":85348,"comment_status":"closed","ping_status":"closed","sticky":false,"template":"","format":"standard","meta":{"_uf_show_specific_survey":0,"_uf_disable_surveys":false,"_jetpack_memberships_contains_paid_content":false,"footnotes":"","_wp_rev_ctl_limit":""},"categories":[920],"tags":[921,5,64],"class_list":["post-85347","post","type-post","status-publish","format-standard","has-post-thumbnail","hentry","category-eta-mundo-melhor","tag-eta-mundo-melhor","tag-globo","tag-novelas","wpcat-920-id"],"aioseo_notices":[],"jetpack_featured_media_url":"https:\/\/i0.wp.com\/www.tvnovelas.com.br\/tvnews\/wp-content\/uploads\/2025\/11\/12427.jpg?fit=728%2C409&ssl=1","jetpack_shortlink":"https:\/\/wp.me\/pdP2BO-mcz","jetpack_sharing_enabled":true,"_links":{"self":[{"href":"https:\/\/www.tvnovelas.com.br\/tvnews\/wp-json\/wp\/v2\/posts\/85347","targetHints":{"allow":["GET"]}}],"collection":[{"href":"https:\/\/www.tvnovelas.com.br\/tvnews\/wp-json\/wp\/v2\/posts"}],"about":[{"href":"https:\/\/www.tvnovelas.com.br\/tvnews\/wp-json\/wp\/v2\/types\/post"}],"author":[{"embeddable":true,"href":"https:\/\/www.tvnovelas.com.br\/tvnews\/wp-json\/wp\/v2\/users\/1"}],"replies":[{"embeddable":true,"href":"https:\/\/www.tvnovelas.com.br\/tvnews\/wp-json\/wp\/v2\/comments?post=85347"}],"version-history":[{"count":1,"href":"https:\/\/www.tvnovelas.com.br\/tvnews\/wp-json\/wp\/v2\/posts\/85347\/revisions"}],"predecessor-version":[{"id":85349,"href":"https:\/\/www.tvnovelas.com.br\/tvnews\/wp-json\/wp\/v2\/posts\/85347\/revisions\/85349"}],"wp:featuredmedia":[{"embeddable":true,"href":"https:\/\/www.tvnovelas.com.br\/tvnews\/wp-json\/wp\/v2\/media\/85348"}],"wp:attachment":[{"href":"https:\/\/www.tvnovelas.com.br\/tvnews\/wp-json\/wp\/v2\/media?parent=85347"}],"wp:term":[{"taxonomy":"category","embeddable":true,"href":"https:\/\/www.tvnovelas.com.br\/tvnews\/wp-json\/wp\/v2\/categories?post=85347"},{"taxonomy":"post_tag","embeddable":true,"href":"https:\/\/www.tvnovelas.com.br\/tvnews\/wp-json\/wp\/v2\/tags?post=85347"}],"curies":[{"name":"wp","href":"https:\/\/api.w.org\/{rel}","templated":true}]}}