{"id":85365,"date":"2025-11-21T11:32:42","date_gmt":"2025-11-21T14:32:42","guid":{"rendered":"https:\/\/www.tvnovelas.com.br\/tvnews\/?p=85365"},"modified":"2025-11-21T11:32:42","modified_gmt":"2025-11-21T14:32:42","slug":"mae-sule-muda-de-ideia-e-leva-melek-a-forca","status":"publish","type":"post","link":"https:\/\/www.tvnovelas.com.br\/tvnews\/mae-sule-muda-de-ideia-e-leva-melek-a-forca\/","title":{"rendered":"M\u00e3e: Sule muda de ideia e leva Melek \u00e0 for\u00e7a"},"content":{"rendered":"<figure id=\"attachment_85369\" aria-describedby=\"caption-attachment-85369\" style=\"width: 728px\" class=\"wp-caption aligncenter\"><img data-recalc-dims=\"1\" decoding=\"async\" class=\"wp-image-85369 size-full\" title=\"(Foto: Record TV\/M\u00e3e)\" src=\"https:\/\/i0.wp.com\/www.tvnovelas.com.br\/tvnews\/wp-content\/uploads\/2025\/11\/12431.jpg?resize=728%2C564&#038;ssl=1\" alt=\"Foto em M\u00e3e: Sule muda de ideia e leva Melek \u00e0 for\u00e7a\" width=\"728\" height=\"564\" srcset=\"https:\/\/i0.wp.com\/www.tvnovelas.com.br\/tvnews\/wp-content\/uploads\/2025\/11\/12431.jpg?w=728&amp;ssl=1 728w, https:\/\/i0.wp.com\/www.tvnovelas.com.br\/tvnews\/wp-content\/uploads\/2025\/11\/12431.jpg?resize=250%2C194&amp;ssl=1 250w\" sizes=\"(max-width: 728px) 100vw, 728px\" \/><figcaption id=\"caption-attachment-85369\" class=\"wp-caption-text\">M\u00e3e: Sule muda de ideia e leva Melek \u00e0 for\u00e7a<\/figcaption><\/figure>\n<p><em>No cap\u00edtulo de M\u00e3e, desta sexta, dia 21, Sule toma uma decis\u00e3o impulsiva e Zeynep luta para impedir que Melek seja levada \u00e0 for\u00e7a A a\u00e7\u00e3o inesperada da m\u00e3e biol\u00f3gica da garotinha rompe qualquer sensa\u00e7\u00e3o de seguran\u00e7a e deixa a pequena paralisada <\/em><\/p>\n<p>Zeynep espera a menina na sa\u00edda da escola, cheia de presentes e planos para a menina. Mas toda a alegria termina com a apari\u00e7\u00e3o inesperada de Sule. A partir da\u00ed, o clima se transforma em pura trag\u00e9dia anunciada.<\/p>\n<p>Melek, tomada pelo pavor, tenta se esconder, mas Sule, perturbada e convencida de que \u00e9 hora de recuperar a filha, arranca a garota \u00e0 for\u00e7a das m\u00e3os de Zeynep e a coloca no carro de Cengiz.<\/p>\n<p>Os gritos da menina ecoam enquanto Zeynep, desesperada, tenta impedir o pior. No trajeto, o medo de Melek s\u00f3 aumenta ao encarar o padrasto, enquanto Zeynep corre contra o tempo e pede ajuda a Ali.<\/p>\n<p>Na casa do amigo de Cengiz, a tens\u00e3o cont\u00ednua, e a pequena fica paralisada, incapaz de falar, enquanto Sule tenta recuperar, sem sucesso, a conex\u00e3o com a filha.<\/p>\n<p>Do outro lado, Zeynep volta para casa dilacerada pela culpa e acaba amparada por Ali, pela irm\u00e3 e por Cahide. Em paralelo, Gamze \u00e9 surpreendida por um gesto carinhoso do noivo, um raro instante de leveza em meio ao caos. Determinada a trazer Turna\/Melek de volta, Zeynep recorre a Cahide em um pedido desesperado de ajuda.<br \/>\n<!--FIM--><\/p>\n<h2>Saiba mais<\/h2>\n<p><a href=\"https:\/\/tvnovelas.com.br\/novelas\/resumos-de-novela-mae\/\" target=\"_blank\" rel=\"noopener\">Resumos dos cap\u00edtulos da semana<\/a><br \/>\n<a href=\"https:\/\/wp.me\/pfspD2-VN\" target=\"_blank\" rel=\"noopener\">M\u00e3e: Resgatando uma crian\u00e7a da viol\u00eancia<\/a><br \/>\n<div class=\"pt-cv-wrapper\"><h2 class='pt-cv-heading-container heading2' data-blockid='759454f593'><span class='pt-cv-heading'> \u00daltimas da Novela <\/span><\/h2><div class=\"pt-cv-view pt-cv-grid pt-cv-colsys\" id=\"pt-cv-view-759454f593\"><div data-id=\"pt-cv-page-1\" class=\"pt-cv-page\" data-cvc=\"1\"><div class=\"col-md-12 col-sm-12 col-xs-12 pt-cv-content-item pt-cv-1-col\" ><div class='pt-cv-ifield'><h4 class=\"pt-cv-title\"><a href=\"https:\/\/www.tvnovelas.com.br\/tvnews\/mae-o-destino-final-de-melek-e-zeynep\/\" class=\"_self\" target=\"_self\" >M\u00e3e: O destino final de Melek e Zeynep<\/a><\/h4><\/div><\/div>\n<div class=\"col-md-12 col-sm-12 col-xs-12 pt-cv-content-item pt-cv-1-col\" ><div class='pt-cv-ifield'><h4 class=\"pt-cv-title\"><a href=\"https:\/\/www.tvnovelas.com.br\/tvnews\/mae-zeynep-enfrenta-cengiz\/\" class=\"_self\" target=\"_self\" >M\u00e3e: Zeynep enfrenta Cengiz<\/a><\/h4><\/div><\/div>\n<div class=\"col-md-12 col-sm-12 col-xs-12 pt-cv-content-item pt-cv-1-col\" ><div class='pt-cv-ifield'><h4 class=\"pt-cv-title\"><a href=\"https:\/\/www.tvnovelas.com.br\/tvnews\/mae-cengiz-e-preso-sob-a-acusacao-de-assassinato\/\" class=\"_self\" target=\"_self\" >M\u00e3e: Cengiz \u00e9 preso sob a acusa\u00e7\u00e3o de assassinato<\/a><\/h4><\/div><\/div>\n<div class=\"col-md-12 col-sm-12 col-xs-12 pt-cv-content-item pt-cv-1-col\" ><div class='pt-cv-ifield'><h4 class=\"pt-cv-title\"><a href=\"https:\/\/www.tvnovelas.com.br\/tvnews\/mae-cengiz-assina-documento-renunciando-a-guarda-dos-filhos\/\" class=\"_self\" target=\"_self\" >M\u00e3e: Cengiz assina documento renunciando \u00e0 guarda dos filhos<\/a><\/h4><\/div><\/div>\n<div class=\"col-md-12 col-sm-12 col-xs-12 pt-cv-content-item pt-cv-1-col\" ><div class='pt-cv-ifield'><h4 class=\"pt-cv-title\"><a href=\"https:\/\/www.tvnovelas.com.br\/tvnews\/mae-cengiz-pode-estar-com-os-dias-contados\/\" class=\"_self\" target=\"_self\" >M\u00e3e: Cengiz pode estar com os dias contados<\/a><\/h4><\/div><\/div><\/div><\/div><\/div><\/p>\n<div style=\"font-size: 120%;\"><h3>Confira tamb\u00e9m<\/h3>\r\n<a href=\"https:\/\/tvnovelas.com.br\/novelas\/\" rel=\"noopener\" target=\"_blank\"><strong>Todos os resumos de novelas<\/strong><\/a><\/br>\r\n<a href=\"https:\/\/www.tvnovelas.com.br\/tvnews\/\" rel=\"noopener\" target=\"_blank\"><strong>\u00daltimas not\u00edcias das novelas<\/strong><\/a><\/br>\r\n<a href=\"https:\/\/www.tvnovelas.com.br\/filmes\/\" target=\"_blank\" rel=\"noopener noreferrer\"><strong>Programa\u00e7\u00e3o de filmes na TV aberta<\/strong><\/a><\/br>\r\n<a href=\"https:\/\/caetenews.com.br\/semana\/filmes-da-globo-na-sessao-da-tarde-desta-semana\/\" target=\"_blank\" rel=\"noopener\"><strong>Confira os filmes da semana na Sess\u00e3o da Tarde<\/strong><\/a><\/br>\r\n<a href=\"https:\/\/classindportal.mj.gov.br\/consulta-filmes\" target=\"_blank\" rel=\"noopener\"><strong>Consulte a classifica\u00e7\u00e3o indicativa dos filmes e novelas<\/strong><\/a><\/br><\/div>\n","protected":false},"excerpt":{"rendered":"<p>M\u00e3e: Sule muda de ideia e leva Melek \u00e0 for\u00e7a&#8230; No cap\u00edtulo de M\u00e3e, desta sexta, dia 21, Sule toma uma decis\u00e3o impulsiva e Zeynep luta para impedir&#8230;<\/p>\n","protected":false},"author":1,"featured_media":85369,"comment_status":"closed","ping_status":"closed","sticky":false,"template":"","format":"standard","meta":{"_uf_show_specific_survey":0,"_uf_disable_surveys":false,"_jetpack_memberships_contains_paid_content":false,"footnotes":"","_wp_rev_ctl_limit":""},"categories":[1012],"tags":[1025,1013,1024,64,14],"class_list":["post-85365","post","type-post","status-publish","format-standard","has-post-thumbnail","hentry","category-mae","tag-anne","tag-mae","tag-mother","tag-novelas","tag-record","wpcat-1012-id"],"aioseo_notices":[],"jetpack_featured_media_url":"https:\/\/i0.wp.com\/www.tvnovelas.com.br\/tvnews\/wp-content\/uploads\/2025\/11\/12431.jpg?fit=728%2C564&ssl=1","jetpack_shortlink":"https:\/\/wp.me\/pdP2BO-mcR","jetpack_sharing_enabled":true,"_links":{"self":[{"href":"https:\/\/www.tvnovelas.com.br\/tvnews\/wp-json\/wp\/v2\/posts\/85365","targetHints":{"allow":["GET"]}}],"collection":[{"href":"https:\/\/www.tvnovelas.com.br\/tvnews\/wp-json\/wp\/v2\/posts"}],"about":[{"href":"https:\/\/www.tvnovelas.com.br\/tvnews\/wp-json\/wp\/v2\/types\/post"}],"author":[{"embeddable":true,"href":"https:\/\/www.tvnovelas.com.br\/tvnews\/wp-json\/wp\/v2\/users\/1"}],"replies":[{"embeddable":true,"href":"https:\/\/www.tvnovelas.com.br\/tvnews\/wp-json\/wp\/v2\/comments?post=85365"}],"version-history":[{"count":3,"href":"https:\/\/www.tvnovelas.com.br\/tvnews\/wp-json\/wp\/v2\/posts\/85365\/revisions"}],"predecessor-version":[{"id":85370,"href":"https:\/\/www.tvnovelas.com.br\/tvnews\/wp-json\/wp\/v2\/posts\/85365\/revisions\/85370"}],"wp:featuredmedia":[{"embeddable":true,"href":"https:\/\/www.tvnovelas.com.br\/tvnews\/wp-json\/wp\/v2\/media\/85369"}],"wp:attachment":[{"href":"https:\/\/www.tvnovelas.com.br\/tvnews\/wp-json\/wp\/v2\/media?parent=85365"}],"wp:term":[{"taxonomy":"category","embeddable":true,"href":"https:\/\/www.tvnovelas.com.br\/tvnews\/wp-json\/wp\/v2\/categories?post=85365"},{"taxonomy":"post_tag","embeddable":true,"href":"https:\/\/www.tvnovelas.com.br\/tvnews\/wp-json\/wp\/v2\/tags?post=85365"}],"curies":[{"name":"wp","href":"https:\/\/api.w.org\/{rel}","templated":true}]}}