{"id":85372,"date":"2025-11-21T12:06:58","date_gmt":"2025-11-21T15:06:58","guid":{"rendered":"https:\/\/www.tvnovelas.com.br\/tvnews\/?p=85372"},"modified":"2025-11-21T12:06:58","modified_gmt":"2025-11-21T15:06:58","slug":"a-mar-brisa-ameaca-gabriel","status":"publish","type":"post","link":"https:\/\/www.tvnovelas.com.br\/tvnews\/a-mar-brisa-ameaca-gabriel\/","title":{"rendered":"A.Mar: Brisa amea\u00e7a Gabriel"},"content":{"rendered":"<figure id=\"attachment_85373\" aria-describedby=\"caption-attachment-85373\" style=\"width: 726px\" class=\"wp-caption aligncenter\"><img data-recalc-dims=\"1\" decoding=\"async\" class=\"wp-image-85373 size-full\" title=\"(Foto: SBT\/Televisa\/A.Mar)\" src=\"https:\/\/i0.wp.com\/www.tvnovelas.com.br\/tvnews\/wp-content\/uploads\/2025\/11\/12432.jpg?resize=726%2C410&#038;ssl=1\" alt=\"Foto em A.Mar: Brisa amea\u00e7a Gabriel\" width=\"726\" height=\"410\" srcset=\"https:\/\/i0.wp.com\/www.tvnovelas.com.br\/tvnews\/wp-content\/uploads\/2025\/11\/12432.jpg?w=726&amp;ssl=1 726w, https:\/\/i0.wp.com\/www.tvnovelas.com.br\/tvnews\/wp-content\/uploads\/2025\/11\/12432.jpg?resize=250%2C141&amp;ssl=1 250w\" sizes=\"(max-width: 726px) 100vw, 726px\" \/><figcaption id=\"caption-attachment-85373\" class=\"wp-caption-text\">A.Mar: Brisa amea\u00e7a Gabriel<\/figcaption><\/figure>\n<p>No cap\u00edtulo de A.Mar desta sexta, dia 21, Marina est\u00e1 magoada com Gabriel por t\u00ea-la exclu\u00eddo de seus problemas. Ele se desculpa e explica que s\u00f3 n\u00e3o queria envolv\u00ea-la. Diz que a ama e quer que fiquem juntos.<\/p>\n<p>Brisa, por sua vez, amea\u00e7a Gabriel, dizendo que, se ele quiser que ela continue guardando o segredo, ter\u00e1 de deixar Marina e voltar para ela.<\/p>\n<p>Confira o resumo do cap\u00edtulo de hoje:<\/p>\n<h2 style=\"color: #0046ff;\">Resumo de sexta-feira, 21 de novembro<\/h2>\n<p>Marina est\u00e1 magoada com Gabriel por t\u00ea-la exclu\u00eddo de seus problemas. Ele se desculpa e explica que s\u00f3 n\u00e3o queria envolv\u00ea-la. Diz que a ama e quer que fiquem juntos. Brisa amea\u00e7a Gabriel, dizendo que, se ele quiser que ela continue guardando o segredo, ter\u00e1 de deixar Marina e voltar para ela. Azul insiste em fazer Estrela e S\u00e9rgio lembrarem como se conheceram e o que os fez se apaixonar. Estrela recebe a liga\u00e7\u00e3o de Fabian, que est\u00e1 feliz porque Yasmin vai trabalhar com ele. Valentim chora ao ver Pascoal e Perla se beijando, e Oliver lhe diz que precisa falar com Pascoal. Valentim responde que n\u00e3o \u00e9 capaz de machuc\u00e1-lo, muito menos reclamar por ele estar com a mulher que ama. Oliver insiste que ele precisa fazer alguma coisa. Fabian diz a Yasmin que ela n\u00e3o vai conseguir se levantar de t\u00e3o dolorida; ela responde que, mesmo assim, est\u00e1 contente e quer continuar trabalhando com ele. Marina diz a \u00c9der que \u00e0s vezes gostaria de aceitar sua nova vida e esquecer o passado, mas sente uma forte necessidade de encontrar seu filho e abra\u00e7\u00e1-lo. \u00c9der diz que ela pode abra\u00e7\u00e1-lo, que ele a abra\u00e7a pensando na m\u00e3e dele. O carro em que viajam S\u00e9rgio, Estrela e Azul fura um pneu, e S\u00e9rgio, para fazer Estrela chegar atrasada ao encontro com Fabian, esconde as ferramentas e diz que n\u00e3o podem trocar. Estrela responde que vai parar qualquer carro que passe para pedir ajuda. Yasmin ajuda Fabian a preparar o jantar. Ele diz que gostaria que ela se juntasse a eles e veria que Estrela \u00e9 uma boa mulher. Yasmin responde que n\u00e3o quer brigar, mas tamb\u00e9m n\u00e3o vai fingir que s\u00e3o uma fam\u00edlia feliz. Fabian diz ao pai que Estrela n\u00e3o chegou e n\u00e3o atende suas liga\u00e7\u00f5es nem responde \u00e0s mensagens. Gonzalo diz que talvez ela esteja sem bateria e j\u00e1 esteja a caminho.<\/p>\n<p><!--FIM--><a href=\"https:\/\/tvnovelas.com.br\/novelas\/resumo-de-novelas-a-mar\/\" target=\"_blank\" rel=\"noopener\">Resumos dos cap\u00edtulos da semana de A.Mar<\/a><br \/>\n<div class=\"pt-cv-wrapper\"><h2 class='pt-cv-heading-container heading2' data-blockid='ab488fdp2g'><span class='pt-cv-heading'> \u00daltimas da Novela <\/span><\/h2><div class=\"pt-cv-view pt-cv-grid pt-cv-colsys\" id=\"pt-cv-view-ab488fdp2g\"><div data-id=\"pt-cv-page-1\" class=\"pt-cv-page\" data-cvc=\"1\"><div class=\"col-md-12 col-sm-12 col-xs-12 pt-cv-content-item pt-cv-1-col\" ><div class='pt-cv-ifield'><h4 class=\"pt-cv-title\"><a href=\"https:\/\/www.tvnovelas.com.br\/tvnews\/a-mar-estrela-reune-moradores-para-barrar-maquinario-de-sergio\/\" class=\"_self\" target=\"_self\" >A.Mar: Estrela re\u00fane moradores para barrar m\u00e1quin\u00e1rio de S\u00e9rgio<\/a><\/h4><\/div><\/div>\n<div class=\"col-md-12 col-sm-12 col-xs-12 pt-cv-content-item pt-cv-1-col\" ><div class='pt-cv-ifield'><h4 class=\"pt-cv-title\"><a href=\"https:\/\/www.tvnovelas.com.br\/tvnews\/a-mar-erika-inocenta-fabian-e-ulises\/\" class=\"_self\" target=\"_self\" >A.Mar: \u00c9rika inocenta Fabian e Ulises<\/a><\/h4><\/div><\/div>\n<div class=\"col-md-12 col-sm-12 col-xs-12 pt-cv-content-item pt-cv-1-col\" ><div class='pt-cv-ifield'><h4 class=\"pt-cv-title\"><a href=\"https:\/\/www.tvnovelas.com.br\/tvnews\/a-mar-erika-confessa-a-fabian-que-mentiu-sobre-gravidez\/\" class=\"_self\" target=\"_self\" >A.Mar: \u00c9rika confessa a Fabian que mentiu sobre gravidez<\/a><\/h4><\/div><\/div><\/div><\/div><\/div><\/p>\n<div style=\"font-size: 120%;\"><h3>Confira tamb\u00e9m<\/h3>\r\n<a href=\"https:\/\/tvnovelas.com.br\/novelas\/\" rel=\"noopener\" target=\"_blank\"><strong>Todos os resumos de novelas<\/strong><\/a><\/br>\r\n<a href=\"https:\/\/www.tvnovelas.com.br\/tvnews\/\" rel=\"noopener\" target=\"_blank\"><strong>\u00daltimas not\u00edcias das novelas<\/strong><\/a><\/br>\r\n<a href=\"https:\/\/www.tvnovelas.com.br\/filmes\/\" target=\"_blank\" rel=\"noopener noreferrer\"><strong>Programa\u00e7\u00e3o de filmes na TV aberta<\/strong><\/a><\/br>\r\n<a href=\"https:\/\/caetenews.com.br\/semana\/filmes-da-globo-na-sessao-da-tarde-desta-semana\/\" target=\"_blank\" rel=\"noopener\"><strong>Confira os filmes da semana na Sess\u00e3o da Tarde<\/strong><\/a><\/br>\r\n<a href=\"https:\/\/classindportal.mj.gov.br\/consulta-filmes\" target=\"_blank\" rel=\"noopener\"><strong>Consulte a classifica\u00e7\u00e3o indicativa dos filmes e novelas<\/strong><\/a><\/br><\/div>\n<p><a href=\"https:\/\/tvnovelas.com.br\/page2\/arquivo\/a-mar-conflitos-tragedia-e-drama-na-historia-de-estrela\/\" target=\"_blank\" rel=\"noopener\">A.Mar: Conhe\u00e7a a hist\u00f3ria da novela<\/a><\/p>\n","protected":false},"excerpt":{"rendered":"<p>A.Mar: Brisa amea\u00e7a Gabriel&#8230; No cap\u00edtulo de A.Mar desta sexta, dia 21, Marina est\u00e1 magoada com Gabriel por t\u00ea-la exclu\u00eddo &#8230;<\/p>\n","protected":false},"author":1,"featured_media":85373,"comment_status":"closed","ping_status":"closed","sticky":false,"template":"","format":"standard","meta":{"_uf_show_specific_survey":0,"_uf_disable_surveys":false,"_jetpack_memberships_contains_paid_content":false,"footnotes":"","_wp_rev_ctl_limit":""},"categories":[1003],"tags":[1004,64,13],"class_list":["post-85372","post","type-post","status-publish","format-standard","has-post-thumbnail","hentry","category-a-mar","tag-a-mar","tag-novelas","tag-sbt","wpcat-1003-id"],"aioseo_notices":[],"jetpack_featured_media_url":"https:\/\/i0.wp.com\/www.tvnovelas.com.br\/tvnews\/wp-content\/uploads\/2025\/11\/12432.jpg?fit=726%2C410&ssl=1","jetpack_shortlink":"https:\/\/wp.me\/pdP2BO-mcY","jetpack_sharing_enabled":true,"_links":{"self":[{"href":"https:\/\/www.tvnovelas.com.br\/tvnews\/wp-json\/wp\/v2\/posts\/85372","targetHints":{"allow":["GET"]}}],"collection":[{"href":"https:\/\/www.tvnovelas.com.br\/tvnews\/wp-json\/wp\/v2\/posts"}],"about":[{"href":"https:\/\/www.tvnovelas.com.br\/tvnews\/wp-json\/wp\/v2\/types\/post"}],"author":[{"embeddable":true,"href":"https:\/\/www.tvnovelas.com.br\/tvnews\/wp-json\/wp\/v2\/users\/1"}],"replies":[{"embeddable":true,"href":"https:\/\/www.tvnovelas.com.br\/tvnews\/wp-json\/wp\/v2\/comments?post=85372"}],"version-history":[{"count":1,"href":"https:\/\/www.tvnovelas.com.br\/tvnews\/wp-json\/wp\/v2\/posts\/85372\/revisions"}],"predecessor-version":[{"id":85374,"href":"https:\/\/www.tvnovelas.com.br\/tvnews\/wp-json\/wp\/v2\/posts\/85372\/revisions\/85374"}],"wp:featuredmedia":[{"embeddable":true,"href":"https:\/\/www.tvnovelas.com.br\/tvnews\/wp-json\/wp\/v2\/media\/85373"}],"wp:attachment":[{"href":"https:\/\/www.tvnovelas.com.br\/tvnews\/wp-json\/wp\/v2\/media?parent=85372"}],"wp:term":[{"taxonomy":"category","embeddable":true,"href":"https:\/\/www.tvnovelas.com.br\/tvnews\/wp-json\/wp\/v2\/categories?post=85372"},{"taxonomy":"post_tag","embeddable":true,"href":"https:\/\/www.tvnovelas.com.br\/tvnews\/wp-json\/wp\/v2\/tags?post=85372"}],"curies":[{"name":"wp","href":"https:\/\/api.w.org\/{rel}","templated":true}]}}