{"id":85376,"date":"2025-11-21T12:45:46","date_gmt":"2025-11-21T15:45:46","guid":{"rendered":"https:\/\/www.tvnovelas.com.br\/tvnews\/?p=85376"},"modified":"2025-11-21T12:52:02","modified_gmt":"2025-11-21T15:52:02","slug":"coracao-acelerado-a-proxima-novela-da-sete-da-globo","status":"publish","type":"post","link":"https:\/\/www.tvnovelas.com.br\/tvnews\/coracao-acelerado-a-proxima-novela-da-sete-da-globo\/","title":{"rendered":"Cora\u00e7\u00e3o Acelerado: a pr\u00f3xima novela da sete da Globo"},"content":{"rendered":"<figure id=\"attachment_85380\" aria-describedby=\"caption-attachment-85380\" style=\"width: 728px\" class=\"wp-caption aligncenter\"><img data-recalc-dims=\"1\" decoding=\"async\" class=\"wp-image-85380 size-full\" title=\"(Foto: TV Globo\/Cora\u00e7\u00e3o Acelerado)\" src=\"https:\/\/i0.wp.com\/www.tvnovelas.com.br\/tvnews\/wp-content\/uploads\/2025\/11\/12433.jpg?resize=728%2C410&#038;ssl=1\" alt=\"Foto em Cora\u00e7\u00e3o Acelerado: a pr\u00f3xima novela da sete da Globo\" width=\"728\" height=\"410\" srcset=\"https:\/\/i0.wp.com\/www.tvnovelas.com.br\/tvnews\/wp-content\/uploads\/2025\/11\/12433.jpg?w=728&amp;ssl=1 728w, https:\/\/i0.wp.com\/www.tvnovelas.com.br\/tvnews\/wp-content\/uploads\/2025\/11\/12433.jpg?resize=250%2C141&amp;ssl=1 250w\" sizes=\"(max-width: 728px) 100vw, 728px\" \/><figcaption id=\"caption-attachment-85380\" class=\"wp-caption-text\">Cora\u00e7\u00e3o Acelerado: a pr\u00f3xima novela da sete da Globo<\/figcaption><\/figure>\n<p>Em \u2018Cora\u00e7\u00e3o Acelerado\u2019, pr\u00f3xima novela das sete da TV Globo, toda a cidade de Bom Retorno conhece muito bem o cl\u00e3 Amaral. A fam\u00edlia \u00e9 detentora do Grupo Alaor Amaral, um poderoso conglomerado com atua\u00e7\u00e3o no ramo do algod\u00e3o, moda e eventos country, fundado pelo patriarca Seu Alaor Amaral (Marcos Caruso), conhecido como o Rei do Country. Quando ainda era um rapaz pobre e ambicioso, ele se casou com a poderosa Branca Albuquerque (Ana Barroso), e conseguiu provar seu valor \u00e0 fam\u00edlia da mo\u00e7a ao se tornar um dos homens mais bem-sucedidos do Centro-Oeste. <\/p>\n<p>O casal herdou dos Albuquerque uma das maiores produtoras de algod\u00e3o da regi\u00e3o, e Alaor soube administrar os recursos e expandir seu imp\u00e9rio. O que come\u00e7a como uma lojinha de acess\u00f3rios, roupas e produtos de selaria para o dia a dia do trabalhador rural se torna uma marca respeitada de moda, a \u201cAl\u00f4 Country\u201d, empresa do grupo.<\/p>\n<p>Da rela\u00e7\u00e3o entre Alaor e Branca, nasce o \u00fanico filho do casal, Alaorzinho (Daniel de Oliveira), que assume o Grupo Alaor Amaral quando o pai decide, depois da morte da esposa, aproveitar a vida e recuperar a juventude que passou trabalhando. Alaorzinho foi criado desde cedo para suceder o pai nos neg\u00f3cios da fam\u00edlia. Inovador como s\u00f3 ele, o empres\u00e1rio decide diversificar e investe em um novo ramo: o do entretenimento. \u00c9 assim que surge a \u201cAl\u00f4 Balada\u201d, promotora de festas e eventos musicais. J\u00e1 na vida pessoal, o herdeiro \u00e9 mais acomodado. Casa-se com Zil\u00e1 Sampaio (Leandra Leal) quando ela aparece gr\u00e1vida de Naiane (Isabelle Drummond). <\/p>\n<p>Mas a verdade \u00e9 que nunca se recuperou da separa\u00e7\u00e3o traum\u00e1tica que teve com Janete (Let\u00edcia Spiller). Machista e conservador, n\u00e3o conseguiu lidar com a irrever\u00eancia de Janete, e muito menos com o ci\u00fame que sentia de ver a amada nos palcos cantando. Com o rompimento, Janete vai embora de Bom Retorno e eles nunca mais se encontram.<\/p>\n<p>Seu Alaor surpreende a todos ao confiar sua marca xod\u00f3 aos cuidados da nora Zil\u00e1, que se revela uma excelente mulher de neg\u00f3cios cuidando da Al\u00f4 Country e da carreira da filha Naiane como influenciadora digital, a quem incentiva a postar suas dancinhas nas redes sociais. Filha \u00fanica de Alaorzinho e Zil\u00e1, a jovem herdou o car\u00e1ter da m\u00e3e e, para cuidar dos seus caprichos, precisa de um staff de peso. Naiane est\u00e1 sempre na companhia do personal stylist Esteban Serran (Diego Martins), um estilista talentoso, competente e inovador, e da amiga Laurinha (Kamila Amorim). Volta e meia os dois s\u00e3o v\u00edtimas do egocentrismo extremo da patricinha e de sua m\u00e3e. <\/p>\n<p>Quem tamb\u00e9m passa por poucas e boas na mans\u00e3o dos Amaral \u00e9 a cozinheira Irene (Fernanda Pimenta), que tem sua vida transformada em um inferno ap\u00f3s a morte de Branca, quando Zil\u00e1 assume a casa. Famosa pelas exig\u00eancias absurdas que faz, Zil\u00e1 nunca est\u00e1 satisfeita. Irene j\u00e1 teria se demitido, se n\u00e3o gostasse tanto de Alaorzinho.<\/p>\n<p>Produzida nos Est\u00fadios Globo, \u2018Cora\u00e7\u00e3o Acelerado\u2019 \u00e9 uma novela criada e escrita por Izabel de Oliveira e Maria Helena Nascimento, com dire\u00e7\u00e3o art\u00edstica de Carlos Araujo. Bruna Ferreira assina a produ\u00e7\u00e3o, e Lucas Zardo, a produ\u00e7\u00e3o executiva. A dire\u00e7\u00e3o de g\u00eanero \u00e9 de Jos\u00e9 Luiz Villamarim. A novela est\u00e1 prevista para estrear em janeiro de 2026.<\/p>\n","protected":false},"excerpt":{"rendered":"<p>Cora\u00e7\u00e3o Acelerado: a pr\u00f3xima novela da sete da Globo&#8230; Em \u2018Cora\u00e7\u00e3o Acelerado\u2019, pr\u00f3xima novela das sete da TV Globo, toda a cidade de Bom Retorno&#8230;<\/p>\n","protected":false},"author":1,"featured_media":85380,"comment_status":"closed","ping_status":"closed","sticky":false,"template":"","format":"standard","meta":{"_uf_show_specific_survey":0,"_uf_disable_surveys":false,"_jetpack_memberships_contains_paid_content":false,"footnotes":"","_wp_rev_ctl_limit":""},"categories":[1031],"tags":[],"class_list":["post-85376","post","type-post","status-publish","format-standard","has-post-thumbnail","hentry","category-coracao-acelerado","wpcat-1031-id"],"aioseo_notices":[],"jetpack_featured_media_url":"https:\/\/i0.wp.com\/www.tvnovelas.com.br\/tvnews\/wp-content\/uploads\/2025\/11\/12433.jpg?fit=728%2C410&ssl=1","jetpack_shortlink":"https:\/\/wp.me\/pdP2BO-md2","jetpack_sharing_enabled":true,"_links":{"self":[{"href":"https:\/\/www.tvnovelas.com.br\/tvnews\/wp-json\/wp\/v2\/posts\/85376","targetHints":{"allow":["GET"]}}],"collection":[{"href":"https:\/\/www.tvnovelas.com.br\/tvnews\/wp-json\/wp\/v2\/posts"}],"about":[{"href":"https:\/\/www.tvnovelas.com.br\/tvnews\/wp-json\/wp\/v2\/types\/post"}],"author":[{"embeddable":true,"href":"https:\/\/www.tvnovelas.com.br\/tvnews\/wp-json\/wp\/v2\/users\/1"}],"replies":[{"embeddable":true,"href":"https:\/\/www.tvnovelas.com.br\/tvnews\/wp-json\/wp\/v2\/comments?post=85376"}],"version-history":[{"count":3,"href":"https:\/\/www.tvnovelas.com.br\/tvnews\/wp-json\/wp\/v2\/posts\/85376\/revisions"}],"predecessor-version":[{"id":85382,"href":"https:\/\/www.tvnovelas.com.br\/tvnews\/wp-json\/wp\/v2\/posts\/85376\/revisions\/85382"}],"wp:featuredmedia":[{"embeddable":true,"href":"https:\/\/www.tvnovelas.com.br\/tvnews\/wp-json\/wp\/v2\/media\/85380"}],"wp:attachment":[{"href":"https:\/\/www.tvnovelas.com.br\/tvnews\/wp-json\/wp\/v2\/media?parent=85376"}],"wp:term":[{"taxonomy":"category","embeddable":true,"href":"https:\/\/www.tvnovelas.com.br\/tvnews\/wp-json\/wp\/v2\/categories?post=85376"},{"taxonomy":"post_tag","embeddable":true,"href":"https:\/\/www.tvnovelas.com.br\/tvnews\/wp-json\/wp\/v2\/tags?post=85376"}],"curies":[{"name":"wp","href":"https:\/\/api.w.org\/{rel}","templated":true}]}}