{"id":85430,"date":"2025-11-23T10:30:30","date_gmt":"2025-11-23T13:30:30","guid":{"rendered":"https:\/\/www.tvnovelas.com.br\/tvnews\/?p=85430"},"modified":"2025-11-23T13:10:07","modified_gmt":"2025-11-23T16:10:07","slug":"tres-gracas-claudia-e-atropelada-a-mando-de-arminda-e-ferette","status":"publish","type":"post","link":"https:\/\/www.tvnovelas.com.br\/tvnews\/tres-gracas-claudia-e-atropelada-a-mando-de-arminda-e-ferette\/","title":{"rendered":"Em Tr\u00eas Gra\u00e7as: Claudia \u00e9 atropelada a mando de Arminda e Ferette"},"content":{"rendered":"<figure id=\"attachment_85431\" aria-describedby=\"caption-attachment-85431\" style=\"width: 728px\" class=\"wp-caption aligncenter\"><img data-recalc-dims=\"1\" decoding=\"async\" class=\"wp-image-85431 size-full\" title=\"(Foto: TV Globo\/Tr\u00eas Gra\u00e7as)\" src=\"https:\/\/i0.wp.com\/www.tvnovelas.com.br\/tvnews\/wp-content\/uploads\/2025\/11\/12444.jpg?resize=728%2C409&#038;ssl=1\" alt=\"Foto em Tr\u00eas Gra\u00e7as: Claudia \u00e9 atropelada a mando de Arminda e Ferette\" width=\"728\" height=\"409\" srcset=\"https:\/\/i0.wp.com\/www.tvnovelas.com.br\/tvnews\/wp-content\/uploads\/2025\/11\/12444.jpg?w=728&amp;ssl=1 728w, https:\/\/i0.wp.com\/www.tvnovelas.com.br\/tvnews\/wp-content\/uploads\/2025\/11\/12444.jpg?resize=250%2C140&amp;ssl=1 250w\" sizes=\"(max-width: 728px) 100vw, 728px\" \/><figcaption id=\"caption-attachment-85431\" class=\"wp-caption-text\">Tr\u00eas Gra\u00e7as: Claudia \u00e9 atropelada a mando de Arminda e Ferette<\/figcaption><\/figure>\n<p>Em Tr\u00eas Gra\u00e7as, Claudia (Lorrana Moussinho) ser\u00e1 mais um nome na na lista de v\u00edtimas de Ferette (Murilo Ben\u00edcio) e Arminda (Grazi Massafera), em Tr\u00eas Gra\u00e7as. A vil\u00e3 n\u00e3o esconde a antipatia que nutre pelas cuidadoras da m\u00e3e, por\u00e9m, ela passou a se incomodar ainda mais quando Josefa (Arlete Salles) come\u00e7ou a contar suas desconfian\u00e7as sobre a morte de Rog\u00e9rio (Du Moscovis) para a funcion\u00e1ria.<\/p>\n<p>Sendo assim, querendo evitar que qualquer segredo vaze, Arminda e Ferette decidiram que Claudia deve morrer. A situa\u00e7\u00e3o ir\u00e1 ocorrer logo pela manh\u00e3, quando Gerluce (Sophie Charlotte) chegar \u00e0 mans\u00e3o, na troca de turno com a amiga.<\/p>\n<p>Claudia comentar\u00e1 brevemente o qu\u00e3o dif\u00edcil \u00e9 conciliar o trabalho com os estudos para o vestibular de medicina, por\u00e9m, receber\u00e1 apoio da amiga.<\/p>\n<p>\u201cEu sei que \u00e9 dif\u00edcil, mas voc\u00ea vai conseguir. Vou lhe incluir nos meus pedidos pra Santa Rita de C\u00e1ssia\u201d, dir\u00e1 Gerluce.<\/p>\n<p>\u201cVoc\u00ea n\u00e3o existe! Bom, o meu \u00f4nibus passa em tr\u00eas minutos. Fui!\u201d, dir\u00e1 Claudia, se despedindo.<\/p>\n<p>\u201cVoc\u00ea vai ser uma grande m\u00e9dica, minha amiga. Pode apostar!\u201d, completar\u00e1 a protagonista.<\/p>\n<p>Quando Claudia sair da mans\u00e3o de Arminda, come\u00e7ar\u00e1 a ser perseguida por um carro dirigido por Edilberto (Julio Rocha); o capanga de Ferette aproveitar\u00e1 o momento que a mo\u00e7a vai passar por uma rua deserta e ir\u00e1 atropel\u00e1-la.<br \/>\n<!--FIM--><br \/>\n<div class=\"pt-cv-wrapper\"><h2 class='pt-cv-heading-container heading2' data-blockid='aa8cb49py2'><span class='pt-cv-heading'> \u00daltimas da Novela <\/span><\/h2><div class=\"pt-cv-view pt-cv-grid pt-cv-colsys\" id=\"pt-cv-view-aa8cb49py2\"><div data-id=\"pt-cv-page-1\" class=\"pt-cv-page\" data-cvc=\"1\"><div class=\"col-md-12 col-sm-12 col-xs-12 pt-cv-content-item pt-cv-1-col\" ><div class='pt-cv-ifield'><h4 class=\"pt-cv-title\"><a href=\"https:\/\/www.tvnovelas.com.br\/tvnews\/tres-gracas-joaquim-propoe-fuga-a-arminda-com-o-dinheiro-das-tres-gracas\/\" class=\"_self\" target=\"_self\" >Tr\u00eas Gra\u00e7as:  Joaquim prop\u00f5e fuga a Arminda com o dinheiro das Tr\u00eas Gra\u00e7as<\/a><\/h4><\/div><\/div>\n<div class=\"col-md-12 col-sm-12 col-xs-12 pt-cv-content-item pt-cv-1-col\" ><div class='pt-cv-ifield'><h4 class=\"pt-cv-title\"><a href=\"https:\/\/www.tvnovelas.com.br\/tvnews\/tres-gracas-bagda-e-preso-por-juquinha\/\" class=\"_self\" target=\"_self\" >Tr\u00eas Gra\u00e7as:  Bagd\u00e1 \u00e9 preso por Juquinha<\/a><\/h4><\/div><\/div>\n<div class=\"col-md-12 col-sm-12 col-xs-12 pt-cv-content-item pt-cv-1-col\" ><div class='pt-cv-ifield'><h4 class=\"pt-cv-title\"><a href=\"https:\/\/www.tvnovelas.com.br\/tvnews\/os-resumos-de-tres-gracas-da-semana-27-4-a-02-de-maio\/\" class=\"_self\" target=\"_self\" >Os resumos de Tr\u00eas Gra\u00e7as da semana 27\/4 a 02 de maio<\/a><\/h4><\/div><\/div><\/div><\/div><\/div><\/p>\n<h2>Saiba mais<\/h2>\n<p><a href=\"https:\/\/tvnovelas.com.br\/novelas\/resumos-de-tres-gracas\/\" target=\"_blank\" rel=\"noopener\">Tr\u00eas Gra\u00e7as: Resumos dos cap\u00edtulos da semana<\/a><br \/>\n<a href=\"https:\/\/tvnovelas.com.br\/page2\/arquivo\/tres-gracas-aluta-para-nao-perder-a-esperanca\/\" target=\"_blank\" rel=\"noopener\">&#8216;Tr\u00eas Gra\u00e7as\u2019, a luta para n\u00e3o perder a esperan\u00e7a<\/a> (Sinopse)<br \/>\n<a href=\"https:\/\/www.tvnovelas.com.br\/tvnews\/tres-gracas-as-tres-gracas-e-suas-adversidades\/\" target=\"_blank\" rel=\"noopener\">Tr\u00eas Gra\u00e7as: As tr\u00eas Gra\u00e7as e suas adversidades<\/a><\/p>\n<div style=\"font-size: 120%;\"><h3>Confira tamb\u00e9m<\/h3>\r\n<a href=\"https:\/\/tvnovelas.com.br\/novelas\/\" rel=\"noopener\" target=\"_blank\"><strong>Todos os resumos de novelas<\/strong><\/a><\/br>\r\n<a href=\"https:\/\/www.tvnovelas.com.br\/tvnews\/\" rel=\"noopener\" target=\"_blank\"><strong>\u00daltimas not\u00edcias das novelas<\/strong><\/a><\/br>\r\n<a href=\"https:\/\/www.tvnovelas.com.br\/filmes\/\" target=\"_blank\" rel=\"noopener noreferrer\"><strong>Programa\u00e7\u00e3o de filmes na TV aberta<\/strong><\/a><\/br>\r\n<a href=\"https:\/\/caetenews.com.br\/semana\/filmes-da-globo-na-sessao-da-tarde-desta-semana\/\" target=\"_blank\" rel=\"noopener\"><strong>Confira os filmes da semana na Sess\u00e3o da Tarde<\/strong><\/a><\/br>\r\n<a href=\"https:\/\/classindportal.mj.gov.br\/consulta-filmes\" target=\"_blank\" rel=\"noopener\"><strong>Consulte a classifica\u00e7\u00e3o indicativa dos filmes e novelas<\/strong><\/a><\/br><\/div>\n","protected":false},"excerpt":{"rendered":"<p>Tr\u00eas Gra\u00e7as: Claudia \u00e9 atropelada a mando de Arminda e Ferette&#8230;. Em Tr\u00eas Gra\u00e7as, Claudia (Lorrana Moussinho) ser\u00e1 mais um nome na na lista&#8230;<\/p>\n","protected":false},"author":1,"featured_media":85431,"comment_status":"closed","ping_status":"closed","sticky":false,"template":"","format":"standard","meta":{"_uf_show_specific_survey":0,"_uf_disable_surveys":false,"_jetpack_memberships_contains_paid_content":false,"footnotes":"","_wp_rev_ctl_limit":""},"categories":[1006],"tags":[5,64,1007],"class_list":["post-85430","post","type-post","status-publish","format-standard","has-post-thumbnail","hentry","category-tres-gracas","tag-globo","tag-novelas","tag-tres-gracas","wpcat-1006-id"],"aioseo_notices":[],"jetpack_featured_media_url":"https:\/\/i0.wp.com\/www.tvnovelas.com.br\/tvnews\/wp-content\/uploads\/2025\/11\/12444.jpg?fit=728%2C409&ssl=1","jetpack_shortlink":"https:\/\/wp.me\/pdP2BO-mdU","jetpack_sharing_enabled":true,"_links":{"self":[{"href":"https:\/\/www.tvnovelas.com.br\/tvnews\/wp-json\/wp\/v2\/posts\/85430","targetHints":{"allow":["GET"]}}],"collection":[{"href":"https:\/\/www.tvnovelas.com.br\/tvnews\/wp-json\/wp\/v2\/posts"}],"about":[{"href":"https:\/\/www.tvnovelas.com.br\/tvnews\/wp-json\/wp\/v2\/types\/post"}],"author":[{"embeddable":true,"href":"https:\/\/www.tvnovelas.com.br\/tvnews\/wp-json\/wp\/v2\/users\/1"}],"replies":[{"embeddable":true,"href":"https:\/\/www.tvnovelas.com.br\/tvnews\/wp-json\/wp\/v2\/comments?post=85430"}],"version-history":[{"count":2,"href":"https:\/\/www.tvnovelas.com.br\/tvnews\/wp-json\/wp\/v2\/posts\/85430\/revisions"}],"predecessor-version":[{"id":85433,"href":"https:\/\/www.tvnovelas.com.br\/tvnews\/wp-json\/wp\/v2\/posts\/85430\/revisions\/85433"}],"wp:featuredmedia":[{"embeddable":true,"href":"https:\/\/www.tvnovelas.com.br\/tvnews\/wp-json\/wp\/v2\/media\/85431"}],"wp:attachment":[{"href":"https:\/\/www.tvnovelas.com.br\/tvnews\/wp-json\/wp\/v2\/media?parent=85430"}],"wp:term":[{"taxonomy":"category","embeddable":true,"href":"https:\/\/www.tvnovelas.com.br\/tvnews\/wp-json\/wp\/v2\/categories?post=85430"},{"taxonomy":"post_tag","embeddable":true,"href":"https:\/\/www.tvnovelas.com.br\/tvnews\/wp-json\/wp\/v2\/tags?post=85430"}],"curies":[{"name":"wp","href":"https:\/\/api.w.org\/{rel}","templated":true}]}}