{"id":85435,"date":"2025-11-23T13:42:33","date_gmt":"2025-11-23T16:42:33","guid":{"rendered":"https:\/\/www.tvnovelas.com.br\/tvnews\/?p=85435"},"modified":"2025-11-23T13:42:33","modified_gmt":"2025-11-23T16:42:33","slug":"mae-turna-melek-se-recusa-a-falar-com-sule","status":"publish","type":"post","link":"https:\/\/www.tvnovelas.com.br\/tvnews\/mae-turna-melek-se-recusa-a-falar-com-sule\/","title":{"rendered":"M\u00e3e: Turna\/Melek se recusa a falar com Sule"},"content":{"rendered":"<figure id=\"attachment_85436\" aria-describedby=\"caption-attachment-85436\" style=\"width: 728px\" class=\"wp-caption aligncenter\"><img data-recalc-dims=\"1\" decoding=\"async\" class=\"wp-image-85436 size-full\" title=\"(Foto: Record TV\/M\u00e3e)\" src=\"https:\/\/i0.wp.com\/www.tvnovelas.com.br\/tvnews\/wp-content\/uploads\/2025\/11\/12446.jpg?resize=728%2C409&#038;ssl=1\" alt=\"Foto em M\u00e3e: Turna\/Melek se recusa a falar com Sule\" width=\"728\" height=\"409\" srcset=\"https:\/\/i0.wp.com\/www.tvnovelas.com.br\/tvnews\/wp-content\/uploads\/2025\/11\/12446.jpg?w=728&amp;ssl=1 728w, https:\/\/i0.wp.com\/www.tvnovelas.com.br\/tvnews\/wp-content\/uploads\/2025\/11\/12446.jpg?resize=250%2C140&amp;ssl=1 250w\" sizes=\"(max-width: 728px) 100vw, 728px\" \/><figcaption id=\"caption-attachment-85436\" class=\"wp-caption-text\">M\u00e3e: Turna\/Melek se recusa a falar com Sule<\/figcaption><\/figure>\n<p>Zeynep fica devastada quando \u015eule leva Turna \u00e0s pressas para longe da escola; mas pouco, ou nada, pode fazer, afinal, Turna \u00e9 filha biol\u00f3gica de \u015eule. Zeynep, tentando de tudo para obter not\u00edcias de Turna, pede a Ali que encontre \u015eule. Enquanto Ali procura por \u015eule em todos os lugares, Duru o acompanha.<\/p>\n<p>Cahide, tentando lidar com os problemas de Gamze com Mert, tamb\u00e9m fica triste com o estado de ang\u00fastia de Zeynep. Contudo, ela acredita que a decis\u00e3o de \u015eule de levar Turna de volta \u00e9 a coisa certa a fazer e fica secretamente feliz com isso.<\/p>\n<p>\u015eule se esfor\u00e7a para recuperar a felicidade que tinha com a filha. mas a menina chora e n\u00e3o troca uma palavra com a m\u00e3e. Enquanto isso, Cengiz, ainda mais tenso com a chegada de Turna, continua a atormentar a crian\u00e7a.<\/p>\n<p>Enquanto tudo isso acontece, G\u00f6n\u00fcl encontra a boate onde \u015eule trabalha e a confronta. \u015eule, j\u00e1 irritada com a visita inesperada, fica sem palavras. Finalmente, incapaz de suportar a situa\u00e7\u00e3o e o distanciamento da filha, ela pega Turna e vai \u00e0 delegacia prestar queixa contra Zeynep.<br \/>\n<!--FIM--><\/p>\n<h2>Saiba mais<\/h2>\n<p><a href=\"https:\/\/tvnovelas.com.br\/novelas\/resumos-de-novela-mae\/\" target=\"_blank\" rel=\"noopener\">Resumos dos cap\u00edtulos da semana<\/a><br \/>\n<a href=\"https:\/\/wp.me\/pfspD2-VN\" target=\"_blank\" rel=\"noopener\">M\u00e3e: Resgatando uma crian\u00e7a da viol\u00eancia<\/a><br \/>\n<div class=\"pt-cv-wrapper\"><h2 class='pt-cv-heading-container heading2' data-blockid='759454f593'><span class='pt-cv-heading'> \u00daltimas da Novela <\/span><\/h2><div class=\"pt-cv-view pt-cv-grid pt-cv-colsys\" id=\"pt-cv-view-759454f593\"><div data-id=\"pt-cv-page-1\" class=\"pt-cv-page\" data-cvc=\"1\"><div class=\"col-md-12 col-sm-12 col-xs-12 pt-cv-content-item pt-cv-1-col\" ><div class='pt-cv-ifield'><h4 class=\"pt-cv-title\"><a href=\"https:\/\/www.tvnovelas.com.br\/tvnews\/mae-o-destino-final-de-melek-e-zeynep\/\" class=\"_self\" target=\"_self\" >M\u00e3e: O destino final de Melek e Zeynep<\/a><\/h4><\/div><\/div>\n<div class=\"col-md-12 col-sm-12 col-xs-12 pt-cv-content-item pt-cv-1-col\" ><div class='pt-cv-ifield'><h4 class=\"pt-cv-title\"><a href=\"https:\/\/www.tvnovelas.com.br\/tvnews\/mae-zeynep-enfrenta-cengiz\/\" class=\"_self\" target=\"_self\" >M\u00e3e: Zeynep enfrenta Cengiz<\/a><\/h4><\/div><\/div>\n<div class=\"col-md-12 col-sm-12 col-xs-12 pt-cv-content-item pt-cv-1-col\" ><div class='pt-cv-ifield'><h4 class=\"pt-cv-title\"><a href=\"https:\/\/www.tvnovelas.com.br\/tvnews\/mae-cengiz-e-preso-sob-a-acusacao-de-assassinato\/\" class=\"_self\" target=\"_self\" >M\u00e3e: Cengiz \u00e9 preso sob a acusa\u00e7\u00e3o de assassinato<\/a><\/h4><\/div><\/div>\n<div class=\"col-md-12 col-sm-12 col-xs-12 pt-cv-content-item pt-cv-1-col\" ><div class='pt-cv-ifield'><h4 class=\"pt-cv-title\"><a href=\"https:\/\/www.tvnovelas.com.br\/tvnews\/mae-cengiz-assina-documento-renunciando-a-guarda-dos-filhos\/\" class=\"_self\" target=\"_self\" >M\u00e3e: Cengiz assina documento renunciando \u00e0 guarda dos filhos<\/a><\/h4><\/div><\/div>\n<div class=\"col-md-12 col-sm-12 col-xs-12 pt-cv-content-item pt-cv-1-col\" ><div class='pt-cv-ifield'><h4 class=\"pt-cv-title\"><a href=\"https:\/\/www.tvnovelas.com.br\/tvnews\/mae-cengiz-pode-estar-com-os-dias-contados\/\" class=\"_self\" target=\"_self\" >M\u00e3e: Cengiz pode estar com os dias contados<\/a><\/h4><\/div><\/div><\/div><\/div><\/div><br \/>\n&lt;h<\/p>\n<div style=\"font-size: 120%;\"><h3>Confira tamb\u00e9m<\/h3>\r\n<a href=\"https:\/\/tvnovelas.com.br\/novelas\/\" rel=\"noopener\" target=\"_blank\"><strong>Todos os resumos de novelas<\/strong><\/a><\/br>\r\n<a href=\"https:\/\/www.tvnovelas.com.br\/tvnews\/\" rel=\"noopener\" target=\"_blank\"><strong>\u00daltimas not\u00edcias das novelas<\/strong><\/a><\/br>\r\n<a href=\"https:\/\/www.tvnovelas.com.br\/filmes\/\" target=\"_blank\" rel=\"noopener noreferrer\"><strong>Programa\u00e7\u00e3o de filmes na TV aberta<\/strong><\/a><\/br>\r\n<a href=\"https:\/\/caetenews.com.br\/semana\/filmes-da-globo-na-sessao-da-tarde-desta-semana\/\" target=\"_blank\" rel=\"noopener\"><strong>Confira os filmes da semana na Sess\u00e3o da Tarde<\/strong><\/a><\/br>\r\n<a href=\"https:\/\/classindportal.mj.gov.br\/consulta-filmes\" target=\"_blank\" rel=\"noopener\"><strong>Consulte a classifica\u00e7\u00e3o indicativa dos filmes e novelas<\/strong><\/a><\/br><\/div>\n","protected":false},"excerpt":{"rendered":"<p>M\u00e3e: Turna\/Melek se recusa a falar com Sule&#8230;. Zeynep fica devastada quando \u015eule leva Turna \u00e0s pressas para longe da escola&#8230;<\/p>\n","protected":false},"author":1,"featured_media":85436,"comment_status":"closed","ping_status":"closed","sticky":false,"template":"","format":"standard","meta":{"_uf_show_specific_survey":0,"_uf_disable_surveys":false,"_jetpack_memberships_contains_paid_content":false,"footnotes":"","_wp_rev_ctl_limit":""},"categories":[1012],"tags":[1013,64,14],"class_list":["post-85435","post","type-post","status-publish","format-standard","has-post-thumbnail","hentry","category-mae","tag-mae","tag-novelas","tag-record","wpcat-1012-id"],"aioseo_notices":[],"jetpack_featured_media_url":"https:\/\/i0.wp.com\/www.tvnovelas.com.br\/tvnews\/wp-content\/uploads\/2025\/11\/12446.jpg?fit=728%2C409&ssl=1","jetpack_shortlink":"https:\/\/wp.me\/pdP2BO-mdZ","jetpack_sharing_enabled":true,"_links":{"self":[{"href":"https:\/\/www.tvnovelas.com.br\/tvnews\/wp-json\/wp\/v2\/posts\/85435","targetHints":{"allow":["GET"]}}],"collection":[{"href":"https:\/\/www.tvnovelas.com.br\/tvnews\/wp-json\/wp\/v2\/posts"}],"about":[{"href":"https:\/\/www.tvnovelas.com.br\/tvnews\/wp-json\/wp\/v2\/types\/post"}],"author":[{"embeddable":true,"href":"https:\/\/www.tvnovelas.com.br\/tvnews\/wp-json\/wp\/v2\/users\/1"}],"replies":[{"embeddable":true,"href":"https:\/\/www.tvnovelas.com.br\/tvnews\/wp-json\/wp\/v2\/comments?post=85435"}],"version-history":[{"count":1,"href":"https:\/\/www.tvnovelas.com.br\/tvnews\/wp-json\/wp\/v2\/posts\/85435\/revisions"}],"predecessor-version":[{"id":85437,"href":"https:\/\/www.tvnovelas.com.br\/tvnews\/wp-json\/wp\/v2\/posts\/85435\/revisions\/85437"}],"wp:featuredmedia":[{"embeddable":true,"href":"https:\/\/www.tvnovelas.com.br\/tvnews\/wp-json\/wp\/v2\/media\/85436"}],"wp:attachment":[{"href":"https:\/\/www.tvnovelas.com.br\/tvnews\/wp-json\/wp\/v2\/media?parent=85435"}],"wp:term":[{"taxonomy":"category","embeddable":true,"href":"https:\/\/www.tvnovelas.com.br\/tvnews\/wp-json\/wp\/v2\/categories?post=85435"},{"taxonomy":"post_tag","embeddable":true,"href":"https:\/\/www.tvnovelas.com.br\/tvnews\/wp-json\/wp\/v2\/tags?post=85435"}],"curies":[{"name":"wp","href":"https:\/\/api.w.org\/{rel}","templated":true}]}}