{"id":85439,"date":"2025-11-23T15:14:57","date_gmt":"2025-11-23T18:14:57","guid":{"rendered":"https:\/\/www.tvnovelas.com.br\/tvnews\/?p=85439"},"modified":"2025-11-23T15:14:57","modified_gmt":"2025-11-23T18:14:57","slug":"cruel-istambul-nedim-retorna-recuperado-e-sedento-de-vinganca","status":"publish","type":"post","link":"https:\/\/www.tvnovelas.com.br\/tvnews\/cruel-istambul-nedim-retorna-recuperado-e-sedento-de-vinganca\/","title":{"rendered":"Cruel Istambul: Nedim retorna recuperado e sedento de vingan\u00e7a"},"content":{"rendered":"<p><img data-recalc-dims=\"1\" decoding=\"async\" class=\"aligncenter wp-image-85440 size-full\" title=\"(Foto: Reprodu\u00e7\u00e3o\/Band\/Cruel Istambul)\" src=\"https:\/\/i0.wp.com\/www.tvnovelas.com.br\/tvnews\/wp-content\/uploads\/2025\/11\/12447.jpg?resize=728%2C409&#038;ssl=1\" alt=\"\" width=\"728\" height=\"409\" srcset=\"https:\/\/i0.wp.com\/www.tvnovelas.com.br\/tvnews\/wp-content\/uploads\/2025\/11\/12447.jpg?w=728&amp;ssl=1 728w, https:\/\/i0.wp.com\/www.tvnovelas.com.br\/tvnews\/wp-content\/uploads\/2025\/11\/12447.jpg?resize=250%2C140&amp;ssl=1 250w\" sizes=\"(max-width: 728px) 100vw, 728px\" \/><\/p>\n<p><em>O sobrinho de Agah se livra da cadeira de rodas e retorna \u00e0 mans\u00e3o ap\u00f3s um intenso processo de reabilita\u00e7\u00e3o.<\/em><\/p>\n<p>Nedim retornar\u00e1 \u00e0 mans\u00e3o completamente recuperado ap\u00f3s passar por tratamento de reabilita\u00e7\u00e3o. O sobrinho de Agah agora pode andar sem dificuldade e retornar\u00e1 sedento por vingan\u00e7a, visando aqueles que o prejudicaram enquanto estava confinado \u00e0 cadeira de rodas.<\/p>\n<p>Com seu retorno \u00e0 casa dos Kara\u00e7ay, Nedim reafirmar\u00e1 sua autoridade e ordenar\u00e1 o retorno de sua esposa, Ceren, e de sua av\u00f3, Neriman, que Agah havia expulsado.<\/p>\n<p>A presen\u00e7a de Nedim perturbar\u00e1 a paz de seu primo Cenk, que acredita que Ceren se apaixonou pelo jovem e n\u00e3o conseguir\u00e1 esconder seu ci\u00fame. &#8220;Agora que ele n\u00e3o \u00e9 mais um pobre aleijado, ele pode competir comigo, n\u00e3o \u00e9?&#8221;, ele dir\u00e1 \u00e0 esposa, irritado. O filho de Agah e sua esposa v\u00e3o se desentender por causa disso.<\/p>\n<p>Enquanto isso, Seniz se encontrar\u00e1 com o advogado de Agah depois de lhe dar uma segunda chance. A ambiciosa mulher alertar\u00e1 o advogado sobre as inten\u00e7\u00f5es de Nedim: &#8220;Quero que voc\u00ea diga ao meu marido que o sobrinho dele pretende ficar com todo o dinheiro dele e logo iniciar\u00e1 os procedimentos legais necess\u00e1rios. Espero que isso d\u00ea in\u00edcio \u00e0 guerra que deveria ter come\u00e7ado anos atr\u00e1s&#8221;, ela lhe dir\u00e1 durante a reuni\u00e3o. O advogado cumprir\u00e1 a ordem, transmitindo os supostos planos de Agah ao sobrinho. O milion\u00e1rio receber\u00e1 a informa\u00e7\u00e3o incr\u00e9dulo.<\/p>\n<p>Ceren ainda n\u00e3o entende por que Nedim a trouxe para a mans\u00e3o e o avisar\u00e1: &#8220;Voc\u00ea sabe que meu beb\u00ea n\u00e3o \u00e9 seu e que eu o tratei mal no passado&#8221;, ela o lembra. Mas ele tem um plano claro e avisa a mo\u00e7a que ela simplesmente precisa fazer o que ele diz: &#8220;Ainda n\u00e3o posso lhe contar do que se trata. Apenas obede\u00e7a e voc\u00ea n\u00e3o precisar\u00e1 de nada.&#8221;<br \/>\n<!--FIM--><a href=\"https:\/\/wp.me\/p8dmjy-cmp\" target=\"_blank\" rel=\"noopener\">Resumos dos cap\u00edtulos de Cruel Istambul<\/a><br \/>\n<div class=\"pt-cv-wrapper\"><h2 class='pt-cv-heading-container heading2' data-blockid='b265921794'><span class='pt-cv-heading'> \u00daltimas da Novela <\/span><\/h2><div class=\"pt-cv-view pt-cv-grid pt-cv-colsys\" id=\"pt-cv-view-b265921794\"><div data-id=\"pt-cv-page-1\" class=\"pt-cv-page\" data-cvc=\"1\"><div class=\"col-md-12 col-sm-12 col-xs-12 pt-cv-content-item pt-cv-1-col\" ><div class='pt-cv-ifield'><h4 class=\"pt-cv-title\"><a href=\"https:\/\/www.tvnovelas.com.br\/tvnews\/cruel-istambul-os-ultimos-momentos-de-cenk\/\" class=\"_blank\" target=\"_blank\" >Cruel Istambul: Os \u00faltimos momentos de Cenk<\/a><\/h4><\/div><\/div>\n<div class=\"col-md-12 col-sm-12 col-xs-12 pt-cv-content-item pt-cv-1-col\" ><div class='pt-cv-ifield'><h4 class=\"pt-cv-title\"><a href=\"https:\/\/www.tvnovelas.com.br\/tvnews\/cruel-istambul-cemre-se-encontra-com-o-pai\/\" class=\"_blank\" target=\"_blank\" >Cruel Istambul: Cemre se encontra com o pai<\/a><\/h4><\/div><\/div>\n<div class=\"col-md-12 col-sm-12 col-xs-12 pt-cv-content-item pt-cv-1-col\" ><div class='pt-cv-ifield'><h4 class=\"pt-cv-title\"><a href=\"https:\/\/www.tvnovelas.com.br\/tvnews\/cruel-istambul-cemre-quer-saber-quem-e-seu-pai\/\" class=\"_blank\" target=\"_blank\" >Cruel Istambul: Cemre quer saber quem \u00e9 seu pai!<\/a><\/h4><\/div><\/div>\n<div class=\"col-md-12 col-sm-12 col-xs-12 pt-cv-content-item pt-cv-1-col\" ><div class='pt-cv-ifield'><h4 class=\"pt-cv-title\"><a href=\"https:\/\/www.tvnovelas.com.br\/tvnews\/cruel-istambul-cenk-confronta-seniz\/\" class=\"_blank\" target=\"_blank\" >Cruel Istambul: Cenk confronta Seniz<\/a><\/h4><\/div><\/div>\n<div class=\"col-md-12 col-sm-12 col-xs-12 pt-cv-content-item pt-cv-1-col\" ><div class='pt-cv-ifield'><h4 class=\"pt-cv-title\"><a href=\"https:\/\/www.tvnovelas.com.br\/tvnews\/cruel-istambul-o-estrago-de-ceren-tres-mortes-na-mansao\/\" class=\"_blank\" target=\"_blank\" >Cruel Istambul: O estrago de Ceren: tr\u00eas mortes na mans\u00e3o<\/a><\/h4><\/div><\/div><\/div><\/div><\/div><\/p>\n<div style=\"font-size: 150%;\"><h3>Confira tamb\u00e9m<\/h3>\r\n<a href=\"https:\/\/tvnovelas.com.br\/novelas\/\" rel=\"noopener\" target=\"_blank\"><strong>Todos os resumos de novelas<\/strong><\/a><\/br>\r\n<a href=\"https:\/\/www.tvnovelas.com.br\/tvnews\/\" rel=\"noopener\" target=\"_blank\"><strong>\u00daltimas not\u00edcias das novelas<\/strong><\/a><\/br>\r\n<a href=\"https:\/\/www.tvnovelas.com.br\/filmes\/\" target=\"_blank\" rel=\"noopener noreferrer\"><strong>Programa\u00e7\u00e3o de filmes na TV aberta<\/strong><\/a><\/br>\r\n<a href=\"https:\/\/caetenews.com.br\/semana\/filmes-da-globo-na-sessao-da-tarde-desta-semana\/\" target=\"_blank\" rel=\"noopener\"><strong>Confira os filmes da semana na Sess\u00e3o da Tarde<\/strong><\/a><\/br>\r\n<a href=\"https:\/\/classindportal.mj.gov.br\/consulta-filmes\" target=\"_blank\" rel=\"noopener\"><strong>Consulte a classifica\u00e7\u00e3o indicativa dos filmes e novelas<\/strong><\/a><\/br><\/div>\n","protected":false},"excerpt":{"rendered":"<p>Cruel Istambul: Nedim retorna recuperado.. Nedim retornar\u00e1 \u00e0 mans\u00e3o completamente recuperado ap\u00f3s passar por tratamento de reabilita\u00e7\u00e3o&#8230;<\/p>\n","protected":false},"author":1,"featured_media":85440,"comment_status":"closed","ping_status":"closed","sticky":false,"template":"","format":"standard","meta":{"_uf_show_specific_survey":0,"_uf_disable_surveys":false,"_jetpack_memberships_contains_paid_content":false,"footnotes":"","_wp_rev_ctl_limit":""},"categories":[990],"tags":[43,991,64],"class_list":["post-85439","post","type-post","status-publish","format-standard","has-post-thumbnail","hentry","category-cruel-istambul","tag-band","tag-cruel-istambul","tag-novelas","wpcat-990-id"],"aioseo_notices":[],"jetpack_featured_media_url":"https:\/\/i0.wp.com\/www.tvnovelas.com.br\/tvnews\/wp-content\/uploads\/2025\/11\/12447.jpg?fit=728%2C409&ssl=1","jetpack_shortlink":"https:\/\/wp.me\/pdP2BO-me3","jetpack_sharing_enabled":true,"_links":{"self":[{"href":"https:\/\/www.tvnovelas.com.br\/tvnews\/wp-json\/wp\/v2\/posts\/85439","targetHints":{"allow":["GET"]}}],"collection":[{"href":"https:\/\/www.tvnovelas.com.br\/tvnews\/wp-json\/wp\/v2\/posts"}],"about":[{"href":"https:\/\/www.tvnovelas.com.br\/tvnews\/wp-json\/wp\/v2\/types\/post"}],"author":[{"embeddable":true,"href":"https:\/\/www.tvnovelas.com.br\/tvnews\/wp-json\/wp\/v2\/users\/1"}],"replies":[{"embeddable":true,"href":"https:\/\/www.tvnovelas.com.br\/tvnews\/wp-json\/wp\/v2\/comments?post=85439"}],"version-history":[{"count":1,"href":"https:\/\/www.tvnovelas.com.br\/tvnews\/wp-json\/wp\/v2\/posts\/85439\/revisions"}],"predecessor-version":[{"id":85441,"href":"https:\/\/www.tvnovelas.com.br\/tvnews\/wp-json\/wp\/v2\/posts\/85439\/revisions\/85441"}],"wp:featuredmedia":[{"embeddable":true,"href":"https:\/\/www.tvnovelas.com.br\/tvnews\/wp-json\/wp\/v2\/media\/85440"}],"wp:attachment":[{"href":"https:\/\/www.tvnovelas.com.br\/tvnews\/wp-json\/wp\/v2\/media?parent=85439"}],"wp:term":[{"taxonomy":"category","embeddable":true,"href":"https:\/\/www.tvnovelas.com.br\/tvnews\/wp-json\/wp\/v2\/categories?post=85439"},{"taxonomy":"post_tag","embeddable":true,"href":"https:\/\/www.tvnovelas.com.br\/tvnews\/wp-json\/wp\/v2\/tags?post=85439"}],"curies":[{"name":"wp","href":"https:\/\/api.w.org\/{rel}","templated":true}]}}