{"id":85452,"date":"2025-11-24T10:33:59","date_gmt":"2025-11-24T13:33:59","guid":{"rendered":"https:\/\/www.tvnovelas.com.br\/tvnews\/?p=85452"},"modified":"2025-11-24T11:00:11","modified_gmt":"2025-11-24T14:00:11","slug":"em-tres-gracas-o-cadaver-sumiu","status":"publish","type":"post","link":"https:\/\/www.tvnovelas.com.br\/tvnews\/em-tres-gracas-o-cadaver-sumiu\/","title":{"rendered":"Em Tr\u00eas Gra\u00e7as, o cad\u00e1ver sumiu&#8230;"},"content":{"rendered":"<figure id=\"attachment_85453\" aria-describedby=\"caption-attachment-85453\" style=\"width: 728px\" class=\"wp-caption aligncenter\"><img data-recalc-dims=\"1\" decoding=\"async\" class=\"wp-image-85453 size-full\" title=\"(Foto: TV Globo\/Tr\u00eas Gra\u00e7as)\" src=\"https:\/\/i0.wp.com\/www.tvnovelas.com.br\/tvnews\/wp-content\/uploads\/2025\/11\/12451.jpg?resize=728%2C409&#038;ssl=1\" alt=\"Foto em Em Tr\u00eas Gra\u00e7as, Ferette e Arminda descobrem o sumi\u00e7o de 'cad\u00e1ver'\" width=\"728\" height=\"409\" srcset=\"https:\/\/i0.wp.com\/www.tvnovelas.com.br\/tvnews\/wp-content\/uploads\/2025\/11\/12451.jpg?w=728&amp;ssl=1 728w, https:\/\/i0.wp.com\/www.tvnovelas.com.br\/tvnews\/wp-content\/uploads\/2025\/11\/12451.jpg?resize=250%2C140&amp;ssl=1 250w\" sizes=\"(max-width: 728px) 100vw, 728px\" \/><figcaption id=\"caption-attachment-85453\" class=\"wp-caption-text\">Em Tr\u00eas Gra\u00e7as, Ferette e Arminda descobrem o sumi\u00e7o de &#8216;cad\u00e1ver&#8217;<\/figcaption><\/figure>\n<p>Em Tr\u00eas Gra\u00e7as, a mando de Ferette (Murilo Ben\u00edcio), Edilberto (Julio Rocha) atropelou Claudia (Lorrana Moussinho). O vil\u00e3o e Arminda (Grazi Massafera) desconfiavam que a cuidadora de Josefa (Arlete Salles) pudesse saber mais do que devia sobre a morte de Rog\u00e9rio (Du Moscovis). Por\u00e9m, para a surpresa de Edilberto, o corpo da mo\u00e7a desapareceu da cena do crime misteriosamente.<\/p>\n<p>Minutos ap\u00f3s o atropelamento, que ser\u00e1 brutal, o criminoso voltar\u00e1 \u00e0 cena do crime para limpar os vest\u00edgios. Mas ficar\u00e1 surpreso ao reparar que n\u00e3o h\u00e1 cad\u00e1ver nenhum ali. A partir disso, a informa\u00e7\u00e3o come\u00e7ar\u00e1 a subir at\u00e9 chegar a Ferette, que, logo em seguida, ir\u00e1 ligar para Arminda, e a dondoca n\u00e3o vai receber nada bem a not\u00edcia.<\/p>\n<p>\u201cPirou no calend\u00e1rio? T\u00e1 achando que 1\u00ba de abril? Meu Deus do c\u00e9u&#8230; Pronto, agora o circo t\u00e1 armado. Eu tenho certeza de que n\u00e3o vai ficar s\u00f3 nisso\u201d, comentar\u00e1 ela.<\/p>\n<p>\u201cSe vai ficar s\u00f3 nisso ou n\u00e3o, \u00e9 um outro problema. Vamos resolver esse agora\u201d, dir\u00e1 o vil\u00e3o. \u201cRe\u00fane tudo o que voc\u00ea tem em rela\u00e7\u00e3o \u00e0 morta.\u201d<\/p>\n<p>\u201cMorta? E se ela ainda n\u00e3o morreu?\u201d, vai perguntar Arminda.<\/p>\n<p>\u201cSe ela ainda n\u00e3o morreu, a gente manda ela pro inferno de novo\u201d, cravar\u00e1 Ferette.<br \/>\n<!--FIM--><br \/>\n<div class=\"pt-cv-wrapper\"><h2 class='pt-cv-heading-container heading2' data-blockid='aa8cb49py2'><span class='pt-cv-heading'> \u00daltimas da Novela <\/span><\/h2><div class=\"pt-cv-view pt-cv-grid pt-cv-colsys\" id=\"pt-cv-view-aa8cb49py2\"><div data-id=\"pt-cv-page-1\" class=\"pt-cv-page\" data-cvc=\"1\"><div class=\"col-md-12 col-sm-12 col-xs-12 pt-cv-content-item pt-cv-1-col\" ><div class='pt-cv-ifield'><h4 class=\"pt-cv-title\"><a href=\"https:\/\/www.tvnovelas.com.br\/tvnews\/tres-gracas-joaquim-propoe-fuga-a-arminda-com-o-dinheiro-das-tres-gracas\/\" class=\"_self\" target=\"_self\" >Tr\u00eas Gra\u00e7as:  Joaquim prop\u00f5e fuga a Arminda com o dinheiro das Tr\u00eas Gra\u00e7as<\/a><\/h4><\/div><\/div>\n<div class=\"col-md-12 col-sm-12 col-xs-12 pt-cv-content-item pt-cv-1-col\" ><div class='pt-cv-ifield'><h4 class=\"pt-cv-title\"><a href=\"https:\/\/www.tvnovelas.com.br\/tvnews\/tres-gracas-bagda-e-preso-por-juquinha\/\" class=\"_self\" target=\"_self\" >Tr\u00eas Gra\u00e7as:  Bagd\u00e1 \u00e9 preso por Juquinha<\/a><\/h4><\/div><\/div>\n<div class=\"col-md-12 col-sm-12 col-xs-12 pt-cv-content-item pt-cv-1-col\" ><div class='pt-cv-ifield'><h4 class=\"pt-cv-title\"><a href=\"https:\/\/www.tvnovelas.com.br\/tvnews\/os-resumos-de-tres-gracas-da-semana-27-4-a-02-de-maio\/\" class=\"_self\" target=\"_self\" >Os resumos de Tr\u00eas Gra\u00e7as da semana 27\/4 a 02 de maio<\/a><\/h4><\/div><\/div><\/div><\/div><\/div><\/p>\n<h2>Saiba mais<\/h2>\n<p><a href=\"https:\/\/tvnovelas.com.br\/novelas\/resumos-de-tres-gracas\/\" target=\"_blank\" rel=\"noopener\">Tr\u00eas Gra\u00e7as: Resumos dos cap\u00edtulos da semana<\/a><br \/>\n<a href=\"https:\/\/tvnovelas.com.br\/page2\/arquivo\/tres-gracas-aluta-para-nao-perder-a-esperanca\/\" target=\"_blank\" rel=\"noopener\">&#8216;Tr\u00eas Gra\u00e7as\u2019, a luta para n\u00e3o perder a esperan\u00e7a<\/a> (Sinopse)<br \/>\n<a href=\"https:\/\/www.tvnovelas.com.br\/tvnews\/tres-gracas-as-tres-gracas-e-suas-adversidades\/\" target=\"_blank\" rel=\"noopener\">Tr\u00eas Gra\u00e7as: As tr\u00eas Gra\u00e7as e suas adversidades<\/a><\/p>\n<div style=\"font-size: 120%;\"><h3>Confira tamb\u00e9m<\/h3>\r\n<a href=\"https:\/\/tvnovelas.com.br\/novelas\/\" rel=\"noopener\" target=\"_blank\"><strong>Todos os resumos de novelas<\/strong><\/a><\/br>\r\n<a href=\"https:\/\/www.tvnovelas.com.br\/tvnews\/\" rel=\"noopener\" target=\"_blank\"><strong>\u00daltimas not\u00edcias das novelas<\/strong><\/a><\/br>\r\n<a href=\"https:\/\/www.tvnovelas.com.br\/filmes\/\" target=\"_blank\" rel=\"noopener noreferrer\"><strong>Programa\u00e7\u00e3o de filmes na TV aberta<\/strong><\/a><\/br>\r\n<a href=\"https:\/\/caetenews.com.br\/semana\/filmes-da-globo-na-sessao-da-tarde-desta-semana\/\" target=\"_blank\" rel=\"noopener\"><strong>Confira os filmes da semana na Sess\u00e3o da Tarde<\/strong><\/a><\/br>\r\n<a href=\"https:\/\/classindportal.mj.gov.br\/consulta-filmes\" target=\"_blank\" rel=\"noopener\"><strong>Consulte a classifica\u00e7\u00e3o indicativa dos filmes e novelas<\/strong><\/a><\/br><\/div>\n","protected":false},"excerpt":{"rendered":"<p>Em Tr\u00eas Gra\u00e7as, Ferette e Arminda descobrem&#8230; Em Tr\u00eas Gra\u00e7as, a mando de Ferette (Murilo Ben\u00edcio), Edilberto (Julio Rocha) atropelou Claudia&#8230;<\/p>\n","protected":false},"author":1,"featured_media":85453,"comment_status":"closed","ping_status":"closed","sticky":false,"template":"","format":"standard","meta":{"_uf_show_specific_survey":0,"_uf_disable_surveys":false,"_jetpack_memberships_contains_paid_content":false,"footnotes":"","_wp_rev_ctl_limit":""},"categories":[1006],"tags":[5,64,1007],"class_list":["post-85452","post","type-post","status-publish","format-standard","has-post-thumbnail","hentry","category-tres-gracas","tag-globo","tag-novelas","tag-tres-gracas","wpcat-1006-id"],"aioseo_notices":[],"jetpack_featured_media_url":"https:\/\/i0.wp.com\/www.tvnovelas.com.br\/tvnews\/wp-content\/uploads\/2025\/11\/12451.jpg?fit=728%2C409&ssl=1","jetpack_shortlink":"https:\/\/wp.me\/pdP2BO-meg","jetpack_sharing_enabled":true,"_links":{"self":[{"href":"https:\/\/www.tvnovelas.com.br\/tvnews\/wp-json\/wp\/v2\/posts\/85452","targetHints":{"allow":["GET"]}}],"collection":[{"href":"https:\/\/www.tvnovelas.com.br\/tvnews\/wp-json\/wp\/v2\/posts"}],"about":[{"href":"https:\/\/www.tvnovelas.com.br\/tvnews\/wp-json\/wp\/v2\/types\/post"}],"author":[{"embeddable":true,"href":"https:\/\/www.tvnovelas.com.br\/tvnews\/wp-json\/wp\/v2\/users\/1"}],"replies":[{"embeddable":true,"href":"https:\/\/www.tvnovelas.com.br\/tvnews\/wp-json\/wp\/v2\/comments?post=85452"}],"version-history":[{"count":1,"href":"https:\/\/www.tvnovelas.com.br\/tvnews\/wp-json\/wp\/v2\/posts\/85452\/revisions"}],"predecessor-version":[{"id":85454,"href":"https:\/\/www.tvnovelas.com.br\/tvnews\/wp-json\/wp\/v2\/posts\/85452\/revisions\/85454"}],"wp:featuredmedia":[{"embeddable":true,"href":"https:\/\/www.tvnovelas.com.br\/tvnews\/wp-json\/wp\/v2\/media\/85453"}],"wp:attachment":[{"href":"https:\/\/www.tvnovelas.com.br\/tvnews\/wp-json\/wp\/v2\/media?parent=85452"}],"wp:term":[{"taxonomy":"category","embeddable":true,"href":"https:\/\/www.tvnovelas.com.br\/tvnews\/wp-json\/wp\/v2\/categories?post=85452"},{"taxonomy":"post_tag","embeddable":true,"href":"https:\/\/www.tvnovelas.com.br\/tvnews\/wp-json\/wp\/v2\/tags?post=85452"}],"curies":[{"name":"wp","href":"https:\/\/api.w.org\/{rel}","templated":true}]}}