{"id":85460,"date":"2025-11-24T12:27:17","date_gmt":"2025-11-24T15:27:17","guid":{"rendered":"https:\/\/www.tvnovelas.com.br\/tvnews\/?p=85460"},"modified":"2025-11-24T12:27:17","modified_gmt":"2025-11-24T15:27:17","slug":"a-escrava-isaura-andre-e-moleca-lideram-invasao-a-fazenda-de-leoncio","status":"publish","type":"post","link":"https:\/\/www.tvnovelas.com.br\/tvnews\/a-escrava-isaura-andre-e-moleca-lideram-invasao-a-fazenda-de-leoncio\/","title":{"rendered":"A Escrava Isaura: Andr\u00e9 e Moleca lideram invas\u00e3o \u00e0 fazenda de Le\u00f4ncio"},"content":{"rendered":"<figure id=\"attachment_85461\" aria-describedby=\"caption-attachment-85461\" style=\"width: 727px\" class=\"wp-caption aligncenter\"><img data-recalc-dims=\"1\" decoding=\"async\" class=\"wp-image-85461 size-full\" title=\"(Foto: Record\/A Escrava Isaura)\" src=\"https:\/\/i0.wp.com\/www.tvnovelas.com.br\/tvnews\/wp-content\/uploads\/2025\/11\/12453.jpg?resize=727%2C410&#038;ssl=1\" alt=\"Foto em A Escrava Isaura: Andr\u00e9 e Moleca lideram invas\u00e3o \u00e0 fazenda de Le\u00f4ncio\" width=\"727\" height=\"410\" srcset=\"https:\/\/i0.wp.com\/www.tvnovelas.com.br\/tvnews\/wp-content\/uploads\/2025\/11\/12453.jpg?w=727&amp;ssl=1 727w, https:\/\/i0.wp.com\/www.tvnovelas.com.br\/tvnews\/wp-content\/uploads\/2025\/11\/12453.jpg?resize=250%2C141&amp;ssl=1 250w\" sizes=\"(max-width: 727px) 100vw, 727px\" \/><figcaption id=\"caption-attachment-85461\" class=\"wp-caption-text\">A Escrava Isaura: Andr\u00e9 e Moleca lideram invas\u00e3o \u00e0 fazenda de Le\u00f4ncio<\/figcaption><\/figure>\n<p>No cap\u00edtulo desta segunda, dia 24, Andr\u00e9 e Moleca retornam ao local acompanhados de um grupo de homens dispostos a enfrentar Le\u00f4ncio e seus capangas.<\/p>\n<p>A movimenta\u00e7\u00e3o surpreende os trabalhadores da fazenda e cria um clima de tens\u00e3o crescente. Andr\u00e9, conhecido por sua coragem e senso de justi\u00e7a, assume a lideran\u00e7a da a\u00e7\u00e3o, enquanto Moleca demonstra firmeza e decis\u00e3o ao lado do grupo rebelado. O objetivo \u00e9 claro: proteger Isaura e confrontar aqueles que insistem em mant\u00ea-la sob dom\u00ednio.<\/p>\n<p>Confiante de que conseguiria intimidar Moleca, Le\u00f4ncio tenta capturar a jovem no meio da confus\u00e3o causada pela invas\u00e3o \u00e0 fazenda. Por\u00e9m, ele n\u00e3o contava com a agilidade, for\u00e7a e destreza de Moleca.<\/p>\n<p>Assim que percebe a aproxima\u00e7\u00e3o hostil de Le\u00f4ncio, Moleca reage rapidamente, utilizando um golpe preciso de capoeira \u2014 express\u00e3o da resist\u00eancia e da cultura afro-brasileira. O movimento \u00e1gil derruba Le\u00f4ncio, deixando-o momentaneamente atordoado. Em seguida, ela o mant\u00e9m imobilizado.<\/p>\n<h2 style=\"color: #0046ff;\">Resumo de segunda-feira, 24 de novembro<\/h2>\n<p>Helena fica revoltada com o pai, que insiste em cas\u00e1-la com o doutor Paulo. Arrasada, Malvina fala sobre o quanto se decepcionou novamente com o marido. Rosa exige ser bem tratada por Le\u00f4ncio e diz que n\u00e3o lhe deve mais obedi\u00eancia. Belchior cuida de Jo\u00e3o e Joaquina e explica para os dois o plano de fuga. Francisco e Raimundo caem no sono. Andr\u00e9 e Moleca invadem a fazenda com outros homens. Le\u00f4ncio surpreende Moleca, que lhe d\u00e1 um golpe de capoeira e o rende. Rosa ataca Moleca. Andr\u00e9 consegue resgatar Jo\u00e3o e Joaquina. Bernardo encontra um diamante e comemora com Henrique. Andr\u00e9 chega ao quilombo com Jo\u00e3o e Joaquina. Sebasti\u00e3o fica irado ao saber que Rosa passou a noite com Le\u00f4ncio. Chico, Raimundo e Belchior cobram de Le\u00f4ncio a gratifica\u00e7\u00e3o de fim de ano.<\/p>\n<p><!--FIM--><\/p>\n<h2>Saiba mais<\/h2>\n<p><a href=\"https:\/\/tvnovelas.com.br\/novelas\/resumos-da-novela-a-escrava-isaura\/\" target=\"_blank\" rel=\"noopener\">Escrava Isaura: Resumos dos cap\u00edtulos da semana<\/a><br \/>\n<a href=\"https:\/\/wp.me\/pfspD2-Jf\" target=\"_blank\" rel=\"noopener\">Escrava Isaura: o sonho da liberdade<\/a><\/p>\n<div style=\"font-size: 120%;\"><h3>Confira tamb\u00e9m<\/h3>\r\n<a href=\"https:\/\/tvnovelas.com.br\/novelas\/\" rel=\"noopener\" target=\"_blank\"><strong>Todos os resumos de novelas<\/strong><\/a><\/br>\r\n<a href=\"https:\/\/www.tvnovelas.com.br\/tvnews\/\" rel=\"noopener\" target=\"_blank\"><strong>\u00daltimas not\u00edcias das novelas<\/strong><\/a><\/br>\r\n<a href=\"https:\/\/www.tvnovelas.com.br\/filmes\/\" target=\"_blank\" rel=\"noopener noreferrer\"><strong>Programa\u00e7\u00e3o de filmes na TV aberta<\/strong><\/a><\/br>\r\n<a href=\"https:\/\/caetenews.com.br\/semana\/filmes-da-globo-na-sessao-da-tarde-desta-semana\/\" target=\"_blank\" rel=\"noopener\"><strong>Confira os filmes da semana na Sess\u00e3o da Tarde<\/strong><\/a><\/br>\r\n<a href=\"https:\/\/classindportal.mj.gov.br\/consulta-filmes\" target=\"_blank\" rel=\"noopener\"><strong>Consulte a classifica\u00e7\u00e3o indicativa dos filmes e novelas<\/strong><\/a><\/br><\/div>\n","protected":false},"excerpt":{"rendered":"<p>A Escrava Isaura: Andr\u00e9 e Moleca lideram invas\u00e3o&#8230;  No cap\u00edtulo desta segunda, dia 24, Andr\u00e9 e Moleca retornam ao local acompanhados&#8230;<\/p>\n","protected":false},"author":1,"featured_media":85461,"comment_status":"closed","ping_status":"closed","sticky":false,"template":"","format":"standard","meta":{"_uf_show_specific_survey":0,"_uf_disable_surveys":false,"_jetpack_memberships_contains_paid_content":false,"footnotes":"","_wp_rev_ctl_limit":""},"categories":[984],"tags":[985,64,14],"class_list":["post-85460","post","type-post","status-publish","format-standard","has-post-thumbnail","hentry","category-a-escrava-isaura","tag-a-escrava-isaura","tag-novelas","tag-record","wpcat-984-id"],"aioseo_notices":[],"jetpack_featured_media_url":"https:\/\/i0.wp.com\/www.tvnovelas.com.br\/tvnews\/wp-content\/uploads\/2025\/11\/12453.jpg?fit=727%2C410&ssl=1","jetpack_shortlink":"https:\/\/wp.me\/pdP2BO-meo","jetpack_sharing_enabled":true,"_links":{"self":[{"href":"https:\/\/www.tvnovelas.com.br\/tvnews\/wp-json\/wp\/v2\/posts\/85460","targetHints":{"allow":["GET"]}}],"collection":[{"href":"https:\/\/www.tvnovelas.com.br\/tvnews\/wp-json\/wp\/v2\/posts"}],"about":[{"href":"https:\/\/www.tvnovelas.com.br\/tvnews\/wp-json\/wp\/v2\/types\/post"}],"author":[{"embeddable":true,"href":"https:\/\/www.tvnovelas.com.br\/tvnews\/wp-json\/wp\/v2\/users\/1"}],"replies":[{"embeddable":true,"href":"https:\/\/www.tvnovelas.com.br\/tvnews\/wp-json\/wp\/v2\/comments?post=85460"}],"version-history":[{"count":1,"href":"https:\/\/www.tvnovelas.com.br\/tvnews\/wp-json\/wp\/v2\/posts\/85460\/revisions"}],"predecessor-version":[{"id":85462,"href":"https:\/\/www.tvnovelas.com.br\/tvnews\/wp-json\/wp\/v2\/posts\/85460\/revisions\/85462"}],"wp:featuredmedia":[{"embeddable":true,"href":"https:\/\/www.tvnovelas.com.br\/tvnews\/wp-json\/wp\/v2\/media\/85461"}],"wp:attachment":[{"href":"https:\/\/www.tvnovelas.com.br\/tvnews\/wp-json\/wp\/v2\/media?parent=85460"}],"wp:term":[{"taxonomy":"category","embeddable":true,"href":"https:\/\/www.tvnovelas.com.br\/tvnews\/wp-json\/wp\/v2\/categories?post=85460"},{"taxonomy":"post_tag","embeddable":true,"href":"https:\/\/www.tvnovelas.com.br\/tvnews\/wp-json\/wp\/v2\/tags?post=85460"}],"curies":[{"name":"wp","href":"https:\/\/api.w.org\/{rel}","templated":true}]}}