{"id":85473,"date":"2025-11-25T08:52:18","date_gmt":"2025-11-25T11:52:18","guid":{"rendered":"https:\/\/www.tvnovelas.com.br\/tvnews\/?p=85473"},"modified":"2025-11-25T08:52:18","modified_gmt":"2025-11-25T11:52:18","slug":"dona-de-mim-filipa-explode-com-jaques-e-vai-embora-com-nina","status":"publish","type":"post","link":"https:\/\/www.tvnovelas.com.br\/tvnews\/dona-de-mim-filipa-explode-com-jaques-e-vai-embora-com-nina\/","title":{"rendered":"Dona de Mim: Filipa explode com Jaques e vai embora com Nina"},"content":{"rendered":"<figure id=\"attachment_85474\" aria-describedby=\"caption-attachment-85474\" style=\"width: 728px\" class=\"wp-caption aligncenter\"><img data-recalc-dims=\"1\" decoding=\"async\" class=\"wp-image-85474 size-full\" title=\"(Foto: TV Globo\/Dona de Mim)\" src=\"https:\/\/i0.wp.com\/www.tvnovelas.com.br\/tvnews\/wp-content\/uploads\/2025\/11\/12455.jpg?resize=728%2C410&#038;ssl=1\" alt=\"Foto em Dona de Mim: Filipa explode com Jaques e vai embora com Nina\" width=\"728\" height=\"410\" srcset=\"https:\/\/i0.wp.com\/www.tvnovelas.com.br\/tvnews\/wp-content\/uploads\/2025\/11\/12455.jpg?w=728&amp;ssl=1 728w, https:\/\/i0.wp.com\/www.tvnovelas.com.br\/tvnews\/wp-content\/uploads\/2025\/11\/12455.jpg?resize=250%2C141&amp;ssl=1 250w\" sizes=\"(max-width: 728px) 100vw, 728px\" \/><figcaption id=\"caption-attachment-85474\" class=\"wp-caption-text\">Dona de Mim: Filipa explode com Jaques e vai embora com Nina<\/figcaption><\/figure>\n<p>Em Dona de Mim, Filipa (Cl\u00e1udia Abreu) vai cansar de fingir que n\u00e3o sabe a verdade sobre Jaques (Marcello Novaes). A artista vai explodir e despejar que sabe que vinha sendo dopada pelo vil\u00e3o. Depois, ela vai pegar Nina (Flora Camolese) e sair apressada da mans\u00e3o dos Boaz. Vem saber mais!<\/p>\n<p>Tudo vai come\u00e7ar quando Nina tomar o rem\u00e9dio que Jaques dava a Filipa e apagar, comprovando o que todo mundo j\u00e1 sabia: Jaques vinha dopando Filipa. Depois, quando Jaques perguntar sobre o sono da jovem, a m\u00e3e ir\u00e1 explodir.<\/p>\n<p>\u201cEla est\u00e1 assim por sua causa! Ela tomou o rem\u00e9dio que voc\u00ea \u2018comprou\u2019 pra mim. Que deveria ser o meu rem\u00e9dio pra bipolaridade, mas \u00e9 son\u00edfero!\u201d, grita Filipa.<\/p>\n<p>\u201cO qu\u00ea? De onde voc\u00ea tirou isso?\u201d, disfar\u00e7a Jaques.<\/p>\n<p>\u201cVoc\u00ea estava me dopando pelas procura\u00e7\u00f5es. Pode assumir!\u201d, diz ela.<\/p>\n<p>\u201cN\u00e3o sei quem te envenenou contra mim, mas eu tomo o rem\u00e9dio agora. Pode me dar\u201d, afirma ele.<\/p>\n<p>Ent\u00e3o, Filipa contar\u00e1 que j\u00e1 deu o rem\u00e9dio a Jaques e que o resultado foi ele dormir durante um dia inteiro.<\/p>\n<p>\u201cVoc\u00ea j\u00e1 tomou, meu amor. O Danilo colocou no seu almo\u00e7o. Por isso voc\u00ea dormiu aquela tarde inteira na sua sala. Por isso n\u00e3o lembrava de nada! Chega! N\u00e3o aguento mais fingir. Voc\u00ea me dopou! Isso \u00e9 crime! E voc\u00ea ainda tem a cara dura de dizer que me ama! Depois a \u2018louca\u2019 sou eu!\u201d, reage Filipa.<\/p>\n<p>Filipa colocar\u00e1 Jaques para fora de seu quarto, e ele continuar\u00e1 insistindo que a ama. Quando ele finalmente for embora, Filipa ligar\u00e1 para Leo (Clara Moneke) e pedir\u00e1 ajuda.<\/p>\n<p>\u201cN\u00e3o acho que eu esteja correndo risco, mas n\u00e3o d\u00e1 pra morar mais aqui. Tenho que me mudar ontem.\u201d<\/p>\n<p>Filipa arrumar\u00e1 algumas de suas coisas e deixar\u00e1 a mans\u00e3o dos Boaz com Nina.<br \/>\n<!--FIM--><br \/>\n<a href=\"https:\/\/tvnovelas.com.br\/novelas\/resumos-de-dona-de-mim-da-proxima-semana\/\" target=\"_blank\" rel=\"noopener\">Resumos dos cap\u00edtulos de Dona de Mim<\/a><br \/>\n<div class=\"pt-cv-wrapper\"><h2 class='pt-cv-heading-container heading2' data-blockid='9b88c0b6t2'><span class='pt-cv-heading'> \u00daltimas da novela <\/span><\/h2><div class=\"pt-cv-view pt-cv-grid pt-cv-colsys\" id=\"pt-cv-view-9b88c0b6t2\"><div data-id=\"pt-cv-page-1\" class=\"pt-cv-page\" data-cvc=\"1\"><div class=\"col-md-12 col-sm-12 col-xs-12 pt-cv-content-item pt-cv-1-col\" ><div class='pt-cv-ifield'><h4 class=\"pt-cv-title\"><a href=\"https:\/\/www.tvnovelas.com.br\/tvnews\/dona-de-mim-abel-aparece-e-salva-sofia-do-incendio\/\" class=\"_blank\" target=\"_blank\" >Dona de Mim: Abel \u2018aparece&#8217; e salva Sofia do inc\u00eandio<\/a><\/h4><\/div><\/div>\n<div class=\"col-md-12 col-sm-12 col-xs-12 pt-cv-content-item pt-cv-1-col\" ><div class='pt-cv-ifield'><h4 class=\"pt-cv-title\"><a href=\"https:\/\/www.tvnovelas.com.br\/tvnews\/dona-de-mim-jaques-coloca-fogo-na-boaz\/\" class=\"_blank\" target=\"_blank\" >Dona de Mim: Jaques coloca fogo na Boaz<\/a><\/h4><\/div><\/div>\n<div class=\"col-md-12 col-sm-12 col-xs-12 pt-cv-content-item pt-cv-1-col\" ><div class='pt-cv-ifield'><h4 class=\"pt-cv-title\"><a href=\"https:\/\/www.tvnovelas.com.br\/tvnews\/dona-de-mim-davi-e-barbara-sofrem-grave-acidente\/\" class=\"_blank\" target=\"_blank\" >Dona de Mim: Davi e B\u00e1rbara sofrem grave acidente<\/a><\/h4><\/div><\/div><\/div><\/div><\/div><\/p>\n<div style=\"font-size: 150%;\"><h3>Confira tamb\u00e9m<\/h3>\r\n<a href=\"https:\/\/tvnovelas.com.br\/novelas\/\" rel=\"noopener\" target=\"_blank\"><strong>Todos os resumos de novelas<\/strong><\/a><\/br>\r\n<a href=\"https:\/\/www.tvnovelas.com.br\/tvnews\/\" rel=\"noopener\" target=\"_blank\"><strong>\u00daltimas not\u00edcias das novelas<\/strong><\/a><\/br>\r\n<a href=\"https:\/\/www.tvnovelas.com.br\/filmes\/\" target=\"_blank\" rel=\"noopener noreferrer\"><strong>Programa\u00e7\u00e3o de filmes na TV aberta<\/strong><\/a><\/br>\r\n<a href=\"https:\/\/caetenews.com.br\/semana\/filmes-da-globo-na-sessao-da-tarde-desta-semana\/\" target=\"_blank\" rel=\"noopener\"><strong>Confira os filmes da semana na Sess\u00e3o da Tarde<\/strong><\/a><\/br>\r\n<a href=\"https:\/\/classindportal.mj.gov.br\/consulta-filmes\" target=\"_blank\" rel=\"noopener\"><strong>Consulte a classifica\u00e7\u00e3o indicativa dos filmes e novelas<\/strong><\/a><\/br><\/div>\n","protected":false},"excerpt":{"rendered":"<p>Dona de Mim: Filipa explode com Jaques&#8230; Em Dona de Mim, Filipa (Cl\u00e1udia Abreu) vai cansar de fingir que n\u00e3o sabe a verdade sobre Jaques&#8230;<\/p>\n","protected":false},"author":1,"featured_media":85474,"comment_status":"closed","ping_status":"closed","sticky":false,"template":"","format":"standard","meta":{"_uf_show_specific_survey":0,"_uf_disable_surveys":false,"_jetpack_memberships_contains_paid_content":false,"footnotes":"","_wp_rev_ctl_limit":""},"categories":[884],"tags":[883,5,64],"class_list":["post-85473","post","type-post","status-publish","format-standard","has-post-thumbnail","hentry","category-dona-de-mim","tag-dona-de-mim","tag-globo","tag-novelas","wpcat-884-id"],"aioseo_notices":[],"jetpack_featured_media_url":"https:\/\/i0.wp.com\/www.tvnovelas.com.br\/tvnews\/wp-content\/uploads\/2025\/11\/12455.jpg?fit=728%2C410&ssl=1","jetpack_shortlink":"https:\/\/wp.me\/pdP2BO-meB","jetpack_sharing_enabled":true,"_links":{"self":[{"href":"https:\/\/www.tvnovelas.com.br\/tvnews\/wp-json\/wp\/v2\/posts\/85473","targetHints":{"allow":["GET"]}}],"collection":[{"href":"https:\/\/www.tvnovelas.com.br\/tvnews\/wp-json\/wp\/v2\/posts"}],"about":[{"href":"https:\/\/www.tvnovelas.com.br\/tvnews\/wp-json\/wp\/v2\/types\/post"}],"author":[{"embeddable":true,"href":"https:\/\/www.tvnovelas.com.br\/tvnews\/wp-json\/wp\/v2\/users\/1"}],"replies":[{"embeddable":true,"href":"https:\/\/www.tvnovelas.com.br\/tvnews\/wp-json\/wp\/v2\/comments?post=85473"}],"version-history":[{"count":1,"href":"https:\/\/www.tvnovelas.com.br\/tvnews\/wp-json\/wp\/v2\/posts\/85473\/revisions"}],"predecessor-version":[{"id":85475,"href":"https:\/\/www.tvnovelas.com.br\/tvnews\/wp-json\/wp\/v2\/posts\/85473\/revisions\/85475"}],"wp:featuredmedia":[{"embeddable":true,"href":"https:\/\/www.tvnovelas.com.br\/tvnews\/wp-json\/wp\/v2\/media\/85474"}],"wp:attachment":[{"href":"https:\/\/www.tvnovelas.com.br\/tvnews\/wp-json\/wp\/v2\/media?parent=85473"}],"wp:term":[{"taxonomy":"category","embeddable":true,"href":"https:\/\/www.tvnovelas.com.br\/tvnews\/wp-json\/wp\/v2\/categories?post=85473"},{"taxonomy":"post_tag","embeddable":true,"href":"https:\/\/www.tvnovelas.com.br\/tvnews\/wp-json\/wp\/v2\/tags?post=85473"}],"curies":[{"name":"wp","href":"https:\/\/api.w.org\/{rel}","templated":true}]}}