{"id":85494,"date":"2025-11-25T11:50:49","date_gmt":"2025-11-25T14:50:49","guid":{"rendered":"https:\/\/www.tvnovelas.com.br\/tvnews\/?p=85494"},"modified":"2025-11-25T11:50:49","modified_gmt":"2025-11-25T14:50:49","slug":"a-escrava-isaura-alvaro-diz-a-branca-que-ama-outra-mulher","status":"publish","type":"post","link":"https:\/\/www.tvnovelas.com.br\/tvnews\/a-escrava-isaura-alvaro-diz-a-branca-que-ama-outra-mulher\/","title":{"rendered":"A Escrava Isaura: \u00c1lvaro diz a Branca que ama outra mulher"},"content":{"rendered":"<figure id=\"attachment_85495\" aria-describedby=\"caption-attachment-85495\" style=\"width: 728px\" class=\"wp-caption aligncenter\"><img data-recalc-dims=\"1\" decoding=\"async\" class=\"wp-image-85495 size-full\" title=\"(Foto: Record\/A Escrava Isaura)\" src=\"https:\/\/i0.wp.com\/www.tvnovelas.com.br\/tvnews\/wp-content\/uploads\/2025\/11\/12460.jpg?resize=728%2C409&#038;ssl=1\" alt=\"Foto em A Escrava Isaura: \u00c1lvaro revela a Branca que ama outra mulher\" width=\"728\" height=\"409\" srcset=\"https:\/\/i0.wp.com\/www.tvnovelas.com.br\/tvnews\/wp-content\/uploads\/2025\/11\/12460.jpg?w=728&amp;ssl=1 728w, https:\/\/i0.wp.com\/www.tvnovelas.com.br\/tvnews\/wp-content\/uploads\/2025\/11\/12460.jpg?resize=250%2C140&amp;ssl=1 250w\" sizes=\"(max-width: 728px) 100vw, 728px\" \/><figcaption id=\"caption-attachment-85495\" class=\"wp-caption-text\">A Escrava Isaura: \u00c1lvaro diz a Branca que ama outra mulher<\/figcaption><\/figure>\n<p>No cap\u00edtulo desta ter\u00e7a, dia 25, Geraldo toma coragem para enfrentar as tradi\u00e7\u00f5es cru\u00e9is da fazenda e anuncia que vai libertar todos os escravos, rompendo de vez com o legado sombrio que vinha sustentando a fam\u00edlia por gera\u00e7\u00f5es. A decis\u00e3o causa espanto e tens\u00e3o entre os moradores da casa grande.<\/p>\n<p>Mas \u00e9 diante de Branca que ele faz sua revela\u00e7\u00e3o mais dolorosa: \u00c1lvaro, o homem que ela acredita amar, sofre em sil\u00eancio porque seu cora\u00e7\u00e3o j\u00e1 pertence a outra mulher. A not\u00edcia abala Branca profundamente, for\u00e7ando-a a encarar verdades que sempre temeu e mudando para sempre o rumo das rela\u00e7\u00f5es dentro da fazenda.<\/p>\n<p>Enquanto isto, Miguel fala com Isaura sobre \u00c1lvaro e diz que a filha est\u00e1 apaixonada pelo rapaz<\/p>\n<h2 style=\"color: #0046ff;\">Resumo de ter\u00e7a-feira, 25 de novembro<\/h2>\n<p>Sebasti\u00e3o d\u00e1 um colar de ouro de presente para filha e ela deixa o coronel emocionado ao lhe entregar um buqu\u00ea de flores. Tom\u00e1sia presenteia Belchior e pede que ele seja seu informante na fazenda de Le\u00f4ncio. Dr. Paulo chega para a ceia na fazenda de Sebasti\u00e3o, e o coronel se irrita ao saber que Helena fugiu. A mo\u00e7a chega de surpresa na casa de Tom\u00e1sia e conta que o pai quer cas\u00e1-la \u00e0 for\u00e7a. Le\u00f4ncio pensa em Isaura. Helena se comove ao falar de Gabriel. Os negros fazem uma grande festa no quilombo. Miguel, Isaura e Pedrinho celebram a noite de Natal em paz e alegria. Geraldo diz que vai libertar os escravos da fazenda e ainda revela \u00e0 Branca que \u00c1lvaro est\u00e1 apaixonado por outra mulher. Miguel fala com Isaura sobre \u00c1lvaro e diz que a filha est\u00e1 apaixonada pelo rapaz.<br \/>\n<!--FIM--><\/p>\n<h2>Saiba mais<\/h2>\n<p><a href=\"https:\/\/tvnovelas.com.br\/novelas\/resumos-da-novela-a-escrava-isaura\/\" target=\"_blank\" rel=\"noopener\">Escrava Isaura: Resumos dos cap\u00edtulos da semana<\/a><br \/>\n<a href=\"https:\/\/wp.me\/pfspD2-Jf\" target=\"_blank\" rel=\"noopener\">Escrava Isaura: o sonho da liberdade<\/a><\/p>\n<div style=\"font-size: 120%;\"><h3>Confira tamb\u00e9m<\/h3>\r\n<a href=\"https:\/\/tvnovelas.com.br\/novelas\/\" rel=\"noopener\" target=\"_blank\"><strong>Todos os resumos de novelas<\/strong><\/a><\/br>\r\n<a href=\"https:\/\/www.tvnovelas.com.br\/tvnews\/\" rel=\"noopener\" target=\"_blank\"><strong>\u00daltimas not\u00edcias das novelas<\/strong><\/a><\/br>\r\n<a href=\"https:\/\/www.tvnovelas.com.br\/filmes\/\" target=\"_blank\" rel=\"noopener noreferrer\"><strong>Programa\u00e7\u00e3o de filmes na TV aberta<\/strong><\/a><\/br>\r\n<a href=\"https:\/\/caetenews.com.br\/semana\/filmes-da-globo-na-sessao-da-tarde-desta-semana\/\" target=\"_blank\" rel=\"noopener\"><strong>Confira os filmes da semana na Sess\u00e3o da Tarde<\/strong><\/a><\/br>\r\n<a href=\"https:\/\/classindportal.mj.gov.br\/consulta-filmes\" target=\"_blank\" rel=\"noopener\"><strong>Consulte a classifica\u00e7\u00e3o indicativa dos filmes e novelas<\/strong><\/a><\/br><\/div>\n","protected":false},"excerpt":{"rendered":"<p>A Escrava Isaura: \u00c1lvaro diz a Branca&#8230; No cap\u00edtulo desta ter\u00e7a, dia 25, Geraldo toma coragem para enfrentar as tradi\u00e7\u00f5es cru\u00e9is da fazenda&#8230;<\/p>\n","protected":false},"author":1,"featured_media":85495,"comment_status":"closed","ping_status":"closed","sticky":false,"template":"","format":"standard","meta":{"_uf_show_specific_survey":0,"_uf_disable_surveys":false,"_jetpack_memberships_contains_paid_content":false,"footnotes":"","_wp_rev_ctl_limit":""},"categories":[984],"tags":[985,64,14],"class_list":["post-85494","post","type-post","status-publish","format-standard","has-post-thumbnail","hentry","category-a-escrava-isaura","tag-a-escrava-isaura","tag-novelas","tag-record","wpcat-984-id"],"aioseo_notices":[],"jetpack_featured_media_url":"https:\/\/i0.wp.com\/www.tvnovelas.com.br\/tvnews\/wp-content\/uploads\/2025\/11\/12460.jpg?fit=728%2C409&ssl=1","jetpack_shortlink":"https:\/\/wp.me\/pdP2BO-meW","jetpack_sharing_enabled":true,"_links":{"self":[{"href":"https:\/\/www.tvnovelas.com.br\/tvnews\/wp-json\/wp\/v2\/posts\/85494","targetHints":{"allow":["GET"]}}],"collection":[{"href":"https:\/\/www.tvnovelas.com.br\/tvnews\/wp-json\/wp\/v2\/posts"}],"about":[{"href":"https:\/\/www.tvnovelas.com.br\/tvnews\/wp-json\/wp\/v2\/types\/post"}],"author":[{"embeddable":true,"href":"https:\/\/www.tvnovelas.com.br\/tvnews\/wp-json\/wp\/v2\/users\/1"}],"replies":[{"embeddable":true,"href":"https:\/\/www.tvnovelas.com.br\/tvnews\/wp-json\/wp\/v2\/comments?post=85494"}],"version-history":[{"count":1,"href":"https:\/\/www.tvnovelas.com.br\/tvnews\/wp-json\/wp\/v2\/posts\/85494\/revisions"}],"predecessor-version":[{"id":85496,"href":"https:\/\/www.tvnovelas.com.br\/tvnews\/wp-json\/wp\/v2\/posts\/85494\/revisions\/85496"}],"wp:featuredmedia":[{"embeddable":true,"href":"https:\/\/www.tvnovelas.com.br\/tvnews\/wp-json\/wp\/v2\/media\/85495"}],"wp:attachment":[{"href":"https:\/\/www.tvnovelas.com.br\/tvnews\/wp-json\/wp\/v2\/media?parent=85494"}],"wp:term":[{"taxonomy":"category","embeddable":true,"href":"https:\/\/www.tvnovelas.com.br\/tvnews\/wp-json\/wp\/v2\/categories?post=85494"},{"taxonomy":"post_tag","embeddable":true,"href":"https:\/\/www.tvnovelas.com.br\/tvnews\/wp-json\/wp\/v2\/tags?post=85494"}],"curies":[{"name":"wp","href":"https:\/\/api.w.org\/{rel}","templated":true}]}}