{"id":85513,"date":"2025-11-26T09:44:16","date_gmt":"2025-11-26T12:44:16","guid":{"rendered":"https:\/\/www.tvnovelas.com.br\/tvnews\/?p=85513"},"modified":"2025-11-26T09:44:16","modified_gmt":"2025-11-26T12:44:16","slug":"dona-de-mim-ricardo-acorda-do-coma","status":"publish","type":"post","link":"https:\/\/www.tvnovelas.com.br\/tvnews\/dona-de-mim-ricardo-acorda-do-coma\/","title":{"rendered":"Dona de Mim: Ricardo acorda do coma"},"content":{"rendered":"<figure id=\"attachment_85514\" aria-describedby=\"caption-attachment-85514\" style=\"width: 728px\" class=\"wp-caption aligncenter\"><img data-recalc-dims=\"1\" decoding=\"async\" class=\"wp-image-85514 size-full\" title=\"(Foto: TV Globo\/Dona de Mim)\" src=\"https:\/\/i0.wp.com\/www.tvnovelas.com.br\/tvnews\/wp-content\/uploads\/2025\/11\/12465.jpg?resize=728%2C410&#038;ssl=1\" alt=\"Foto em Dona de Mim: Ricardo acorda do coma\" width=\"728\" height=\"410\" srcset=\"https:\/\/i0.wp.com\/www.tvnovelas.com.br\/tvnews\/wp-content\/uploads\/2025\/11\/12465.jpg?w=728&amp;ssl=1 728w, https:\/\/i0.wp.com\/www.tvnovelas.com.br\/tvnews\/wp-content\/uploads\/2025\/11\/12465.jpg?resize=250%2C141&amp;ssl=1 250w\" sizes=\"(max-width: 728px) 100vw, 728px\" \/><figcaption id=\"caption-attachment-85514\" class=\"wp-caption-text\">Dona de Mim: Ricardo acorda do coma<\/figcaption><\/figure>\n<p>Em Dona de Mim, em coma desde que foi atropelado por um caminh\u00e3o, Ricardo (Marcos Pasquim) vai dar sinais de melhora. O advogado vai falar algumas palavras pela primeira vez. Ao lado dele no hospital, T\u00e2nia (Aline Borges) vai ouvir a confirma\u00e7\u00e3o de evolu\u00e7\u00e3o do quadro do m\u00e9dico e comemorar muito. Vem saber mais.<\/p>\n<p>\u201cVou mandar sim, n\u00e3o. Voc\u00ea n\u00e3o vai me impedir. N\u00e3o vai&#8230;\u201d, balbucia Ricardo.<\/p>\n<p>\u201cMeu amor, voc\u00ea voltou. Fala comigo\u201d, reage T\u00e2nia.<\/p>\n<p>Mas Ricardo logo voltar\u00e1 para o estado let\u00e1rgico.<\/p>\n<p>\u201cPsiu! Acorda! J\u00e1 deu pra descansar bastante, n\u00e3o acha? Vem! Volta pro mundo dos vivos\u201d, grita T\u00e2nia, o sacodindo.<\/p>\n<p>Depois, T\u00e2nia, vestida de enfermeira, ir\u00e1 procurar o m\u00e9dico.<\/p>\n<p>\u201cDoutor! Doutor! O Ricardo! Ele acordou!\u201d<\/p>\n<p>O m\u00e9dico examinar\u00e1 Ricardo.<\/p>\n<p>\u201cSe ele falou, qualquer palavra que seja, \u00e9 um sinal de recupera\u00e7\u00e3o. Pra isso acontecer, \u00e9 preciso que haja algum n\u00edvel de consci\u00eancia\u201d, avalia.<\/p>\n<p>T\u00e2nia ir\u00e1 comemorar com um pulinho, e o m\u00e9dico estranhar\u00e1 a atitude da \u201cenfermeira\u201d. Depois, novamente sozinha com Ricardo, ela prometer\u00e1 se vingar de quem fez isso com ele, ou seja, Jaques (Marcello Novaes).<\/p>\n<p>\u201cVoc\u00ea vai sair dessa, meu bem. E juntos, n\u00f3s vamos acabar com quem fez isso com voc\u00ea.\u201d<br \/>\n<!--FIM--><br \/>\n<a href=\"https:\/\/tvnovelas.com.br\/novelas\/resumos-de-dona-de-mim-da-proxima-semana\/\" target=\"_blank\" rel=\"noopener\">Resumos dos cap\u00edtulos de Dona de Mim<\/a><br \/>\n<div class=\"pt-cv-wrapper\"><h2 class='pt-cv-heading-container heading2' data-blockid='9b88c0b6t2'><span class='pt-cv-heading'> \u00daltimas da novela <\/span><\/h2><div class=\"pt-cv-view pt-cv-grid pt-cv-colsys\" id=\"pt-cv-view-9b88c0b6t2\"><div data-id=\"pt-cv-page-1\" class=\"pt-cv-page\" data-cvc=\"1\"><div class=\"col-md-12 col-sm-12 col-xs-12 pt-cv-content-item pt-cv-1-col\" ><div class='pt-cv-ifield'><h4 class=\"pt-cv-title\"><a href=\"https:\/\/www.tvnovelas.com.br\/tvnews\/dona-de-mim-abel-aparece-e-salva-sofia-do-incendio\/\" class=\"_blank\" target=\"_blank\" >Dona de Mim: Abel \u2018aparece&#8217; e salva Sofia do inc\u00eandio<\/a><\/h4><\/div><\/div>\n<div class=\"col-md-12 col-sm-12 col-xs-12 pt-cv-content-item pt-cv-1-col\" ><div class='pt-cv-ifield'><h4 class=\"pt-cv-title\"><a href=\"https:\/\/www.tvnovelas.com.br\/tvnews\/dona-de-mim-jaques-coloca-fogo-na-boaz\/\" class=\"_blank\" target=\"_blank\" >Dona de Mim: Jaques coloca fogo na Boaz<\/a><\/h4><\/div><\/div>\n<div class=\"col-md-12 col-sm-12 col-xs-12 pt-cv-content-item pt-cv-1-col\" ><div class='pt-cv-ifield'><h4 class=\"pt-cv-title\"><a href=\"https:\/\/www.tvnovelas.com.br\/tvnews\/dona-de-mim-davi-e-barbara-sofrem-grave-acidente\/\" class=\"_blank\" target=\"_blank\" >Dona de Mim: Davi e B\u00e1rbara sofrem grave acidente<\/a><\/h4><\/div><\/div><\/div><\/div><\/div><\/p>\n<div style=\"font-size: 150%;\"><h3>Confira tamb\u00e9m<\/h3>\r\n<a href=\"https:\/\/tvnovelas.com.br\/novelas\/\" rel=\"noopener\" target=\"_blank\"><strong>Todos os resumos de novelas<\/strong><\/a><\/br>\r\n<a href=\"https:\/\/www.tvnovelas.com.br\/tvnews\/\" rel=\"noopener\" target=\"_blank\"><strong>\u00daltimas not\u00edcias das novelas<\/strong><\/a><\/br>\r\n<a href=\"https:\/\/www.tvnovelas.com.br\/filmes\/\" target=\"_blank\" rel=\"noopener noreferrer\"><strong>Programa\u00e7\u00e3o de filmes na TV aberta<\/strong><\/a><\/br>\r\n<a href=\"https:\/\/caetenews.com.br\/semana\/filmes-da-globo-na-sessao-da-tarde-desta-semana\/\" target=\"_blank\" rel=\"noopener\"><strong>Confira os filmes da semana na Sess\u00e3o da Tarde<\/strong><\/a><\/br>\r\n<a href=\"https:\/\/classindportal.mj.gov.br\/consulta-filmes\" target=\"_blank\" rel=\"noopener\"><strong>Consulte a classifica\u00e7\u00e3o indicativa dos filmes e novelas<\/strong><\/a><\/br><\/div>\n","protected":false},"excerpt":{"rendered":"<p>Dona de Mim: Ricardo acorda do coma&#8230; Em Dona de Mim, em coma desde que foi atropelado por um caminh\u00e3o, Ricardo&#8230;<\/p>\n","protected":false},"author":1,"featured_media":85514,"comment_status":"closed","ping_status":"closed","sticky":false,"template":"","format":"standard","meta":{"_uf_show_specific_survey":0,"_uf_disable_surveys":false,"_jetpack_memberships_contains_paid_content":false,"footnotes":"","_wp_rev_ctl_limit":""},"categories":[353],"tags":[883,5,64],"class_list":["post-85513","post","type-post","status-publish","format-standard","has-post-thumbnail","hentry","category-resumos-de-novelas","tag-dona-de-mim","tag-globo","tag-novelas","wpcat-353-id"],"aioseo_notices":[],"jetpack_featured_media_url":"https:\/\/i0.wp.com\/www.tvnovelas.com.br\/tvnews\/wp-content\/uploads\/2025\/11\/12465.jpg?fit=728%2C410&ssl=1","jetpack_shortlink":"https:\/\/wp.me\/pdP2BO-mff","jetpack_sharing_enabled":true,"_links":{"self":[{"href":"https:\/\/www.tvnovelas.com.br\/tvnews\/wp-json\/wp\/v2\/posts\/85513","targetHints":{"allow":["GET"]}}],"collection":[{"href":"https:\/\/www.tvnovelas.com.br\/tvnews\/wp-json\/wp\/v2\/posts"}],"about":[{"href":"https:\/\/www.tvnovelas.com.br\/tvnews\/wp-json\/wp\/v2\/types\/post"}],"author":[{"embeddable":true,"href":"https:\/\/www.tvnovelas.com.br\/tvnews\/wp-json\/wp\/v2\/users\/1"}],"replies":[{"embeddable":true,"href":"https:\/\/www.tvnovelas.com.br\/tvnews\/wp-json\/wp\/v2\/comments?post=85513"}],"version-history":[{"count":1,"href":"https:\/\/www.tvnovelas.com.br\/tvnews\/wp-json\/wp\/v2\/posts\/85513\/revisions"}],"predecessor-version":[{"id":85515,"href":"https:\/\/www.tvnovelas.com.br\/tvnews\/wp-json\/wp\/v2\/posts\/85513\/revisions\/85515"}],"wp:featuredmedia":[{"embeddable":true,"href":"https:\/\/www.tvnovelas.com.br\/tvnews\/wp-json\/wp\/v2\/media\/85514"}],"wp:attachment":[{"href":"https:\/\/www.tvnovelas.com.br\/tvnews\/wp-json\/wp\/v2\/media?parent=85513"}],"wp:term":[{"taxonomy":"category","embeddable":true,"href":"https:\/\/www.tvnovelas.com.br\/tvnews\/wp-json\/wp\/v2\/categories?post=85513"},{"taxonomy":"post_tag","embeddable":true,"href":"https:\/\/www.tvnovelas.com.br\/tvnews\/wp-json\/wp\/v2\/tags?post=85513"}],"curies":[{"name":"wp","href":"https:\/\/api.w.org\/{rel}","templated":true}]}}