{"id":85526,"date":"2025-11-26T11:16:33","date_gmt":"2025-11-26T14:16:33","guid":{"rendered":"https:\/\/www.tvnovelas.com.br\/tvnews\/?p=85526"},"modified":"2025-11-26T11:16:33","modified_gmt":"2025-11-26T14:16:33","slug":"em-a-mar-estrela-diz-priorizar-a-familia-o-mar-e-fabian","status":"publish","type":"post","link":"https:\/\/www.tvnovelas.com.br\/tvnews\/em-a-mar-estrela-diz-priorizar-a-familia-o-mar-e-fabian\/","title":{"rendered":"Em A.Mar: Estrela diz priorizar a fam\u00edlia,  o mar e Fabian"},"content":{"rendered":"<figure id=\"attachment_85527\" aria-describedby=\"caption-attachment-85527\" style=\"width: 728px\" class=\"wp-caption aligncenter\"><img data-recalc-dims=\"1\" decoding=\"async\" class=\"wp-image-85527 size-full\" title=\"(Foto: SBT\/Televisa\/A.Mar)\" src=\"https:\/\/i0.wp.com\/www.tvnovelas.com.br\/tvnews\/wp-content\/uploads\/2025\/11\/12468.jpg?resize=728%2C410&#038;ssl=1\" alt=\"Foto em A.Mar: Estrela diz priorizar a fam\u00edlia, o mar e Fabian\" width=\"728\" height=\"410\" srcset=\"https:\/\/i0.wp.com\/www.tvnovelas.com.br\/tvnews\/wp-content\/uploads\/2025\/11\/12468.jpg?w=728&amp;ssl=1 728w, https:\/\/i0.wp.com\/www.tvnovelas.com.br\/tvnews\/wp-content\/uploads\/2025\/11\/12468.jpg?resize=250%2C141&amp;ssl=1 250w\" sizes=\"(max-width: 728px) 100vw, 728px\" \/><figcaption id=\"caption-attachment-85527\" class=\"wp-caption-text\">A.Mar: Estrela diz priorizar a fam\u00edlia, o mar e Fabian<\/figcaption><\/figure>\n<p>No cap\u00edtulo de A.Mar desta quarta, dia 26, S\u00e9rgio diz a Estrella que tudo o que faz \u00e9 por Azul, mas tamb\u00e9m por ela, e afirma que est\u00e1 voltando a se apaixonar.<\/p>\n<p>Por outro lado, Perla diz a Estrella que, agora sem d\u00edvidas, nada a prende ao povoado, e pergunta se ela voltar\u00e1 para a cidade. Estrella diz que conversou com Azul e que v\u00e3o ficar, porque sua fam\u00edlia, o mar e Fabian s\u00e3o o mais importante<\/p>\n<p>Confira o resumo do cap\u00edtulo de hoje:<\/p>\n<h2 style=\"color: #778873;\">Resumo de quarta-feira, 26 de novembro<\/h2>\n<p>S\u00e9rgio diz a Estrella que tudo o que faz \u00e9 por Azul, mas tamb\u00e9m por ela, e afirma que est\u00e1 voltando a se apaixonar. Marina adverte Gabriel que, se ele n\u00e3o contar a verdade, ela terminar\u00e1 o relacionamento. Chorando, ele revela que, se Victor o delatar, ele ser\u00e1 preso e perder\u00e1 Eder, j\u00e1 que o menino n\u00e3o \u00e9 seu filho biol\u00f3gico: durante um furac\u00e3o, ele o encontrou, tentou localizar os pais, mas n\u00e3o conseguiu; ent\u00e3o Victor falsificou a certid\u00e3o de nascimento, mas acabou sendo detido. Marina afirma que, se ele decidir dizer a verdade e lutar pelo filho, ela o apoiar\u00e1, mas, se escolher fugir e mentir para Eder, far\u00e1 isso sozinho. Perla diz a Estrella que, agora sem d\u00edvidas, nada a prende ao povoado, e pergunta se ela voltar\u00e1 para a cidade. Estrella diz que conversou com Azul e que v\u00e3o ficar, porque sua fam\u00edlia, o mar e Fabian s\u00e3o o mais importante. S\u00e9rgio diz a \u00c9rika que ouviu que a filha de Fabian est\u00e1 perdida no mar. Ambos tamb\u00e9m concluem que precisam pensar em algo definitivo para separar Fabian e Estrela. Fabian reclama com Yasmin por sair de barco com o mar ruim; ela diz que seria s\u00f3 um passeio curto e, irritada, afirma que a vida \u00e9 dela. Estrella diz a Oliver que ele cometeu uma falta grave ao ir ao mar sem seguran\u00e7a e colocar a vida de uma garota em risco; adverte que \u00e9 sua \u00faltima chance. Victor conta a Gabriel que a pol\u00edcia recebeu uma den\u00fancia an\u00f4nima e, ao ser detido, seu advogado aconselhou cooperar, ent\u00e3o contou sobre o menino. Diz que n\u00e3o v\u00e3o demorar para busc\u00e1-lo. Brisa insiste que Gabriel deve ir embora. Gabriel pede a Marina que esconda Eder. A pol\u00edcia o det\u00e9m. Gonzalo e Fabian se surpreendem ao v\u00ea-lo sendo preso. Marina explica a Eder que o pai teve de viajar e demorar\u00e1 a voltar, e pede que ele n\u00e3o saia; ele n\u00e3o entende, mas promete obedecer. Fabian fala a Marina que Brisa j\u00e1 contou tudo e que j\u00e1 falou com um advogado.<br \/>\n<!--FIM--><a href=\"https:\/\/tvnovelas.com.br\/novelas\/resumo-de-novelas-a-mar\/\" target=\"_blank\" rel=\"noopener\">Resumos dos cap\u00edtulos da semana de A.Mar<\/a><br \/>\n<div class=\"pt-cv-wrapper\"><h2 class='pt-cv-heading-container heading2' data-blockid='ab488fdp2g'><span class='pt-cv-heading'> \u00daltimas da Novela <\/span><\/h2><div class=\"pt-cv-view pt-cv-grid pt-cv-colsys\" id=\"pt-cv-view-ab488fdp2g\"><div data-id=\"pt-cv-page-1\" class=\"pt-cv-page\" data-cvc=\"1\"><div class=\"col-md-12 col-sm-12 col-xs-12 pt-cv-content-item pt-cv-1-col\" ><div class='pt-cv-ifield'><h4 class=\"pt-cv-title\"><a href=\"https:\/\/www.tvnovelas.com.br\/tvnews\/a-mar-estrela-reune-moradores-para-barrar-maquinario-de-sergio\/\" class=\"_self\" target=\"_self\" >A.Mar: Estrela re\u00fane moradores para barrar m\u00e1quin\u00e1rio de S\u00e9rgio<\/a><\/h4><\/div><\/div>\n<div class=\"col-md-12 col-sm-12 col-xs-12 pt-cv-content-item pt-cv-1-col\" ><div class='pt-cv-ifield'><h4 class=\"pt-cv-title\"><a href=\"https:\/\/www.tvnovelas.com.br\/tvnews\/a-mar-erika-inocenta-fabian-e-ulises\/\" class=\"_self\" target=\"_self\" >A.Mar: \u00c9rika inocenta Fabian e Ulises<\/a><\/h4><\/div><\/div>\n<div class=\"col-md-12 col-sm-12 col-xs-12 pt-cv-content-item pt-cv-1-col\" ><div class='pt-cv-ifield'><h4 class=\"pt-cv-title\"><a href=\"https:\/\/www.tvnovelas.com.br\/tvnews\/a-mar-erika-confessa-a-fabian-que-mentiu-sobre-gravidez\/\" class=\"_self\" target=\"_self\" >A.Mar: \u00c9rika confessa a Fabian que mentiu sobre gravidez<\/a><\/h4><\/div><\/div><\/div><\/div><\/div><\/p>\n<div style=\"font-size: 120%;\"><h3>Confira tamb\u00e9m<\/h3>\r\n<a href=\"https:\/\/tvnovelas.com.br\/novelas\/\" rel=\"noopener\" target=\"_blank\"><strong>Todos os resumos de novelas<\/strong><\/a><\/br>\r\n<a href=\"https:\/\/www.tvnovelas.com.br\/tvnews\/\" rel=\"noopener\" target=\"_blank\"><strong>\u00daltimas not\u00edcias das novelas<\/strong><\/a><\/br>\r\n<a href=\"https:\/\/www.tvnovelas.com.br\/filmes\/\" target=\"_blank\" rel=\"noopener noreferrer\"><strong>Programa\u00e7\u00e3o de filmes na TV aberta<\/strong><\/a><\/br>\r\n<a href=\"https:\/\/caetenews.com.br\/semana\/filmes-da-globo-na-sessao-da-tarde-desta-semana\/\" target=\"_blank\" rel=\"noopener\"><strong>Confira os filmes da semana na Sess\u00e3o da Tarde<\/strong><\/a><\/br>\r\n<a href=\"https:\/\/classindportal.mj.gov.br\/consulta-filmes\" target=\"_blank\" rel=\"noopener\"><strong>Consulte a classifica\u00e7\u00e3o indicativa dos filmes e novelas<\/strong><\/a><\/br><\/div>\n<p><a href=\"https:\/\/tvnovelas.com.br\/page2\/arquivo\/a-mar-conflitos-tragedia-e-drama-na-historia-de-estrela\/\" target=\"_blank\" rel=\"noopener\">A.Mar: Conhe\u00e7a a hist\u00f3ria da novela<\/a><\/p>\n","protected":false},"excerpt":{"rendered":"<p>A.Mar: Estrela diz priorizar a fam\u00edlia,  o mar e Fabian&#8230; No cap\u00edtulo de A.Mar desta quarta, dia 26, S\u00e9rgio diz a Estrella que tudo o que faz \u00e9 por Azul&#8230;<\/p>\n","protected":false},"author":1,"featured_media":85527,"comment_status":"closed","ping_status":"closed","sticky":false,"template":"","format":"standard","meta":{"_uf_show_specific_survey":0,"_uf_disable_surveys":false,"_jetpack_memberships_contains_paid_content":false,"footnotes":"","_wp_rev_ctl_limit":""},"categories":[1003],"tags":[1004,64,13],"class_list":["post-85526","post","type-post","status-publish","format-standard","has-post-thumbnail","hentry","category-a-mar","tag-a-mar","tag-novelas","tag-sbt","wpcat-1003-id"],"aioseo_notices":[],"jetpack_featured_media_url":"https:\/\/i0.wp.com\/www.tvnovelas.com.br\/tvnews\/wp-content\/uploads\/2025\/11\/12468.jpg?fit=728%2C410&ssl=1","jetpack_shortlink":"https:\/\/wp.me\/pdP2BO-mfs","jetpack_sharing_enabled":true,"_links":{"self":[{"href":"https:\/\/www.tvnovelas.com.br\/tvnews\/wp-json\/wp\/v2\/posts\/85526","targetHints":{"allow":["GET"]}}],"collection":[{"href":"https:\/\/www.tvnovelas.com.br\/tvnews\/wp-json\/wp\/v2\/posts"}],"about":[{"href":"https:\/\/www.tvnovelas.com.br\/tvnews\/wp-json\/wp\/v2\/types\/post"}],"author":[{"embeddable":true,"href":"https:\/\/www.tvnovelas.com.br\/tvnews\/wp-json\/wp\/v2\/users\/1"}],"replies":[{"embeddable":true,"href":"https:\/\/www.tvnovelas.com.br\/tvnews\/wp-json\/wp\/v2\/comments?post=85526"}],"version-history":[{"count":1,"href":"https:\/\/www.tvnovelas.com.br\/tvnews\/wp-json\/wp\/v2\/posts\/85526\/revisions"}],"predecessor-version":[{"id":85528,"href":"https:\/\/www.tvnovelas.com.br\/tvnews\/wp-json\/wp\/v2\/posts\/85526\/revisions\/85528"}],"wp:featuredmedia":[{"embeddable":true,"href":"https:\/\/www.tvnovelas.com.br\/tvnews\/wp-json\/wp\/v2\/media\/85527"}],"wp:attachment":[{"href":"https:\/\/www.tvnovelas.com.br\/tvnews\/wp-json\/wp\/v2\/media?parent=85526"}],"wp:term":[{"taxonomy":"category","embeddable":true,"href":"https:\/\/www.tvnovelas.com.br\/tvnews\/wp-json\/wp\/v2\/categories?post=85526"},{"taxonomy":"post_tag","embeddable":true,"href":"https:\/\/www.tvnovelas.com.br\/tvnews\/wp-json\/wp\/v2\/tags?post=85526"}],"curies":[{"name":"wp","href":"https:\/\/api.w.org\/{rel}","templated":true}]}}