{"id":85537,"date":"2025-11-26T19:29:18","date_gmt":"2025-11-26T22:29:18","guid":{"rendered":"https:\/\/www.tvnovelas.com.br\/tvnews\/?p=85537"},"modified":"2025-11-26T19:29:18","modified_gmt":"2025-11-26T22:29:18","slug":"cruel-istambul-nos-proximos-capitulos-26-a-28-11","status":"publish","type":"post","link":"https:\/\/www.tvnovelas.com.br\/tvnews\/cruel-istambul-nos-proximos-capitulos-26-a-28-11\/","title":{"rendered":"Cruel Istambul nos pr\u00f3ximos cap\u00edtulos (26 a 28\/11)"},"content":{"rendered":"<figure id=\"attachment_85538\" aria-describedby=\"caption-attachment-85538\" style=\"width: 728px\" class=\"wp-caption aligncenter\"><img data-recalc-dims=\"1\" decoding=\"async\" class=\"wp-image-85538 size-full\" title=\"(Foto: Reprodu\u00e7\u00e3o\/Band\/Cruel Istambul)\" src=\"https:\/\/i0.wp.com\/www.tvnovelas.com.br\/tvnews\/wp-content\/uploads\/2025\/11\/12470.jpg?resize=728%2C409&#038;ssl=1\" alt=\"Foto em Cruel Istambul nos pr\u00f3ximos cap\u00edtulos (26 a 28\/11)\" width=\"728\" height=\"409\" srcset=\"https:\/\/i0.wp.com\/www.tvnovelas.com.br\/tvnews\/wp-content\/uploads\/2025\/11\/12470.jpg?w=728&amp;ssl=1 728w, https:\/\/i0.wp.com\/www.tvnovelas.com.br\/tvnews\/wp-content\/uploads\/2025\/11\/12470.jpg?resize=250%2C140&amp;ssl=1 250w\" sizes=\"(max-width: 728px) 100vw, 728px\" \/><figcaption id=\"caption-attachment-85538\" class=\"wp-caption-text\">Cruel Istambul nos pr\u00f3ximos cap\u00edtulos (26 a 28\/11)<\/figcaption><\/figure>\n<div style=\"background-color: #d9cfc7; border-style: solid; border-width: 0px 0px 10px 0px; solid green; border-radius: 30px; padding: 10px; font-size: 125%; text-align: justify;\"><strong style=\"color: #778873; font-size: 120%;\">Nos pr\u00f3ximos cap\u00edtulos de Cruel Istambul, <\/strong><span style=\"color: #778873; font-size: 120%;\">Cenk afirma a Cemre que eles far\u00e3o um casamento de verdade; Nedim surpreende a todos chegando arrumado e andando na solenidade; Cemre chora de alegria pela recupera\u00e7\u00e3o de Nedim; Cenk conversa com Cemre a respeito da melhora de Nedim&#8230;<\/span><\/div>\n<h2 style=\"color: #778873;\">Resumo de quarta-feira, 26 de novembro<\/h2>\n<p>Civan n\u00e3o sabe o que fazer ap\u00f3s viver um momento rom\u00e2ntico com Damla. A jovem e Cenk se desentendem. Cemre liga para Cenk, e Seher escuta tudo. A m\u00e3e da enfermeira segue Cemre e presencia a ruptura da uni\u00e3o entre ela e o herdeiro dos Kara\u00e7ay. Nedim consegue caminhar usando muletas. Seher comunica a Agah o t\u00e9rmino do relacionamento dos filhos de ambos. Cenk afirma a Cemre que eles far\u00e3o um casamento de verdade. Ceren se arruma para ir ao evento, at\u00e9 que descobre que est\u00e1 proibida de comparecer.<\/p>\n<h2 style=\"color: #778873;\">Resumo de quinta-feira, 27 de novembro<\/h2>\n<p>Agah retorna a mans\u00e3o com o pedido de separa\u00e7\u00e3o assinado. Cemre se prepara para a cerim\u00f4nia. Nedim surpreende a todos chegando arrumado e andando na solenidade. Abalada, Seniz abandona o local. Agah se emociona com a apari\u00e7\u00e3o do sobrinho. Cemre chora de alegria pela recupera\u00e7\u00e3o de Nedim. Cenk se esfor\u00e7a para convencer Seniz a regressar para a festa. A enfermeira assiste Nedim indo embora. Neriman conta para Ceren que Nedim est\u00e1 fortalecido.<\/p>\n<h2 style=\"color: #778873;\">Resumo de sexta-feira, 28 de novembro<\/h2>\n<p>Cenk conversa com Cemre a respeito da melhora de Nedim. O rapaz relata o acontecimento para a sua m\u00e9dica e \u00e9 recepcionado por todos ao retornar a moradia dos Kara\u00e7ay. A fam\u00edlia dialoga com a psiquiatra de Nedim. Ceren n\u00e3o quer voltar \u00e0 resid\u00eancia, mas Neriman a obriga.<br \/>\n<!--FIM--><a href=\"https:\/\/wp.me\/p8dmjy-cmp\" target=\"_blank\" rel=\"noopener\">Resumos dos cap\u00edtulos de Cruel Istambul<\/a><br \/>\n<div class=\"pt-cv-wrapper\"><h2 class='pt-cv-heading-container heading2' data-blockid='b265921794'><span class='pt-cv-heading'> \u00daltimas da Novela <\/span><\/h2><div class=\"pt-cv-view pt-cv-grid pt-cv-colsys\" id=\"pt-cv-view-b265921794\"><div data-id=\"pt-cv-page-1\" class=\"pt-cv-page\" data-cvc=\"1\"><div class=\"col-md-12 col-sm-12 col-xs-12 pt-cv-content-item pt-cv-1-col\" ><div class='pt-cv-ifield'><h4 class=\"pt-cv-title\"><a href=\"https:\/\/www.tvnovelas.com.br\/tvnews\/cruel-istambul-os-ultimos-momentos-de-cenk\/\" class=\"_blank\" target=\"_blank\" >Cruel Istambul: Os \u00faltimos momentos de Cenk<\/a><\/h4><\/div><\/div>\n<div class=\"col-md-12 col-sm-12 col-xs-12 pt-cv-content-item pt-cv-1-col\" ><div class='pt-cv-ifield'><h4 class=\"pt-cv-title\"><a href=\"https:\/\/www.tvnovelas.com.br\/tvnews\/cruel-istambul-cemre-se-encontra-com-o-pai\/\" class=\"_blank\" target=\"_blank\" >Cruel Istambul: Cemre se encontra com o pai<\/a><\/h4><\/div><\/div>\n<div class=\"col-md-12 col-sm-12 col-xs-12 pt-cv-content-item pt-cv-1-col\" ><div class='pt-cv-ifield'><h4 class=\"pt-cv-title\"><a href=\"https:\/\/www.tvnovelas.com.br\/tvnews\/cruel-istambul-cemre-quer-saber-quem-e-seu-pai\/\" class=\"_blank\" target=\"_blank\" >Cruel Istambul: Cemre quer saber quem \u00e9 seu pai!<\/a><\/h4><\/div><\/div>\n<div class=\"col-md-12 col-sm-12 col-xs-12 pt-cv-content-item pt-cv-1-col\" ><div class='pt-cv-ifield'><h4 class=\"pt-cv-title\"><a href=\"https:\/\/www.tvnovelas.com.br\/tvnews\/cruel-istambul-cenk-confronta-seniz\/\" class=\"_blank\" target=\"_blank\" >Cruel Istambul: Cenk confronta Seniz<\/a><\/h4><\/div><\/div>\n<div class=\"col-md-12 col-sm-12 col-xs-12 pt-cv-content-item pt-cv-1-col\" ><div class='pt-cv-ifield'><h4 class=\"pt-cv-title\"><a href=\"https:\/\/www.tvnovelas.com.br\/tvnews\/cruel-istambul-o-estrago-de-ceren-tres-mortes-na-mansao\/\" class=\"_blank\" target=\"_blank\" >Cruel Istambul: O estrago de Ceren: tr\u00eas mortes na mans\u00e3o<\/a><\/h4><\/div><\/div><\/div><\/div><\/div><\/p>\n<div style=\"font-size: 150%;\"><h3>Confira tamb\u00e9m<\/h3>\r\n<a href=\"https:\/\/tvnovelas.com.br\/novelas\/\" rel=\"noopener\" target=\"_blank\"><strong>Todos os resumos de novelas<\/strong><\/a><\/br>\r\n<a href=\"https:\/\/www.tvnovelas.com.br\/tvnews\/\" rel=\"noopener\" target=\"_blank\"><strong>\u00daltimas not\u00edcias das novelas<\/strong><\/a><\/br>\r\n<a href=\"https:\/\/www.tvnovelas.com.br\/filmes\/\" target=\"_blank\" rel=\"noopener noreferrer\"><strong>Programa\u00e7\u00e3o de filmes na TV aberta<\/strong><\/a><\/br>\r\n<a href=\"https:\/\/caetenews.com.br\/semana\/filmes-da-globo-na-sessao-da-tarde-desta-semana\/\" target=\"_blank\" rel=\"noopener\"><strong>Confira os filmes da semana na Sess\u00e3o da Tarde<\/strong><\/a><\/br>\r\n<a href=\"https:\/\/classindportal.mj.gov.br\/consulta-filmes\" target=\"_blank\" rel=\"noopener\"><strong>Consulte a classifica\u00e7\u00e3o indicativa dos filmes e novelas<\/strong><\/a><\/br><\/div>\n","protected":false},"excerpt":{"rendered":"<p>Cruel Istambul nos pr\u00f3ximos cap\u00edtulos (26 a 28\/11)&#8230; Nos pr\u00f3ximos cap\u00edtulos de Cruel Istambul, Cenk afirma a Cemre que eles far\u00e3o um casamento&#8230;<\/p>\n","protected":false},"author":1,"featured_media":85538,"comment_status":"closed","ping_status":"closed","sticky":false,"template":"","format":"standard","meta":{"_uf_show_specific_survey":0,"_uf_disable_surveys":false,"_jetpack_memberships_contains_paid_content":false,"footnotes":"","_wp_rev_ctl_limit":""},"categories":[990],"tags":[43,991,64],"class_list":["post-85537","post","type-post","status-publish","format-standard","has-post-thumbnail","hentry","category-cruel-istambul","tag-band","tag-cruel-istambul","tag-novelas","wpcat-990-id"],"aioseo_notices":[],"jetpack_featured_media_url":"https:\/\/i0.wp.com\/www.tvnovelas.com.br\/tvnews\/wp-content\/uploads\/2025\/11\/12470.jpg?fit=728%2C409&ssl=1","jetpack_shortlink":"https:\/\/wp.me\/pdP2BO-mfD","jetpack_sharing_enabled":true,"_links":{"self":[{"href":"https:\/\/www.tvnovelas.com.br\/tvnews\/wp-json\/wp\/v2\/posts\/85537","targetHints":{"allow":["GET"]}}],"collection":[{"href":"https:\/\/www.tvnovelas.com.br\/tvnews\/wp-json\/wp\/v2\/posts"}],"about":[{"href":"https:\/\/www.tvnovelas.com.br\/tvnews\/wp-json\/wp\/v2\/types\/post"}],"author":[{"embeddable":true,"href":"https:\/\/www.tvnovelas.com.br\/tvnews\/wp-json\/wp\/v2\/users\/1"}],"replies":[{"embeddable":true,"href":"https:\/\/www.tvnovelas.com.br\/tvnews\/wp-json\/wp\/v2\/comments?post=85537"}],"version-history":[{"count":2,"href":"https:\/\/www.tvnovelas.com.br\/tvnews\/wp-json\/wp\/v2\/posts\/85537\/revisions"}],"predecessor-version":[{"id":85540,"href":"https:\/\/www.tvnovelas.com.br\/tvnews\/wp-json\/wp\/v2\/posts\/85537\/revisions\/85540"}],"wp:featuredmedia":[{"embeddable":true,"href":"https:\/\/www.tvnovelas.com.br\/tvnews\/wp-json\/wp\/v2\/media\/85538"}],"wp:attachment":[{"href":"https:\/\/www.tvnovelas.com.br\/tvnews\/wp-json\/wp\/v2\/media?parent=85537"}],"wp:term":[{"taxonomy":"category","embeddable":true,"href":"https:\/\/www.tvnovelas.com.br\/tvnews\/wp-json\/wp\/v2\/categories?post=85537"},{"taxonomy":"post_tag","embeddable":true,"href":"https:\/\/www.tvnovelas.com.br\/tvnews\/wp-json\/wp\/v2\/tags?post=85537"}],"curies":[{"name":"wp","href":"https:\/\/api.w.org\/{rel}","templated":true}]}}