{"id":85545,"date":"2025-11-27T08:34:23","date_gmt":"2025-11-27T11:34:23","guid":{"rendered":"https:\/\/www.tvnovelas.com.br\/tvnews\/?p=85545"},"modified":"2025-11-27T08:34:23","modified_gmt":"2025-11-27T11:34:23","slug":"eta-mundo-melhor-candinho-perde-tudo-e-corre-risco-de-morrer","status":"publish","type":"post","link":"https:\/\/www.tvnovelas.com.br\/tvnews\/eta-mundo-melhor-candinho-perde-tudo-e-corre-risco-de-morrer\/","title":{"rendered":"\u00cata Mundo Melhor!: Candinho perde tudo e corre risco de morrer"},"content":{"rendered":"<figure id=\"attachment_85546\" aria-describedby=\"caption-attachment-85546\" style=\"width: 728px\" class=\"wp-caption aligncenter\"><img data-recalc-dims=\"1\" decoding=\"async\" class=\"wp-image-85546 size-full\" title=\"(Foto: TV Globo\/\u00cata Mundo Melhor!)\" src=\"https:\/\/i0.wp.com\/www.tvnovelas.com.br\/tvnews\/wp-content\/uploads\/2025\/11\/12471.jpg?resize=728%2C410&#038;ssl=1\" alt=\"Foto em \u00cata Mundo Melhor!: Candinho perde tudo e corre risco de morrer\" width=\"728\" height=\"410\" srcset=\"https:\/\/i0.wp.com\/www.tvnovelas.com.br\/tvnews\/wp-content\/uploads\/2025\/11\/12471.jpg?w=728&amp;ssl=1 728w, https:\/\/i0.wp.com\/www.tvnovelas.com.br\/tvnews\/wp-content\/uploads\/2025\/11\/12471.jpg?resize=250%2C141&amp;ssl=1 250w\" sizes=\"(max-width: 728px) 100vw, 728px\" \/><figcaption id=\"caption-attachment-85546\" class=\"wp-caption-text\">\u00cata Mundo Melhor!: Candinho perde tudo e corre risco de morrer<\/figcaption><\/figure>\n<p>Em \u00cata Mundo Melhor!, O plano de Sandra (Fl\u00e1via Alessandra) e Ernesto (Eriberto Le\u00e3o) saiu melhor que a encomenda. A dupla ateou fogo na f\u00e1brica de biscoitos com o intuito de arruinar Candinho (Sergio Guiz\u00e9). Acontece que o caipira entra no local para tirar Picol\u00e9 (Isaac Amendoim) e Samir (Davi Malizia) l\u00e1 de dentro, mas enfrenta dificuldades para sair de l\u00e1 com o \u00f3rf\u00e3o.<\/p>\n<p>O resgate d\u00e1 certo, por\u00e9m, a sa\u00fade de Candinho fica comprometida e ele \u00e9 levado para o hospital.<\/p>\n<p>Chegando l\u00e1, Dita (Jeniffer Nascimento) diz que teve medo de perder o marido, e Candinho responde:<\/p>\n<p>&#8220;Ieu s\u00f3 penso nisso, Dita. Qui num p\u00f3sso perd\u00ea oc\u00ea. Oc\u00ea \u00e9 a mui\u00e9 da mia vida. Memo se essa hist\u00f3ria da&#8230;&#8221;<\/p>\n<p>Candinho avisa que est\u00e1 vendo tudo preto e deixa Dita preocupada ao dizer:<\/p>\n<p>&#8220;Si n\u00f3is n\u00e3o nu ver mais, incontra o meu minino. E num si isiqueci nunca, te amo pur dimas, Dita&#8230;&#8221;<\/p>\n<p>De repente, ele para de falar e tem uma crise de tosse. Dita pede por socorro e ele \u00e9 examinado pela equipe m\u00e9dica. Mais tarde, T\u00falio (Cadu Libonati) se encontra com a cantora para dar uma not\u00edcia preocupante:<\/p>\n<p>&#8220;Candinho n\u00e3o est\u00e1 nada bem. As pr\u00f3ximas horas ser\u00e3o decisivas.&#8221;<\/p>\n<p>Enquanto Candinho luta pela vida, Celso (Rainer Cadete) olha o trabalho dos bombeiros para apagar o fogo e constata:<\/p>\n<p>&#8220;A f\u00e1brica est\u00e1 destru\u00edda. N\u00e3o sobrou nada!&#8221;<\/p>\n<p>Asdr\u00fabal (Lu\u00eds Miranda) lembra que o seguro deve cobrir o preju\u00edzo, mas Ara\u00fajo (Fl\u00e1vio Tolezani) confessa que o pagamento n\u00e3o estava em dia.<\/p>\n<p>&#8220;Olga desviou o dinheiro do pagamento, mas s\u00f3 descobrimos o roubo depois que a demiti&#8221;, conta Celso.<\/p>\n<p>&#8220;E por que n\u00e3o renovaram o seguro depois disso?&#8221;, pergunta o professor, incr\u00e9dulo.<\/p>\n<p>&#8220;N\u00f3s pretend\u00edamos renovar, mas o montante que Celso levantou com a venda da casa n\u00e3o foi suficiente para pagar todas as d\u00edvidas&#8221;, explica Ara\u00fajo, deixando Asdr\u00fabal em p\u00e2nico.<br \/>\n<!--FIM--><br \/>\n<a href=\"https:\/\/tvnovelas.com.br\/novelas\/resumos-de-eta-mundo-melhor\/\" target=\"_blank\" rel=\"noopener\">Resumos dos cap\u00edtulos de \u00cata Mundo Melhor!<\/a><br \/>\n<div class=\"pt-cv-wrapper\"><h2 class='pt-cv-heading-container heading2' data-blockid='ae5b5529ra'><span class='pt-cv-heading'> \u00daltimas da novela <\/span><\/h2><div class=\"pt-cv-view pt-cv-grid pt-cv-colsys\" id=\"pt-cv-view-ae5b5529ra\"><div data-id=\"pt-cv-page-1\" class=\"pt-cv-page\" data-cvc=\"1\"><div class=\"col-md-12 col-sm-12 col-xs-12 pt-cv-content-item pt-cv-1-col\" ><div class='pt-cv-ifield'><h4 class=\"pt-cv-title\"><a href=\"https:\/\/www.tvnovelas.com.br\/tvnews\/eta-mundo-melhor-sandra-avisa-que-nao-vai-desistir-da-vinganca\/\" class=\"_blank\" target=\"_blank\" >\u00cata Mundo Melhor!: Sandra avisa que n\u00e3o vai desistir da vingan\u00e7a<\/a><\/h4><\/div><\/div>\n<div class=\"col-md-12 col-sm-12 col-xs-12 pt-cv-content-item pt-cv-1-col\" ><div class='pt-cv-ifield'><h4 class=\"pt-cv-title\"><a href=\"https:\/\/www.tvnovelas.com.br\/tvnews\/eta-mundo-melhor-celso-conta-a-candinho-o-que-sempre-escondeu-sobre-samir\/\" class=\"_blank\" target=\"_blank\" >\u00cata Mundo Melhor!: Celso conta a Candinho o que sempre escondeu sobre Samir<\/a><\/h4><\/div><\/div>\n<div class=\"col-md-12 col-sm-12 col-xs-12 pt-cv-content-item pt-cv-1-col\" ><div class='pt-cv-ifield'><h4 class=\"pt-cv-title\"><a href=\"https:\/\/www.tvnovelas.com.br\/tvnews\/eta-mundo-melhor-lourival-pede-uma-chance-a-dita-e-eles-se-beijam\/\" class=\"_blank\" target=\"_blank\" >\u00cata Mundo Melhor!: Lourival pede uma chance a Dita e eles se beijam<\/a><\/h4><\/div><\/div><\/div><\/div><\/div><br \/>\n&lt;h<\/p>\n<div style=\"font-size: 120%;\"><h3>Confira tamb\u00e9m<\/h3>\r\n<a href=\"https:\/\/tvnovelas.com.br\/novelas\/\" rel=\"noopener\" target=\"_blank\"><strong>Todos os resumos de novelas<\/strong><\/a><\/br>\r\n<a href=\"https:\/\/www.tvnovelas.com.br\/tvnews\/\" rel=\"noopener\" target=\"_blank\"><strong>\u00daltimas not\u00edcias das novelas<\/strong><\/a><\/br>\r\n<a href=\"https:\/\/www.tvnovelas.com.br\/filmes\/\" target=\"_blank\" rel=\"noopener noreferrer\"><strong>Programa\u00e7\u00e3o de filmes na TV aberta<\/strong><\/a><\/br>\r\n<a href=\"https:\/\/caetenews.com.br\/semana\/filmes-da-globo-na-sessao-da-tarde-desta-semana\/\" target=\"_blank\" rel=\"noopener\"><strong>Confira os filmes da semana na Sess\u00e3o da Tarde<\/strong><\/a><\/br>\r\n<a href=\"https:\/\/classindportal.mj.gov.br\/consulta-filmes\" target=\"_blank\" rel=\"noopener\"><strong>Consulte a classifica\u00e7\u00e3o indicativa dos filmes e novelas<\/strong><\/a><\/br><\/div>\n<h2>Sobre a novela:<\/h2>\n<p><a href=\"https:\/\/tvnovelas.com.br\/page2\/arquivo\/eta-mundo-melhor-a-volta-de-candinho-e-policarpo\/&quot;\" target=\"_blank\" rel=\"noopener\">\u00cata Mundo Melhor!: A volta de Candinho e Policarpo<\/a> (Sinopse)<br \/>\n<a href=\"https:\/\/pt.wikipedia.org\/wiki\/%C3%8Ata_Mundo_Melhor!\" target=\"_blank\" rel=\"noopener\">Sobre \u00cata Mundo Melhor!, na Wikipedia<\/a><\/p>\n","protected":false},"excerpt":{"rendered":"<p>\u00cata Mundo Melhor!: Candinho perde tudo&#8230; Em \u00cata Mundo Melhor!, O plano de Sandra (Fl\u00e1via Alessandra) e Ernesto saiu melhor que a encomenda&#8230;<\/p>\n","protected":false},"author":1,"featured_media":85546,"comment_status":"closed","ping_status":"closed","sticky":false,"template":"","format":"standard","meta":{"_uf_show_specific_survey":0,"_uf_disable_surveys":false,"_jetpack_memberships_contains_paid_content":false,"footnotes":"","_wp_rev_ctl_limit":""},"categories":[920],"tags":[921,5,64],"class_list":["post-85545","post","type-post","status-publish","format-standard","has-post-thumbnail","hentry","category-eta-mundo-melhor","tag-eta-mundo-melhor","tag-globo","tag-novelas","wpcat-920-id"],"aioseo_notices":[],"jetpack_featured_media_url":"https:\/\/i0.wp.com\/www.tvnovelas.com.br\/tvnews\/wp-content\/uploads\/2025\/11\/12471.jpg?fit=728%2C410&ssl=1","jetpack_shortlink":"https:\/\/wp.me\/pdP2BO-mfL","jetpack_sharing_enabled":true,"_links":{"self":[{"href":"https:\/\/www.tvnovelas.com.br\/tvnews\/wp-json\/wp\/v2\/posts\/85545","targetHints":{"allow":["GET"]}}],"collection":[{"href":"https:\/\/www.tvnovelas.com.br\/tvnews\/wp-json\/wp\/v2\/posts"}],"about":[{"href":"https:\/\/www.tvnovelas.com.br\/tvnews\/wp-json\/wp\/v2\/types\/post"}],"author":[{"embeddable":true,"href":"https:\/\/www.tvnovelas.com.br\/tvnews\/wp-json\/wp\/v2\/users\/1"}],"replies":[{"embeddable":true,"href":"https:\/\/www.tvnovelas.com.br\/tvnews\/wp-json\/wp\/v2\/comments?post=85545"}],"version-history":[{"count":1,"href":"https:\/\/www.tvnovelas.com.br\/tvnews\/wp-json\/wp\/v2\/posts\/85545\/revisions"}],"predecessor-version":[{"id":85547,"href":"https:\/\/www.tvnovelas.com.br\/tvnews\/wp-json\/wp\/v2\/posts\/85545\/revisions\/85547"}],"wp:featuredmedia":[{"embeddable":true,"href":"https:\/\/www.tvnovelas.com.br\/tvnews\/wp-json\/wp\/v2\/media\/85546"}],"wp:attachment":[{"href":"https:\/\/www.tvnovelas.com.br\/tvnews\/wp-json\/wp\/v2\/media?parent=85545"}],"wp:term":[{"taxonomy":"category","embeddable":true,"href":"https:\/\/www.tvnovelas.com.br\/tvnews\/wp-json\/wp\/v2\/categories?post=85545"},{"taxonomy":"post_tag","embeddable":true,"href":"https:\/\/www.tvnovelas.com.br\/tvnews\/wp-json\/wp\/v2\/tags?post=85545"}],"curies":[{"name":"wp","href":"https:\/\/api.w.org\/{rel}","templated":true}]}}