{"id":85554,"date":"2025-11-27T09:02:23","date_gmt":"2025-11-27T12:02:23","guid":{"rendered":"https:\/\/www.tvnovelas.com.br\/tvnews\/?p=85554"},"modified":"2025-11-27T09:02:23","modified_gmt":"2025-11-27T12:02:23","slug":"tres-gracas-arminda-nega-ajuda-a-gerluce-que-e-salva-por-raul","status":"publish","type":"post","link":"https:\/\/www.tvnovelas.com.br\/tvnews\/tres-gracas-arminda-nega-ajuda-a-gerluce-que-e-salva-por-raul\/","title":{"rendered":"Tr\u00eas Gra\u00e7as:  Arminda nega ajuda a Gerluce, que \u00e9 \u2018salva\u2019 por Raul"},"content":{"rendered":"<figure id=\"attachment_85555\" aria-describedby=\"caption-attachment-85555\" style=\"width: 728px\" class=\"wp-caption aligncenter\"><img data-recalc-dims=\"1\" decoding=\"async\" class=\"wp-image-85555 size-full\" title=\"(Foto: TV Globo\/Tr\u00eas Gra\u00e7as)\" src=\"https:\/\/i0.wp.com\/www.tvnovelas.com.br\/tvnews\/wp-content\/uploads\/2025\/11\/12473.jpg?resize=728%2C410&#038;ssl=1\" alt=\"Foto em Tr\u00eas Gra\u00e7as: Arminda nega ajuda a Gerluce, que \u00e9 \u2018salva\u2019 por Raul\" width=\"728\" height=\"410\" srcset=\"https:\/\/i0.wp.com\/www.tvnovelas.com.br\/tvnews\/wp-content\/uploads\/2025\/11\/12473.jpg?w=728&amp;ssl=1 728w, https:\/\/i0.wp.com\/www.tvnovelas.com.br\/tvnews\/wp-content\/uploads\/2025\/11\/12473.jpg?resize=250%2C141&amp;ssl=1 250w\" sizes=\"(max-width: 728px) 100vw, 728px\" \/><figcaption id=\"caption-attachment-85555\" class=\"wp-caption-text\">Tr\u00eas Gra\u00e7as: Arminda nega ajuda a Gerluce, que \u00e9 \u2018salva\u2019 por Raul<\/figcaption><\/figure>\n<p>Em Tr\u00eas Gra\u00e7as, Gerluce (Sophie Charlotte) vai estar no trabalho quando descobrir que Jo\u00e9lly (Alana Cabral) foi parar no hospital, ap\u00f3s passar mal no \u00f4nibus. A cuidadora ir\u00e1 se desesperar ao saber sobre a filha, que est\u00e1 gr\u00e1vida, e vai pedir um adiantamento de sal\u00e1rio a Arminda (Grazi Massafera) para ir \u00e0 unidade m\u00e9dica, j\u00e1 que mal tem o dinheiro da passagem.<\/p>\n<p>Mas a vil\u00e3 far\u00e1 quest\u00e3o de recusar o pedido e ainda ir\u00e1 humilhar a funcion\u00e1ria, apesar dos pedidos de Josefa (Arlete Salles) para que ela ajude Gerluce.<\/p>\n<p>\u201cA senhora vai ter coragem de me negar dinheiro&#8230;\u201d, questionar\u00e1 a mo\u00e7a, que n\u00e3o ter\u00e1 nem tempo de concluir.<\/p>\n<p>\u201cU\u00e9, voc\u00ea trabalhou? Se trabalhou, voc\u00ea recebe. Se n\u00e3o trabalhou, n\u00e3o tem dinheiro para receber\u201d, devolver\u00e1 a vil\u00e3. \u201cEu n\u00e3o tenho tempo para drama familiar dos outros. Estamos conversadas. Se voc\u00ea sair por essa porta, eu desconto da sua di\u00e1ria.\u201d<\/p>\n<p>Neste momento, Raul (Paulo Mendes), que ir\u00e1 ouvir tudo e tamb\u00e9m vai estar preocupado com Jo\u00e9lly, ir\u00e1 se meter no meio para ajudar.<\/p>\n<p>\u201cPera\u00ed! Deixa que eu chamo um carro de aplicativo para voc\u00ea\u201d, dir\u00e1 o jovem.<\/p>\n<p>Raul n\u00e3o revelar\u00e1 que \u00e9 o pai do filho que Jo\u00e9lly espera, mas vai sacar a \u00fanica nota que tem na carteira para dar a Gerluce antes de a mo\u00e7a embarcar no ve\u00edculo.<\/p>\n<p>\u201cLeva esse dinheiro para se voc\u00ea precisar. \u00c9 o m\u00ednimo que eu posso fazer depois do que a minha m\u00e3e fez l\u00e1 dentro.\u201d<br \/>\n<!--FIM--><br \/>\n<div class=\"pt-cv-wrapper\"><h2 class='pt-cv-heading-container heading2' data-blockid='aa8cb49py2'><span class='pt-cv-heading'> \u00daltimas da Novela <\/span><\/h2><div class=\"pt-cv-view pt-cv-grid pt-cv-colsys\" id=\"pt-cv-view-aa8cb49py2\"><div data-id=\"pt-cv-page-1\" class=\"pt-cv-page\" data-cvc=\"1\"><div class=\"col-md-12 col-sm-12 col-xs-12 pt-cv-content-item pt-cv-1-col\" ><div class='pt-cv-ifield'><h4 class=\"pt-cv-title\"><a href=\"https:\/\/www.tvnovelas.com.br\/tvnews\/tres-gracas-joaquim-propoe-fuga-a-arminda-com-o-dinheiro-das-tres-gracas\/\" class=\"_self\" target=\"_self\" >Tr\u00eas Gra\u00e7as:  Joaquim prop\u00f5e fuga a Arminda com o dinheiro das Tr\u00eas Gra\u00e7as<\/a><\/h4><\/div><\/div>\n<div class=\"col-md-12 col-sm-12 col-xs-12 pt-cv-content-item pt-cv-1-col\" ><div class='pt-cv-ifield'><h4 class=\"pt-cv-title\"><a href=\"https:\/\/www.tvnovelas.com.br\/tvnews\/tres-gracas-bagda-e-preso-por-juquinha\/\" class=\"_self\" target=\"_self\" >Tr\u00eas Gra\u00e7as:  Bagd\u00e1 \u00e9 preso por Juquinha<\/a><\/h4><\/div><\/div>\n<div class=\"col-md-12 col-sm-12 col-xs-12 pt-cv-content-item pt-cv-1-col\" ><div class='pt-cv-ifield'><h4 class=\"pt-cv-title\"><a href=\"https:\/\/www.tvnovelas.com.br\/tvnews\/os-resumos-de-tres-gracas-da-semana-27-4-a-02-de-maio\/\" class=\"_self\" target=\"_self\" >Os resumos de Tr\u00eas Gra\u00e7as da semana 27\/4 a 02 de maio<\/a><\/h4><\/div><\/div><\/div><\/div><\/div><\/p>\n<h2>Saiba mais<\/h2>\n<p><a href=\"https:\/\/tvnovelas.com.br\/novelas\/resumos-de-tres-gracas\/\" target=\"_blank\" rel=\"noopener\">Tr\u00eas Gra\u00e7as: Resumos dos cap\u00edtulos da semana<\/a><br \/>\n<a href=\"https:\/\/tvnovelas.com.br\/page2\/arquivo\/tres-gracas-aluta-para-nao-perder-a-esperanca\/\" target=\"_blank\" rel=\"noopener\">&#8216;Tr\u00eas Gra\u00e7as\u2019, a luta para n\u00e3o perder a esperan\u00e7a<\/a> (Sinopse)<br \/>\n<a href=\"https:\/\/www.tvnovelas.com.br\/tvnews\/tres-gracas-as-tres-gracas-e-suas-adversidades\/\" target=\"_blank\" rel=\"noopener\">Tr\u00eas Gra\u00e7as: As tr\u00eas Gra\u00e7as e suas adversidades<\/a><\/p>\n<div style=\"font-size: 120%;\"><h3>Confira tamb\u00e9m<\/h3>\r\n<a href=\"https:\/\/tvnovelas.com.br\/novelas\/\" rel=\"noopener\" target=\"_blank\"><strong>Todos os resumos de novelas<\/strong><\/a><\/br>\r\n<a href=\"https:\/\/www.tvnovelas.com.br\/tvnews\/\" rel=\"noopener\" target=\"_blank\"><strong>\u00daltimas not\u00edcias das novelas<\/strong><\/a><\/br>\r\n<a href=\"https:\/\/www.tvnovelas.com.br\/filmes\/\" target=\"_blank\" rel=\"noopener noreferrer\"><strong>Programa\u00e7\u00e3o de filmes na TV aberta<\/strong><\/a><\/br>\r\n<a href=\"https:\/\/caetenews.com.br\/semana\/filmes-da-globo-na-sessao-da-tarde-desta-semana\/\" target=\"_blank\" rel=\"noopener\"><strong>Confira os filmes da semana na Sess\u00e3o da Tarde<\/strong><\/a><\/br>\r\n<a href=\"https:\/\/classindportal.mj.gov.br\/consulta-filmes\" target=\"_blank\" rel=\"noopener\"><strong>Consulte a classifica\u00e7\u00e3o indicativa dos filmes e novelas<\/strong><\/a><\/br><\/div>\n","protected":false},"excerpt":{"rendered":"<p>Tr\u00eas Gra\u00e7as:  Arminda nega ajuda a Gerluce&#8230; Em Tr\u00eas Gra\u00e7as, Gerluce (Sophie Charlotte) vai estar no trabalho quando descobrir que Jo\u00e9lly&#8230; <\/p>\n","protected":false},"author":1,"featured_media":85555,"comment_status":"closed","ping_status":"closed","sticky":false,"template":"","format":"standard","meta":{"_uf_show_specific_survey":0,"_uf_disable_surveys":false,"_jetpack_memberships_contains_paid_content":false,"footnotes":"","_wp_rev_ctl_limit":""},"categories":[1006],"tags":[5,64,1007],"class_list":["post-85554","post","type-post","status-publish","format-standard","has-post-thumbnail","hentry","category-tres-gracas","tag-globo","tag-novelas","tag-tres-gracas","wpcat-1006-id"],"aioseo_notices":[],"jetpack_featured_media_url":"https:\/\/i0.wp.com\/www.tvnovelas.com.br\/tvnews\/wp-content\/uploads\/2025\/11\/12473.jpg?fit=728%2C410&ssl=1","jetpack_shortlink":"https:\/\/wp.me\/pdP2BO-mfU","jetpack_sharing_enabled":true,"_links":{"self":[{"href":"https:\/\/www.tvnovelas.com.br\/tvnews\/wp-json\/wp\/v2\/posts\/85554","targetHints":{"allow":["GET"]}}],"collection":[{"href":"https:\/\/www.tvnovelas.com.br\/tvnews\/wp-json\/wp\/v2\/posts"}],"about":[{"href":"https:\/\/www.tvnovelas.com.br\/tvnews\/wp-json\/wp\/v2\/types\/post"}],"author":[{"embeddable":true,"href":"https:\/\/www.tvnovelas.com.br\/tvnews\/wp-json\/wp\/v2\/users\/1"}],"replies":[{"embeddable":true,"href":"https:\/\/www.tvnovelas.com.br\/tvnews\/wp-json\/wp\/v2\/comments?post=85554"}],"version-history":[{"count":1,"href":"https:\/\/www.tvnovelas.com.br\/tvnews\/wp-json\/wp\/v2\/posts\/85554\/revisions"}],"predecessor-version":[{"id":85556,"href":"https:\/\/www.tvnovelas.com.br\/tvnews\/wp-json\/wp\/v2\/posts\/85554\/revisions\/85556"}],"wp:featuredmedia":[{"embeddable":true,"href":"https:\/\/www.tvnovelas.com.br\/tvnews\/wp-json\/wp\/v2\/media\/85555"}],"wp:attachment":[{"href":"https:\/\/www.tvnovelas.com.br\/tvnews\/wp-json\/wp\/v2\/media?parent=85554"}],"wp:term":[{"taxonomy":"category","embeddable":true,"href":"https:\/\/www.tvnovelas.com.br\/tvnews\/wp-json\/wp\/v2\/categories?post=85554"},{"taxonomy":"post_tag","embeddable":true,"href":"https:\/\/www.tvnovelas.com.br\/tvnews\/wp-json\/wp\/v2\/tags?post=85554"}],"curies":[{"name":"wp","href":"https:\/\/api.w.org\/{rel}","templated":true}]}}