{"id":85563,"date":"2025-11-27T13:20:06","date_gmt":"2025-11-27T16:20:06","guid":{"rendered":"https:\/\/www.tvnovelas.com.br\/tvnews\/?p=85563"},"modified":"2025-11-27T13:20:06","modified_gmt":"2025-11-27T16:20:06","slug":"cruel-istambul-agah-e-cemre-se-emocionam-com-aparicao-de-nedim","status":"publish","type":"post","link":"https:\/\/www.tvnovelas.com.br\/tvnews\/cruel-istambul-agah-e-cemre-se-emocionam-com-aparicao-de-nedim\/","title":{"rendered":"Cruel Istambul: Agah e Cemre se emocionam com apari\u00e7\u00e3o de Nedim"},"content":{"rendered":"<figure id=\"attachment_85564\" aria-describedby=\"caption-attachment-85564\" style=\"width: 728px\" class=\"wp-caption aligncenter\"><img data-recalc-dims=\"1\" decoding=\"async\" class=\"wp-image-85564 size-full\" title=\"(Foto: Reprodu\u00e7\u00e3o\/Band\/Cruel Istambul)\" src=\"https:\/\/i0.wp.com\/www.tvnovelas.com.br\/tvnews\/wp-content\/uploads\/2025\/11\/12475.jpg?resize=728%2C409&#038;ssl=1\" alt=\"Foto em Cruel Istambul: Agah e Cemre se emocionam com apari\u00e7\u00e3o de Nedim\" width=\"728\" height=\"409\" srcset=\"https:\/\/i0.wp.com\/www.tvnovelas.com.br\/tvnews\/wp-content\/uploads\/2025\/11\/12475.jpg?w=728&amp;ssl=1 728w, https:\/\/i0.wp.com\/www.tvnovelas.com.br\/tvnews\/wp-content\/uploads\/2025\/11\/12475.jpg?resize=250%2C140&amp;ssl=1 250w\" sizes=\"(max-width: 728px) 100vw, 728px\" \/><figcaption id=\"caption-attachment-85564\" class=\"wp-caption-text\">Cruel Istambul: Agah e Cemre se emocionam com apari\u00e7\u00e3o de Nedim<\/figcaption><\/figure>\n<p>No cap\u00edtulo de Cruel Istambul desta quinta, dia 27, Depois que o div\u00f3rcio de Cenk e Cemre fracassou, a fam\u00edlia Kara\u00e7ay decidiu realiza a cerim\u00f4nia de casamento, j\u00e1 que eles haviam se casado anteriormente em uma cerim\u00f4nia civil.<\/p>\n<p>Tudo est\u00e1 pronto na mans\u00e3o Kara\u00e7ay para o grande momento, mas ningu\u00e9m espera que Nedim esteja l\u00e1. O irm\u00e3o de Cenk e sobrinho de Agah aparece inesperadamente na cerim\u00f4nia, para espanto dos convidados.<\/p>\n<p>Abalada, Seniz abandona o local, enquanto Agah se emociona com a apari\u00e7\u00e3o do sobrinho.<\/p>\n<p>Cemre, por sua vez, chora de alegria pela recupera\u00e7\u00e3o de Nedim e assiste Nedim indo embora.<\/p>\n<p>Confira o resumo do cap\u00edtulo de hoje<\/p>\n<h2 style=\"color: #778873;\">Resumo de quinta-feira, 27 de novembro<\/h2>\n<p>Agah retorna a mans\u00e3o com o pedido de separa\u00e7\u00e3o assinado. Cemre se prepara para a cerim\u00f4nia. Nedim surpreende a todos chegando arrumado e andando na solenidade. Abalada, Seniz abandona o local. Agah se emociona com a apari\u00e7\u00e3o do sobrinho. Cemre chora de alegria pela recupera\u00e7\u00e3o de Nedim. Cenk se esfor\u00e7a para convencer Seniz a regressar para a festa. A enfermeira assiste Nedim indo embora. Neriman conta para Ceren que Nedim est\u00e1 fortalecido.<\/p>\n<p><!--FIM--><a href=\"https:\/\/wp.me\/p8dmjy-cmp\" target=\"_blank\" rel=\"noopener\">Resumos dos cap\u00edtulos de Cruel Istambul<\/a><br \/>\n<div class=\"pt-cv-wrapper\"><h2 class='pt-cv-heading-container heading2' data-blockid='b265921794'><span class='pt-cv-heading'> \u00daltimas da Novela <\/span><\/h2><div class=\"pt-cv-view pt-cv-grid pt-cv-colsys\" id=\"pt-cv-view-b265921794\"><div data-id=\"pt-cv-page-1\" class=\"pt-cv-page\" data-cvc=\"1\"><div class=\"col-md-12 col-sm-12 col-xs-12 pt-cv-content-item pt-cv-1-col\" ><div class='pt-cv-ifield'><h4 class=\"pt-cv-title\"><a href=\"https:\/\/www.tvnovelas.com.br\/tvnews\/cruel-istambul-os-ultimos-momentos-de-cenk\/\" class=\"_blank\" target=\"_blank\" >Cruel Istambul: Os \u00faltimos momentos de Cenk<\/a><\/h4><\/div><\/div>\n<div class=\"col-md-12 col-sm-12 col-xs-12 pt-cv-content-item pt-cv-1-col\" ><div class='pt-cv-ifield'><h4 class=\"pt-cv-title\"><a href=\"https:\/\/www.tvnovelas.com.br\/tvnews\/cruel-istambul-cemre-se-encontra-com-o-pai\/\" class=\"_blank\" target=\"_blank\" >Cruel Istambul: Cemre se encontra com o pai<\/a><\/h4><\/div><\/div>\n<div class=\"col-md-12 col-sm-12 col-xs-12 pt-cv-content-item pt-cv-1-col\" ><div class='pt-cv-ifield'><h4 class=\"pt-cv-title\"><a href=\"https:\/\/www.tvnovelas.com.br\/tvnews\/cruel-istambul-cemre-quer-saber-quem-e-seu-pai\/\" class=\"_blank\" target=\"_blank\" >Cruel Istambul: Cemre quer saber quem \u00e9 seu pai!<\/a><\/h4><\/div><\/div>\n<div class=\"col-md-12 col-sm-12 col-xs-12 pt-cv-content-item pt-cv-1-col\" ><div class='pt-cv-ifield'><h4 class=\"pt-cv-title\"><a href=\"https:\/\/www.tvnovelas.com.br\/tvnews\/cruel-istambul-cenk-confronta-seniz\/\" class=\"_blank\" target=\"_blank\" >Cruel Istambul: Cenk confronta Seniz<\/a><\/h4><\/div><\/div>\n<div class=\"col-md-12 col-sm-12 col-xs-12 pt-cv-content-item pt-cv-1-col\" ><div class='pt-cv-ifield'><h4 class=\"pt-cv-title\"><a href=\"https:\/\/www.tvnovelas.com.br\/tvnews\/cruel-istambul-o-estrago-de-ceren-tres-mortes-na-mansao\/\" class=\"_blank\" target=\"_blank\" >Cruel Istambul: O estrago de Ceren: tr\u00eas mortes na mans\u00e3o<\/a><\/h4><\/div><\/div><\/div><\/div><\/div><\/p>\n<div style=\"font-size: 150%;\"><h3>Confira tamb\u00e9m<\/h3>\r\n<a href=\"https:\/\/tvnovelas.com.br\/novelas\/\" rel=\"noopener\" target=\"_blank\"><strong>Todos os resumos de novelas<\/strong><\/a><\/br>\r\n<a href=\"https:\/\/www.tvnovelas.com.br\/tvnews\/\" rel=\"noopener\" target=\"_blank\"><strong>\u00daltimas not\u00edcias das novelas<\/strong><\/a><\/br>\r\n<a href=\"https:\/\/www.tvnovelas.com.br\/filmes\/\" target=\"_blank\" rel=\"noopener noreferrer\"><strong>Programa\u00e7\u00e3o de filmes na TV aberta<\/strong><\/a><\/br>\r\n<a href=\"https:\/\/caetenews.com.br\/semana\/filmes-da-globo-na-sessao-da-tarde-desta-semana\/\" target=\"_blank\" rel=\"noopener\"><strong>Confira os filmes da semana na Sess\u00e3o da Tarde<\/strong><\/a><\/br>\r\n<a href=\"https:\/\/classindportal.mj.gov.br\/consulta-filmes\" target=\"_blank\" rel=\"noopener\"><strong>Consulte a classifica\u00e7\u00e3o indicativa dos filmes e novelas<\/strong><\/a><\/br><\/div>\n","protected":false},"excerpt":{"rendered":"<p>Cruel Istambul: Agah e Cemre se emocionam&#8230; No cap\u00edtulo de Cruel Istambul desta quinta, dia 27, Depois que o div\u00f3rcio de Cenk e Cemre&#8230;<\/p>\n","protected":false},"author":1,"featured_media":85564,"comment_status":"closed","ping_status":"closed","sticky":false,"template":"","format":"standard","meta":{"_uf_show_specific_survey":0,"_uf_disable_surveys":false,"_jetpack_memberships_contains_paid_content":false,"footnotes":"","_wp_rev_ctl_limit":""},"categories":[990],"tags":[43,991,64],"class_list":["post-85563","post","type-post","status-publish","format-standard","has-post-thumbnail","hentry","category-cruel-istambul","tag-band","tag-cruel-istambul","tag-novelas","wpcat-990-id"],"aioseo_notices":[],"jetpack_featured_media_url":"https:\/\/i0.wp.com\/www.tvnovelas.com.br\/tvnews\/wp-content\/uploads\/2025\/11\/12475.jpg?fit=728%2C409&ssl=1","jetpack_shortlink":"https:\/\/wp.me\/pdP2BO-mg3","jetpack_sharing_enabled":true,"_links":{"self":[{"href":"https:\/\/www.tvnovelas.com.br\/tvnews\/wp-json\/wp\/v2\/posts\/85563","targetHints":{"allow":["GET"]}}],"collection":[{"href":"https:\/\/www.tvnovelas.com.br\/tvnews\/wp-json\/wp\/v2\/posts"}],"about":[{"href":"https:\/\/www.tvnovelas.com.br\/tvnews\/wp-json\/wp\/v2\/types\/post"}],"author":[{"embeddable":true,"href":"https:\/\/www.tvnovelas.com.br\/tvnews\/wp-json\/wp\/v2\/users\/1"}],"replies":[{"embeddable":true,"href":"https:\/\/www.tvnovelas.com.br\/tvnews\/wp-json\/wp\/v2\/comments?post=85563"}],"version-history":[{"count":2,"href":"https:\/\/www.tvnovelas.com.br\/tvnews\/wp-json\/wp\/v2\/posts\/85563\/revisions"}],"predecessor-version":[{"id":85566,"href":"https:\/\/www.tvnovelas.com.br\/tvnews\/wp-json\/wp\/v2\/posts\/85563\/revisions\/85566"}],"wp:featuredmedia":[{"embeddable":true,"href":"https:\/\/www.tvnovelas.com.br\/tvnews\/wp-json\/wp\/v2\/media\/85564"}],"wp:attachment":[{"href":"https:\/\/www.tvnovelas.com.br\/tvnews\/wp-json\/wp\/v2\/media?parent=85563"}],"wp:term":[{"taxonomy":"category","embeddable":true,"href":"https:\/\/www.tvnovelas.com.br\/tvnews\/wp-json\/wp\/v2\/categories?post=85563"},{"taxonomy":"post_tag","embeddable":true,"href":"https:\/\/www.tvnovelas.com.br\/tvnews\/wp-json\/wp\/v2\/tags?post=85563"}],"curies":[{"name":"wp","href":"https:\/\/api.w.org\/{rel}","templated":true}]}}