{"id":85624,"date":"2025-11-29T09:23:45","date_gmt":"2025-11-29T12:23:45","guid":{"rendered":"https:\/\/www.tvnovelas.com.br\/tvnews\/?p=85624"},"modified":"2025-11-29T09:28:08","modified_gmt":"2025-11-29T12:28:08","slug":"dona-de-mim-jaques-e-nomeado-curador-de-rosa-e-reassume-a-boaz","status":"publish","type":"post","link":"https:\/\/www.tvnovelas.com.br\/tvnews\/dona-de-mim-jaques-e-nomeado-curador-de-rosa-e-reassume-a-boaz\/","title":{"rendered":"Dona de Mim: Jaques \u00e9 nomeado curador de Rosa e reassume a Boaz"},"content":{"rendered":"<figure id=\"attachment_85625\" aria-describedby=\"caption-attachment-85625\" style=\"width: 728px\" class=\"wp-caption aligncenter\"><img data-recalc-dims=\"1\" decoding=\"async\" class=\"wp-image-85625 size-full\" title=\"(Foto: TV Globo\/Dona de Mim)\" src=\"https:\/\/i0.wp.com\/www.tvnovelas.com.br\/tvnews\/wp-content\/uploads\/2025\/11\/12491.jpg?resize=728%2C410&#038;ssl=1\" alt=\"Foto em Dona de Mim: Jaques \u00e9 nomeado curador de Rosa e reassume a Boaz\" width=\"728\" height=\"410\" srcset=\"https:\/\/i0.wp.com\/www.tvnovelas.com.br\/tvnews\/wp-content\/uploads\/2025\/11\/12491.jpg?w=728&amp;ssl=1 728w, https:\/\/i0.wp.com\/www.tvnovelas.com.br\/tvnews\/wp-content\/uploads\/2025\/11\/12491.jpg?resize=250%2C141&amp;ssl=1 250w\" sizes=\"(max-width: 728px) 100vw, 728px\" \/><figcaption id=\"caption-attachment-85625\" class=\"wp-caption-text\">Dona de Mim: Jaques \u00e9 nomeado curador de Rosa e reassume a Boaz<\/figcaption><\/figure>\n<p>Em Dona de Mim, A vida de Rosa (Suely Franco) vai sofrer uma reviravolta. Vai acontecer a audi\u00eancia pela curatela da matriarca dos Boaz, e ela vai ter um epis\u00f3dio de desorienta\u00e7\u00e3o diante do juiz. Assim, Jaques (Marcello Novaes) vai ser nomeado como curador da m\u00e3e.<\/p>\n<p>\u201cEu tenho uma audi\u00eancia hoje. Tenho que parecer l\u00facida. Que o Eterno me guie. Estou pronta\u201d, diz ela para si mesma.<\/p>\n<p>Mas a lucidez de Rosa n\u00e3o vai durar muito, e Jaques, claro, ir\u00e1 se aproveitar disso. Ao perceber que a m\u00e3e n\u00e3o est\u00e1 bem, ele ir\u00e1 tirar os cart\u00f5es que escreveu para si das m\u00e3os dela, engan\u00e1-la e lev\u00e1-la com ele \u00e0 audi\u00eancia.<\/p>\n<p>\u201cVoc\u00ea n\u00e3o precisa disso. Eu vou te ajudar e vai dar tudo certo. Pode confiar em mim\u201d, mente Jaques.<\/p>\n<p>Rosa chegar\u00e1 com Jaques, sem reconhecer nada, nem ningu\u00e9m, o que ficar\u00e1 evidente na hora do depoimento dela.<\/p>\n<p>\u201cRosa Rubin, Boaz, a senhora entende o motivo dessa audi\u00eancia? Sabe que dia \u00e9 hoje? Ou que m\u00eas estamos?\u201d, pergunta o juiz.<\/p>\n<p>Rosa n\u00e3o responder\u00e1. A advogada Vivian tentar\u00e1 intervir, em v\u00e3o.<\/p>\n<p>\u201cEsta \u00e9 uma audi\u00eancia de impress\u00e3o pessoal. E a minha impress\u00e3o \u00e9 que dona Rosa Boaz se encontra num avan\u00e7ado est\u00e1gio de dem\u00eancia\u201d, afirma o juiz.<\/p>\n<p>\u201cMas minha v\u00f3 n\u00e3o est\u00e1 demente!\u201d, contesta Samuel.<\/p>\n<p>O juiz, ent\u00e3o, anunciar\u00e1 a sua decis\u00e3o:<\/p>\n<p>\u201cDetermino a suspens\u00e3o os efeitos da indica\u00e7\u00e3o do neto Samuel como curador, e os efeitos da doa\u00e7\u00e3o das a\u00e7\u00f5es para a neta Sofia, at\u00e9 que seja realizada a per\u00edcia\u201d, diz ele, para continuar:<\/p>\n<p>\u201cComo ambos os requerentes, Samuel Levy Boaz e Jaques Rubin Boaz est\u00e3o aptos para ser curadores, determino que seja observada a ordem da lei: o filho tem prioridade sobre o neto, e ele \u00e9 que deve ser nomeado o curador.\u201d<\/p>\n<p>\u201cDesculpa! Eu fiz alguma coisa errada?\u201d, pergunta Rosa, sem entender nada.<\/p>\n<p>Com a curatela de Rosa, Jaques voltar\u00e1 a ser o presidente da Boaz, para a revolta de Samuel.<\/p>\n<p>\u201cAmanh\u00e3 cedo, reuni\u00e3o de acionistas na Boaz. Quero todos voc\u00eas aplaudindo minha volta\u201d, diz o vil\u00e3o.<br \/>\n<!--FIM--><br \/>\n<a href=\"https:\/\/tvnovelas.com.br\/novelas\/resumos-de-dona-de-mim-da-proxima-semana\/\" target=\"_blank\" rel=\"noopener\">Resumos dos cap\u00edtulos de Dona de Mim<\/a><br \/>\n<div class=\"pt-cv-wrapper\"><h2 class='pt-cv-heading-container heading2' data-blockid='9b88c0b6t2'><span class='pt-cv-heading'> \u00daltimas da novela <\/span><\/h2><div class=\"pt-cv-view pt-cv-grid pt-cv-colsys\" id=\"pt-cv-view-9b88c0b6t2\"><div data-id=\"pt-cv-page-1\" class=\"pt-cv-page\" data-cvc=\"1\"><div class=\"col-md-12 col-sm-12 col-xs-12 pt-cv-content-item pt-cv-1-col\" ><div class='pt-cv-ifield'><h4 class=\"pt-cv-title\"><a href=\"https:\/\/www.tvnovelas.com.br\/tvnews\/dona-de-mim-abel-aparece-e-salva-sofia-do-incendio\/\" class=\"_blank\" target=\"_blank\" >Dona de Mim: Abel \u2018aparece&#8217; e salva Sofia do inc\u00eandio<\/a><\/h4><\/div><\/div>\n<div class=\"col-md-12 col-sm-12 col-xs-12 pt-cv-content-item pt-cv-1-col\" ><div class='pt-cv-ifield'><h4 class=\"pt-cv-title\"><a href=\"https:\/\/www.tvnovelas.com.br\/tvnews\/dona-de-mim-jaques-coloca-fogo-na-boaz\/\" class=\"_blank\" target=\"_blank\" >Dona de Mim: Jaques coloca fogo na Boaz<\/a><\/h4><\/div><\/div>\n<div class=\"col-md-12 col-sm-12 col-xs-12 pt-cv-content-item pt-cv-1-col\" ><div class='pt-cv-ifield'><h4 class=\"pt-cv-title\"><a href=\"https:\/\/www.tvnovelas.com.br\/tvnews\/dona-de-mim-davi-e-barbara-sofrem-grave-acidente\/\" class=\"_blank\" target=\"_blank\" >Dona de Mim: Davi e B\u00e1rbara sofrem grave acidente<\/a><\/h4><\/div><\/div><\/div><\/div><\/div><\/p>\n<div style=\"font-size: 150%;\"><h3>Confira tamb\u00e9m<\/h3>\r\n<a href=\"https:\/\/tvnovelas.com.br\/novelas\/\" rel=\"noopener\" target=\"_blank\"><strong>Todos os resumos de novelas<\/strong><\/a><\/br>\r\n<a href=\"https:\/\/www.tvnovelas.com.br\/tvnews\/\" rel=\"noopener\" target=\"_blank\"><strong>\u00daltimas not\u00edcias das novelas<\/strong><\/a><\/br>\r\n<a href=\"https:\/\/www.tvnovelas.com.br\/filmes\/\" target=\"_blank\" rel=\"noopener noreferrer\"><strong>Programa\u00e7\u00e3o de filmes na TV aberta<\/strong><\/a><\/br>\r\n<a href=\"https:\/\/caetenews.com.br\/semana\/filmes-da-globo-na-sessao-da-tarde-desta-semana\/\" target=\"_blank\" rel=\"noopener\"><strong>Confira os filmes da semana na Sess\u00e3o da Tarde<\/strong><\/a><\/br>\r\n<a href=\"https:\/\/classindportal.mj.gov.br\/consulta-filmes\" target=\"_blank\" rel=\"noopener\"><strong>Consulte a classifica\u00e7\u00e3o indicativa dos filmes e novelas<\/strong><\/a><\/br><\/div>\n","protected":false},"excerpt":{"rendered":"<p>Dona de Mim: Jaques \u00e9 nomeado curador de Rosa&#8230;  Em Dona de Mim, A vida de Rosa (Suely Franco) vai sofrer uma reviravolta. Vai acontecer&#8230;<\/p>\n","protected":false},"author":1,"featured_media":85625,"comment_status":"closed","ping_status":"closed","sticky":false,"template":"","format":"standard","meta":{"_uf_show_specific_survey":0,"_uf_disable_surveys":false,"_jetpack_memberships_contains_paid_content":false,"footnotes":"","_wp_rev_ctl_limit":""},"categories":[884],"tags":[883,5,64],"class_list":["post-85624","post","type-post","status-publish","format-standard","has-post-thumbnail","hentry","category-dona-de-mim","tag-dona-de-mim","tag-globo","tag-novelas","wpcat-884-id"],"aioseo_notices":[],"jetpack_featured_media_url":"https:\/\/i0.wp.com\/www.tvnovelas.com.br\/tvnews\/wp-content\/uploads\/2025\/11\/12491.jpg?fit=728%2C410&ssl=1","jetpack_shortlink":"https:\/\/wp.me\/pdP2BO-mh2","jetpack_sharing_enabled":true,"_links":{"self":[{"href":"https:\/\/www.tvnovelas.com.br\/tvnews\/wp-json\/wp\/v2\/posts\/85624","targetHints":{"allow":["GET"]}}],"collection":[{"href":"https:\/\/www.tvnovelas.com.br\/tvnews\/wp-json\/wp\/v2\/posts"}],"about":[{"href":"https:\/\/www.tvnovelas.com.br\/tvnews\/wp-json\/wp\/v2\/types\/post"}],"author":[{"embeddable":true,"href":"https:\/\/www.tvnovelas.com.br\/tvnews\/wp-json\/wp\/v2\/users\/1"}],"replies":[{"embeddable":true,"href":"https:\/\/www.tvnovelas.com.br\/tvnews\/wp-json\/wp\/v2\/comments?post=85624"}],"version-history":[{"count":1,"href":"https:\/\/www.tvnovelas.com.br\/tvnews\/wp-json\/wp\/v2\/posts\/85624\/revisions"}],"predecessor-version":[{"id":85626,"href":"https:\/\/www.tvnovelas.com.br\/tvnews\/wp-json\/wp\/v2\/posts\/85624\/revisions\/85626"}],"wp:featuredmedia":[{"embeddable":true,"href":"https:\/\/www.tvnovelas.com.br\/tvnews\/wp-json\/wp\/v2\/media\/85625"}],"wp:attachment":[{"href":"https:\/\/www.tvnovelas.com.br\/tvnews\/wp-json\/wp\/v2\/media?parent=85624"}],"wp:term":[{"taxonomy":"category","embeddable":true,"href":"https:\/\/www.tvnovelas.com.br\/tvnews\/wp-json\/wp\/v2\/categories?post=85624"},{"taxonomy":"post_tag","embeddable":true,"href":"https:\/\/www.tvnovelas.com.br\/tvnews\/wp-json\/wp\/v2\/tags?post=85624"}],"curies":[{"name":"wp","href":"https:\/\/api.w.org\/{rel}","templated":true}]}}