{"id":85644,"date":"2025-11-30T09:44:12","date_gmt":"2025-11-30T12:44:12","guid":{"rendered":"https:\/\/www.tvnovelas.com.br\/tvnews\/?p=85644"},"modified":"2025-11-30T09:49:28","modified_gmt":"2025-11-30T12:49:28","slug":"dona-de-mim-ricardo-acorda-do-coma-e-questiona-jaques","status":"publish","type":"post","link":"https:\/\/www.tvnovelas.com.br\/tvnews\/dona-de-mim-ricardo-acorda-do-coma-e-questiona-jaques\/","title":{"rendered":"Dona de Mim: Ricardo acorda do coma e questiona Jaques"},"content":{"rendered":"<figure id=\"attachment_85645\" aria-describedby=\"caption-attachment-85645\" style=\"width: 728px\" class=\"wp-caption aligncenter\"><img data-recalc-dims=\"1\" decoding=\"async\" class=\"wp-image-85645 size-full\" title=\"(Foto: TV Globo\/Dona de Mim)\" src=\"https:\/\/i0.wp.com\/www.tvnovelas.com.br\/tvnews\/wp-content\/uploads\/2025\/11\/12495.jpg?resize=728%2C410&#038;ssl=1\" alt=\"Foto em Dona de Mim: Ricardo acorda do coma e questiona Jaques\" width=\"728\" height=\"410\" srcset=\"https:\/\/i0.wp.com\/www.tvnovelas.com.br\/tvnews\/wp-content\/uploads\/2025\/11\/12495.jpg?w=728&amp;ssl=1 728w, https:\/\/i0.wp.com\/www.tvnovelas.com.br\/tvnews\/wp-content\/uploads\/2025\/11\/12495.jpg?resize=250%2C141&amp;ssl=1 250w\" sizes=\"(max-width: 728px) 100vw, 728px\" \/><figcaption id=\"caption-attachment-85645\" class=\"wp-caption-text\">Dona de Mim: Ricardo acorda do coma e questiona Jaques<\/figcaption><\/figure>\n<p>Em Dona de Mim, Jaques (Marcello Novaes) descobre que Ricardo (Marcos Pasquim) falou algumas palavras e fica preocupado. O vil\u00e3o ir\u00e1 at\u00e9 o hospital onde o advogado est\u00e1 internado desde que foi atropelado por um caminh\u00e3o e levar\u00e1 um susto. Diante de Jaques, Ricardo acordar\u00e1 do coma e falar\u00e1 o nome do ex-comparsa.<\/p>\n<p>\u201cJaques!\u201d, balbucia Ricardo.<\/p>\n<p>\u201cSou eu, Ricardo! T\u00f4 aqui!\u201d, responde Jaques.<\/p>\n<p>Ricardo estar\u00e1 com os olhos abertos pela primeira vez desde o atropelamento e questionar\u00e1 se Jaques tentou mat\u00e1-lo.<\/p>\n<p>\u201cVeio terminar&#8230; Vai me matar, Jaques?\u201d, pergunta Ricardo.<\/p>\n<p>Jaques, claro, ir\u00e1 se aproveitar do estado fr\u00e1gil de sa\u00fade para tentar confundir Ricardo e se fazer de amigo.<\/p>\n<p>\u201cDe onde voc\u00ea tirou essa ideia, meu amigo? Eu aqui, preocupado com voc\u00ea\u201d, diz Jaques.<\/p>\n<p>Ricardo perguntar\u00e1 onde ele est\u00e1, e Jaques ir\u00e1 querer saber se ele n\u00e3o se lembra de nada do dia em que foi atropelado por um caminh\u00e3o.<\/p>\n<p>\u201cTudo confuso. Estava na rua. Barulho de caminh\u00e3o. Uma pancada. Voc\u00ea estava tamb\u00e9m&#8230;\u201d, se recorda Ricardo.<br \/>\n\u201cEu? Eu n\u00e3o\u201d, mente Jaques.<\/p>\n<p>\u201cUma m\u00e3o. Tinha uma m\u00e3o. Voc\u00ea&#8230;?\u201d, questiona Ricardo.<\/p>\n<p>Ricardo ficar\u00e1 agitado e ser\u00e1 atendido por uma enfermeira.<br \/>\n<!--FIM--><br \/>\n<a href=\"https:\/\/tvnovelas.com.br\/novelas\/resumos-de-dona-de-mim-da-proxima-semana\/\" target=\"_blank\" rel=\"noopener\">Resumos dos cap\u00edtulos de Dona de Mim<\/a><br \/>\n<div class=\"pt-cv-wrapper\"><h2 class='pt-cv-heading-container heading2' data-blockid='9b88c0b6t2'><span class='pt-cv-heading'> \u00daltimas da novela <\/span><\/h2><div class=\"pt-cv-view pt-cv-grid pt-cv-colsys\" id=\"pt-cv-view-9b88c0b6t2\"><div data-id=\"pt-cv-page-1\" class=\"pt-cv-page\" data-cvc=\"1\"><div class=\"col-md-12 col-sm-12 col-xs-12 pt-cv-content-item pt-cv-1-col\" ><div class='pt-cv-ifield'><h4 class=\"pt-cv-title\"><a href=\"https:\/\/www.tvnovelas.com.br\/tvnews\/dona-de-mim-abel-aparece-e-salva-sofia-do-incendio\/\" class=\"_blank\" target=\"_blank\" >Dona de Mim: Abel \u2018aparece&#8217; e salva Sofia do inc\u00eandio<\/a><\/h4><\/div><\/div>\n<div class=\"col-md-12 col-sm-12 col-xs-12 pt-cv-content-item pt-cv-1-col\" ><div class='pt-cv-ifield'><h4 class=\"pt-cv-title\"><a href=\"https:\/\/www.tvnovelas.com.br\/tvnews\/dona-de-mim-jaques-coloca-fogo-na-boaz\/\" class=\"_blank\" target=\"_blank\" >Dona de Mim: Jaques coloca fogo na Boaz<\/a><\/h4><\/div><\/div>\n<div class=\"col-md-12 col-sm-12 col-xs-12 pt-cv-content-item pt-cv-1-col\" ><div class='pt-cv-ifield'><h4 class=\"pt-cv-title\"><a href=\"https:\/\/www.tvnovelas.com.br\/tvnews\/dona-de-mim-davi-e-barbara-sofrem-grave-acidente\/\" class=\"_blank\" target=\"_blank\" >Dona de Mim: Davi e B\u00e1rbara sofrem grave acidente<\/a><\/h4><\/div><\/div><\/div><\/div><\/div><\/p>\n<div style=\"font-size: 150%;\"><h3>Confira tamb\u00e9m<\/h3>\r\n<a href=\"https:\/\/tvnovelas.com.br\/novelas\/\" rel=\"noopener\" target=\"_blank\"><strong>Todos os resumos de novelas<\/strong><\/a><\/br>\r\n<a href=\"https:\/\/www.tvnovelas.com.br\/tvnews\/\" rel=\"noopener\" target=\"_blank\"><strong>\u00daltimas not\u00edcias das novelas<\/strong><\/a><\/br>\r\n<a href=\"https:\/\/www.tvnovelas.com.br\/filmes\/\" target=\"_blank\" rel=\"noopener noreferrer\"><strong>Programa\u00e7\u00e3o de filmes na TV aberta<\/strong><\/a><\/br>\r\n<a href=\"https:\/\/caetenews.com.br\/semana\/filmes-da-globo-na-sessao-da-tarde-desta-semana\/\" target=\"_blank\" rel=\"noopener\"><strong>Confira os filmes da semana na Sess\u00e3o da Tarde<\/strong><\/a><\/br>\r\n<a href=\"https:\/\/classindportal.mj.gov.br\/consulta-filmes\" target=\"_blank\" rel=\"noopener\"><strong>Consulte a classifica\u00e7\u00e3o indicativa dos filmes e novelas<\/strong><\/a><\/br><\/div>\n","protected":false},"excerpt":{"rendered":"<p>Dona de Mim: Ricardo acorda do coma e questiona Jaques&#8230; Em Dona de Mim, Jaques (Marcello Novaes) descobre que Ricardo&#8230;<\/p>\n","protected":false},"author":1,"featured_media":85645,"comment_status":"closed","ping_status":"closed","sticky":false,"template":"","format":"standard","meta":{"_uf_show_specific_survey":0,"_uf_disable_surveys":false,"_jetpack_memberships_contains_paid_content":false,"footnotes":"","_wp_rev_ctl_limit":""},"categories":[884],"tags":[883,5,64],"class_list":["post-85644","post","type-post","status-publish","format-standard","has-post-thumbnail","hentry","category-dona-de-mim","tag-dona-de-mim","tag-globo","tag-novelas","wpcat-884-id"],"aioseo_notices":[],"jetpack_featured_media_url":"https:\/\/i0.wp.com\/www.tvnovelas.com.br\/tvnews\/wp-content\/uploads\/2025\/11\/12495.jpg?fit=728%2C410&ssl=1","jetpack_shortlink":"https:\/\/wp.me\/pdP2BO-mhm","jetpack_sharing_enabled":true,"_links":{"self":[{"href":"https:\/\/www.tvnovelas.com.br\/tvnews\/wp-json\/wp\/v2\/posts\/85644","targetHints":{"allow":["GET"]}}],"collection":[{"href":"https:\/\/www.tvnovelas.com.br\/tvnews\/wp-json\/wp\/v2\/posts"}],"about":[{"href":"https:\/\/www.tvnovelas.com.br\/tvnews\/wp-json\/wp\/v2\/types\/post"}],"author":[{"embeddable":true,"href":"https:\/\/www.tvnovelas.com.br\/tvnews\/wp-json\/wp\/v2\/users\/1"}],"replies":[{"embeddable":true,"href":"https:\/\/www.tvnovelas.com.br\/tvnews\/wp-json\/wp\/v2\/comments?post=85644"}],"version-history":[{"count":1,"href":"https:\/\/www.tvnovelas.com.br\/tvnews\/wp-json\/wp\/v2\/posts\/85644\/revisions"}],"predecessor-version":[{"id":85646,"href":"https:\/\/www.tvnovelas.com.br\/tvnews\/wp-json\/wp\/v2\/posts\/85644\/revisions\/85646"}],"wp:featuredmedia":[{"embeddable":true,"href":"https:\/\/www.tvnovelas.com.br\/tvnews\/wp-json\/wp\/v2\/media\/85645"}],"wp:attachment":[{"href":"https:\/\/www.tvnovelas.com.br\/tvnews\/wp-json\/wp\/v2\/media?parent=85644"}],"wp:term":[{"taxonomy":"category","embeddable":true,"href":"https:\/\/www.tvnovelas.com.br\/tvnews\/wp-json\/wp\/v2\/categories?post=85644"},{"taxonomy":"post_tag","embeddable":true,"href":"https:\/\/www.tvnovelas.com.br\/tvnews\/wp-json\/wp\/v2\/tags?post=85644"}],"curies":[{"name":"wp","href":"https:\/\/api.w.org\/{rel}","templated":true}]}}