{"id":85658,"date":"2025-11-30T16:11:11","date_gmt":"2025-11-30T19:11:11","guid":{"rendered":"https:\/\/www.tvnovelas.com.br\/tvnews\/?p=85658"},"modified":"2025-11-30T19:34:40","modified_gmt":"2025-11-30T22:34:40","slug":"mae-sule-sem-casa-e-com-frio-busca-ajuda-de-gonul","status":"publish","type":"post","link":"https:\/\/www.tvnovelas.com.br\/tvnews\/mae-sule-sem-casa-e-com-frio-busca-ajuda-de-gonul\/","title":{"rendered":"Em M\u00e3e: Sule sem casa e com frio, busca ajuda de Gonul"},"content":{"rendered":"<figure id=\"attachment_85659\" aria-describedby=\"caption-attachment-85659\" style=\"width: 728px\" class=\"wp-caption aligncenter\"><img data-recalc-dims=\"1\" decoding=\"async\" class=\"wp-image-85659 size-full\" title=\"(Foto: Record TV\/M\u00e3e)\" src=\"https:\/\/i0.wp.com\/www.tvnovelas.com.br\/tvnews\/wp-content\/uploads\/2025\/11\/12500.jpg?resize=728%2C406&#038;ssl=1\" alt=\"Foto em M\u00e3e: Sule sem casa e com frio, busca ajuda de Gonul\" width=\"728\" height=\"406\" srcset=\"https:\/\/i0.wp.com\/www.tvnovelas.com.br\/tvnews\/wp-content\/uploads\/2025\/11\/12500.jpg?w=728&amp;ssl=1 728w, https:\/\/i0.wp.com\/www.tvnovelas.com.br\/tvnews\/wp-content\/uploads\/2025\/11\/12500.jpg?resize=250%2C139&amp;ssl=1 250w\" sizes=\"(max-width: 728px) 100vw, 728px\" \/><figcaption id=\"caption-attachment-85659\" class=\"wp-caption-text\">M\u00e3e: Sule sem casa e com frio, busca ajuda de Gonul<\/figcaption><\/figure>\n<p>No cap\u00edtulo de A.Mar desta segunda, dia 1\u00ba, o delegado Sinan inicia as investiga\u00e7\u00f5es sobre o tiroteio e o desaparecimento de Melek. <\/p>\n<p>Enquanto isto, no hospital, Sule ouve do m\u00e9dico que est\u00e1 de alta e que pode voltar para casa. Com frio, ela tenta entrar na casa de Rifat para pegar suas roupas, mas um policial diz que ela n\u00e3o pode entrar sem permiss\u00e3o.<\/p>\n<p>Sem ter para onde ir, Sule pede ajuda na casa de Gonul.<br \/>\n!&#8211;FIM&#8211;&gt;<br \/>\nConfira o resumo do cap\u00edtulo de hoje:<\/p>\n<h2 style=\"color: #92487a;\">Resumo de segunda-feira, 1\u00ba de dezembro<\/h2>\n<p>O delegado Sinan inicia as investiga\u00e7\u00f5es sobre o tiroteio e o desaparecimento de Melek. No hospital, Sule ouve do m\u00e9dico que est\u00e1 de alta e que pode voltar para casa. Com frio, ela tenta entrar na casa de Rifat para pegar suas roupas, mas um policial diz que ela n\u00e3o pode entrar sem permiss\u00e3o. Arif instala algumas prateleiras para Gonul e sogra observa tudo com desconfian\u00e7a. Sule liga para Zeynep e pergunta se ela est\u00e1 com Melek. Gamze sai de carro sem autoriza\u00e7\u00e3o de Cahide e acaba sofrendo um acidente. Sem ter para onde ir, Sule pede ajuda na casa de Gonul. Cahide tenta desfazer a compra da casa de campo, mas o novo dono se recusa a negociar. Zeynep conta como resgatou Turna (Melek) e que est\u00e1 decidida a sair do pa\u00eds. Duru presenteia Turna (Melek) com uma tartaruga.<br \/>\n<!--FIM--><\/p>\n<h2>Saiba mais<\/h2>\n<p><a href=\"https:\/\/tvnovelas.com.br\/novelas\/resumos-de-novela-mae\/\" target=\"_blank\" rel=\"noopener\">Resumos dos cap\u00edtulos da semana<\/a><br \/>\n<a href=\"https:\/\/wp.me\/pfspD2-VN\" target=\"_blank\" rel=\"noopener\">M\u00e3e: Resgatando uma crian\u00e7a da viol\u00eancia<\/a><br \/>\n<div class=\"pt-cv-wrapper\"><h2 class='pt-cv-heading-container heading2' data-blockid='759454f593'><span class='pt-cv-heading'> \u00daltimas da Novela <\/span><\/h2><div class=\"pt-cv-view pt-cv-grid pt-cv-colsys\" id=\"pt-cv-view-759454f593\"><div data-id=\"pt-cv-page-1\" class=\"pt-cv-page\" data-cvc=\"1\"><div class=\"col-md-12 col-sm-12 col-xs-12 pt-cv-content-item pt-cv-1-col\" ><div class='pt-cv-ifield'><h4 class=\"pt-cv-title\"><a href=\"https:\/\/www.tvnovelas.com.br\/tvnews\/mae-o-destino-final-de-melek-e-zeynep\/\" class=\"_self\" target=\"_self\" >M\u00e3e: O destino final de Melek e Zeynep<\/a><\/h4><\/div><\/div>\n<div class=\"col-md-12 col-sm-12 col-xs-12 pt-cv-content-item pt-cv-1-col\" ><div class='pt-cv-ifield'><h4 class=\"pt-cv-title\"><a href=\"https:\/\/www.tvnovelas.com.br\/tvnews\/mae-zeynep-enfrenta-cengiz\/\" class=\"_self\" target=\"_self\" >M\u00e3e: Zeynep enfrenta Cengiz<\/a><\/h4><\/div><\/div>\n<div class=\"col-md-12 col-sm-12 col-xs-12 pt-cv-content-item pt-cv-1-col\" ><div class='pt-cv-ifield'><h4 class=\"pt-cv-title\"><a href=\"https:\/\/www.tvnovelas.com.br\/tvnews\/mae-cengiz-e-preso-sob-a-acusacao-de-assassinato\/\" class=\"_self\" target=\"_self\" >M\u00e3e: Cengiz \u00e9 preso sob a acusa\u00e7\u00e3o de assassinato<\/a><\/h4><\/div><\/div>\n<div class=\"col-md-12 col-sm-12 col-xs-12 pt-cv-content-item pt-cv-1-col\" ><div class='pt-cv-ifield'><h4 class=\"pt-cv-title\"><a href=\"https:\/\/www.tvnovelas.com.br\/tvnews\/mae-cengiz-assina-documento-renunciando-a-guarda-dos-filhos\/\" class=\"_self\" target=\"_self\" >M\u00e3e: Cengiz assina documento renunciando \u00e0 guarda dos filhos<\/a><\/h4><\/div><\/div>\n<div class=\"col-md-12 col-sm-12 col-xs-12 pt-cv-content-item pt-cv-1-col\" ><div class='pt-cv-ifield'><h4 class=\"pt-cv-title\"><a href=\"https:\/\/www.tvnovelas.com.br\/tvnews\/mae-cengiz-pode-estar-com-os-dias-contados\/\" class=\"_self\" target=\"_self\" >M\u00e3e: Cengiz pode estar com os dias contados<\/a><\/h4><\/div><\/div><\/div><\/div><\/div><br \/>\n&lt;h<\/p>\n<div style=\"font-size: 120%;\"><h3>Confira tamb\u00e9m<\/h3>\r\n<a href=\"https:\/\/tvnovelas.com.br\/novelas\/\" rel=\"noopener\" target=\"_blank\"><strong>Todos os resumos de novelas<\/strong><\/a><\/br>\r\n<a href=\"https:\/\/www.tvnovelas.com.br\/tvnews\/\" rel=\"noopener\" target=\"_blank\"><strong>\u00daltimas not\u00edcias das novelas<\/strong><\/a><\/br>\r\n<a href=\"https:\/\/www.tvnovelas.com.br\/filmes\/\" target=\"_blank\" rel=\"noopener noreferrer\"><strong>Programa\u00e7\u00e3o de filmes na TV aberta<\/strong><\/a><\/br>\r\n<a href=\"https:\/\/caetenews.com.br\/semana\/filmes-da-globo-na-sessao-da-tarde-desta-semana\/\" target=\"_blank\" rel=\"noopener\"><strong>Confira os filmes da semana na Sess\u00e3o da Tarde<\/strong><\/a><\/br>\r\n<a href=\"https:\/\/classindportal.mj.gov.br\/consulta-filmes\" target=\"_blank\" rel=\"noopener\"><strong>Consulte a classifica\u00e7\u00e3o indicativa dos filmes e novelas<\/strong><\/a><\/br><\/div>\n","protected":false},"excerpt":{"rendered":"<p>M\u00e3e: Sule sem casa e com frio, busca ajuda de Gonul&#8230;  No cap\u00edtulo de A.Mar desta segunda, dia 1\u00ba, o delegado Sinan inicia as investiga\u00e7\u00f5es&#8230;<\/p>\n","protected":false},"author":1,"featured_media":85659,"comment_status":"closed","ping_status":"closed","sticky":false,"template":"","format":"standard","meta":{"_uf_show_specific_survey":0,"_uf_disable_surveys":false,"_jetpack_memberships_contains_paid_content":false,"footnotes":"","_wp_rev_ctl_limit":""},"categories":[1012],"tags":[1013,64,14],"class_list":["post-85658","post","type-post","status-publish","format-standard","has-post-thumbnail","hentry","category-mae","tag-mae","tag-novelas","tag-record","wpcat-1012-id"],"aioseo_notices":[],"jetpack_featured_media_url":"https:\/\/i0.wp.com\/www.tvnovelas.com.br\/tvnews\/wp-content\/uploads\/2025\/11\/12500.jpg?fit=728%2C406&ssl=1","jetpack_shortlink":"https:\/\/wp.me\/pdP2BO-mhA","jetpack_sharing_enabled":true,"_links":{"self":[{"href":"https:\/\/www.tvnovelas.com.br\/tvnews\/wp-json\/wp\/v2\/posts\/85658","targetHints":{"allow":["GET"]}}],"collection":[{"href":"https:\/\/www.tvnovelas.com.br\/tvnews\/wp-json\/wp\/v2\/posts"}],"about":[{"href":"https:\/\/www.tvnovelas.com.br\/tvnews\/wp-json\/wp\/v2\/types\/post"}],"author":[{"embeddable":true,"href":"https:\/\/www.tvnovelas.com.br\/tvnews\/wp-json\/wp\/v2\/users\/1"}],"replies":[{"embeddable":true,"href":"https:\/\/www.tvnovelas.com.br\/tvnews\/wp-json\/wp\/v2\/comments?post=85658"}],"version-history":[{"count":4,"href":"https:\/\/www.tvnovelas.com.br\/tvnews\/wp-json\/wp\/v2\/posts\/85658\/revisions"}],"predecessor-version":[{"id":85664,"href":"https:\/\/www.tvnovelas.com.br\/tvnews\/wp-json\/wp\/v2\/posts\/85658\/revisions\/85664"}],"wp:featuredmedia":[{"embeddable":true,"href":"https:\/\/www.tvnovelas.com.br\/tvnews\/wp-json\/wp\/v2\/media\/85659"}],"wp:attachment":[{"href":"https:\/\/www.tvnovelas.com.br\/tvnews\/wp-json\/wp\/v2\/media?parent=85658"}],"wp:term":[{"taxonomy":"category","embeddable":true,"href":"https:\/\/www.tvnovelas.com.br\/tvnews\/wp-json\/wp\/v2\/categories?post=85658"},{"taxonomy":"post_tag","embeddable":true,"href":"https:\/\/www.tvnovelas.com.br\/tvnews\/wp-json\/wp\/v2\/tags?post=85658"}],"curies":[{"name":"wp","href":"https:\/\/api.w.org\/{rel}","templated":true}]}}