{"id":85672,"date":"2025-12-01T09:33:56","date_gmt":"2025-12-01T12:33:56","guid":{"rendered":"https:\/\/www.tvnovelas.com.br\/tvnews\/?p=85672"},"modified":"2025-12-01T09:35:30","modified_gmt":"2025-12-01T12:35:30","slug":"tres-gracas-viviane-fica-atordoada-com-visita-de-zenilda","status":"publish","type":"post","link":"https:\/\/www.tvnovelas.com.br\/tvnews\/tres-gracas-viviane-fica-atordoada-com-visita-de-zenilda\/","title":{"rendered":"Tr\u00eas Gra\u00e7as: Viviane fica atordoada com visita de Zenilda"},"content":{"rendered":"<figure id=\"attachment_85673\" aria-describedby=\"caption-attachment-85673\" style=\"width: 728px\" class=\"wp-caption aligncenter\"><img data-recalc-dims=\"1\" decoding=\"async\" class=\"wp-image-85673 size-full\" title=\"(Foto: TV Globo\/Tr\u00eas Gra\u00e7as)\" src=\"https:\/\/i0.wp.com\/www.tvnovelas.com.br\/tvnews\/wp-content\/uploads\/2025\/12\/12502.jpg?resize=728%2C410&#038;ssl=1\" alt=\"Foto em Tr\u00eas Gra\u00e7as: Viviane fica atordoada com visita de Zenilda\" width=\"728\" height=\"410\" srcset=\"https:\/\/i0.wp.com\/www.tvnovelas.com.br\/tvnews\/wp-content\/uploads\/2025\/12\/12502.jpg?w=728&amp;ssl=1 728w, https:\/\/i0.wp.com\/www.tvnovelas.com.br\/tvnews\/wp-content\/uploads\/2025\/12\/12502.jpg?resize=250%2C141&amp;ssl=1 250w\" sizes=\"(max-width: 728px) 100vw, 728px\" \/><figcaption id=\"caption-attachment-85673\" class=\"wp-caption-text\">Tr\u00eas Gra\u00e7as: Viviane fica atordoada com visita de Zenilda<\/figcaption><\/figure>\n<p>Em Tr\u00eas Gra\u00e7as, Zenilda (Andr\u00e9ia Horta) ir\u00e1 procurar Viviane (Gabriela Loran) na farm\u00e1cia Ferette na comunidade da Chacrinha. A farmac\u00eautica ficar\u00e1 atordoada com a visita da advogada.<\/p>\n<p>A mulher de Ferette (Murilo Ben\u00edcio) chegar\u00e1 ao local para falar com Viviane e dir\u00e1 que est\u00e1 \u00e0 procura dela para uma conversa. Ela, ent\u00e3o, se apresentar\u00e1 para a farmac\u00eautica.<\/p>\n<p>&#8220;Com voc\u00ea mesma que eu vim falar. Prazer! Voc\u00ea n\u00e3o me conhece. Meu nome \u00e9 Zenilda. Zenilda Ferette, e eu vim falar sobre&#8221;, dir\u00e1 Zenilda.<\/p>\n<p>Nesse instante, Viviane ficar\u00e1 atordoada ao descobrir de quem se trata. Por sua vez, Zenilda se espantar\u00e1 ao ser questionada pela farmac\u00eautica sobre Leonardo (Pedro Novaes).<\/p>\n<p>&#8220;Sobre o Leonardo? Olha, se for sobre o Leonardo, olha, de verdade&#8221;, afirmar\u00e1 Viviane.<\/p>\n<p>&#8220;N\u00e3o, n\u00e3o, n\u00e3o vim falar sobre isso, mas agora fiquei curiosa. Voc\u00ea conhece o meu filho?&#8221;, questionar\u00e1 a advogada.<\/p>\n<p>A farmac\u00eautica tratar\u00e1 de explicar como conhece o herdeiro. &#8220;Sim, eu conhe\u00e7o o Leonardo. Ele esteve aqui algumas vezes. N\u00e3o me lembro quantas&#8221;, responder\u00e1 Viviane. &#8220;E veio fazer o qu\u00ea?&#8221;, perguntar\u00e1 Zenilda.<\/p>\n<p>&#8220;Alguma coisa da Funda\u00e7\u00e3o, tamb\u00e9m n\u00e3o me recordo. Mas se a senhora perguntar ao seu filho talvez ele se lembre&#8221;, afirmar\u00e1 a farmac\u00eautica.<\/p>\n<p>A advogada explicar\u00e1 que foi at\u00e9 o local para falar sobre rumores que circulam na Chacrinha sobre os rem\u00e9dios distribu\u00eddos pela Funda\u00e7\u00e3o Ferette serem falsos.<\/p>\n<p>&#8220;Tudo bem, n\u00e3o vim saber se voc\u00ea conhece ou n\u00e3o o L\u00e9o, mas pra falar de outro assunto. Me disseram que correm boatos por aqui sobre a efic\u00e1cia dos nossos rem\u00e9dios, meu marido j\u00e1 ouviu relatos sobre isso e ignorou todos&#8230; Mas quando me contaram, fiquei preocupada&#8230; \u00c9 verdade?&#8221;, perguntar\u00e1 Zenilda.<br \/>\n<!--FIM--><br \/>\n<div class=\"pt-cv-wrapper\"><h2 class='pt-cv-heading-container heading2' data-blockid='aa8cb49py2'><span class='pt-cv-heading'> \u00daltimas da Novela <\/span><\/h2><div class=\"pt-cv-view pt-cv-grid pt-cv-colsys\" id=\"pt-cv-view-aa8cb49py2\"><div data-id=\"pt-cv-page-1\" class=\"pt-cv-page\" data-cvc=\"1\"><div class=\"col-md-12 col-sm-12 col-xs-12 pt-cv-content-item pt-cv-1-col\" ><div class='pt-cv-ifield'><h4 class=\"pt-cv-title\"><a href=\"https:\/\/www.tvnovelas.com.br\/tvnews\/tres-gracas-joaquim-propoe-fuga-a-arminda-com-o-dinheiro-das-tres-gracas\/\" class=\"_self\" target=\"_self\" >Tr\u00eas Gra\u00e7as:  Joaquim prop\u00f5e fuga a Arminda com o dinheiro das Tr\u00eas Gra\u00e7as<\/a><\/h4><\/div><\/div>\n<div class=\"col-md-12 col-sm-12 col-xs-12 pt-cv-content-item pt-cv-1-col\" ><div class='pt-cv-ifield'><h4 class=\"pt-cv-title\"><a href=\"https:\/\/www.tvnovelas.com.br\/tvnews\/tres-gracas-bagda-e-preso-por-juquinha\/\" class=\"_self\" target=\"_self\" >Tr\u00eas Gra\u00e7as:  Bagd\u00e1 \u00e9 preso por Juquinha<\/a><\/h4><\/div><\/div>\n<div class=\"col-md-12 col-sm-12 col-xs-12 pt-cv-content-item pt-cv-1-col\" ><div class='pt-cv-ifield'><h4 class=\"pt-cv-title\"><a href=\"https:\/\/www.tvnovelas.com.br\/tvnews\/os-resumos-de-tres-gracas-da-semana-27-4-a-02-de-maio\/\" class=\"_self\" target=\"_self\" >Os resumos de Tr\u00eas Gra\u00e7as da semana 27\/4 a 02 de maio<\/a><\/h4><\/div><\/div><\/div><\/div><\/div><\/p>\n<h2>Saiba mais<\/h2>\n<p><a href=\"https:\/\/tvnovelas.com.br\/novelas\/resumos-de-tres-gracas\/\" target=\"_blank\" rel=\"noopener\">Tr\u00eas Gra\u00e7as: Resumos dos cap\u00edtulos da semana<\/a><br \/>\n<a href=\"https:\/\/tvnovelas.com.br\/page2\/arquivo\/tres-gracas-aluta-para-nao-perder-a-esperanca\/\" target=\"_blank\" rel=\"noopener\">&#8216;Tr\u00eas Gra\u00e7as\u2019, a luta para n\u00e3o perder a esperan\u00e7a<\/a> (Sinopse)<br \/>\n<a href=\"https:\/\/www.tvnovelas.com.br\/tvnews\/tres-gracas-as-tres-gracas-e-suas-adversidades\/\" target=\"_blank\" rel=\"noopener\">Tr\u00eas Gra\u00e7as: As tr\u00eas Gra\u00e7as e suas adversidades<\/a><\/p>\n<div style=\"font-size: 120%;\"><h3>Confira tamb\u00e9m<\/h3>\r\n<a href=\"https:\/\/tvnovelas.com.br\/novelas\/\" rel=\"noopener\" target=\"_blank\"><strong>Todos os resumos de novelas<\/strong><\/a><\/br>\r\n<a href=\"https:\/\/www.tvnovelas.com.br\/tvnews\/\" rel=\"noopener\" target=\"_blank\"><strong>\u00daltimas not\u00edcias das novelas<\/strong><\/a><\/br>\r\n<a href=\"https:\/\/www.tvnovelas.com.br\/filmes\/\" target=\"_blank\" rel=\"noopener noreferrer\"><strong>Programa\u00e7\u00e3o de filmes na TV aberta<\/strong><\/a><\/br>\r\n<a href=\"https:\/\/caetenews.com.br\/semana\/filmes-da-globo-na-sessao-da-tarde-desta-semana\/\" target=\"_blank\" rel=\"noopener\"><strong>Confira os filmes da semana na Sess\u00e3o da Tarde<\/strong><\/a><\/br>\r\n<a href=\"https:\/\/classindportal.mj.gov.br\/consulta-filmes\" target=\"_blank\" rel=\"noopener\"><strong>Consulte a classifica\u00e7\u00e3o indicativa dos filmes e novelas<\/strong><\/a><\/br><\/div>\n","protected":false},"excerpt":{"rendered":"<p>Tr\u00eas Gra\u00e7as: Viviane fica atordoada com visita de Zenilda&#8230;. Em Tr\u00eas Gra\u00e7as, Zenilda (Andr\u00e9ia Horta) ir\u00e1 procurar Viviane na farm\u00e1cia Ferette&#8230;<\/p>\n","protected":false},"author":1,"featured_media":85673,"comment_status":"closed","ping_status":"closed","sticky":false,"template":"","format":"standard","meta":{"_uf_show_specific_survey":0,"_uf_disable_surveys":false,"_jetpack_memberships_contains_paid_content":false,"footnotes":"","_wp_rev_ctl_limit":""},"categories":[920],"tags":[5,64,1007],"class_list":["post-85672","post","type-post","status-publish","format-standard","has-post-thumbnail","hentry","category-eta-mundo-melhor","tag-globo","tag-novelas","tag-tres-gracas","wpcat-920-id"],"aioseo_notices":[],"jetpack_featured_media_url":"https:\/\/i0.wp.com\/www.tvnovelas.com.br\/tvnews\/wp-content\/uploads\/2025\/12\/12502.jpg?fit=728%2C410&ssl=1","jetpack_shortlink":"https:\/\/wp.me\/pdP2BO-mhO","jetpack_sharing_enabled":true,"_links":{"self":[{"href":"https:\/\/www.tvnovelas.com.br\/tvnews\/wp-json\/wp\/v2\/posts\/85672","targetHints":{"allow":["GET"]}}],"collection":[{"href":"https:\/\/www.tvnovelas.com.br\/tvnews\/wp-json\/wp\/v2\/posts"}],"about":[{"href":"https:\/\/www.tvnovelas.com.br\/tvnews\/wp-json\/wp\/v2\/types\/post"}],"author":[{"embeddable":true,"href":"https:\/\/www.tvnovelas.com.br\/tvnews\/wp-json\/wp\/v2\/users\/1"}],"replies":[{"embeddable":true,"href":"https:\/\/www.tvnovelas.com.br\/tvnews\/wp-json\/wp\/v2\/comments?post=85672"}],"version-history":[{"count":1,"href":"https:\/\/www.tvnovelas.com.br\/tvnews\/wp-json\/wp\/v2\/posts\/85672\/revisions"}],"predecessor-version":[{"id":85674,"href":"https:\/\/www.tvnovelas.com.br\/tvnews\/wp-json\/wp\/v2\/posts\/85672\/revisions\/85674"}],"wp:featuredmedia":[{"embeddable":true,"href":"https:\/\/www.tvnovelas.com.br\/tvnews\/wp-json\/wp\/v2\/media\/85673"}],"wp:attachment":[{"href":"https:\/\/www.tvnovelas.com.br\/tvnews\/wp-json\/wp\/v2\/media?parent=85672"}],"wp:term":[{"taxonomy":"category","embeddable":true,"href":"https:\/\/www.tvnovelas.com.br\/tvnews\/wp-json\/wp\/v2\/categories?post=85672"},{"taxonomy":"post_tag","embeddable":true,"href":"https:\/\/www.tvnovelas.com.br\/tvnews\/wp-json\/wp\/v2\/tags?post=85672"}],"curies":[{"name":"wp","href":"https:\/\/api.w.org\/{rel}","templated":true}]}}