{"id":85689,"date":"2025-12-01T15:55:30","date_gmt":"2025-12-01T18:55:30","guid":{"rendered":"https:\/\/www.tvnovelas.com.br\/tvnews\/?p=85689"},"modified":"2025-12-01T15:58:01","modified_gmt":"2025-12-01T18:58:01","slug":"mae-zeynep-cogita-e-sair-do-pais","status":"publish","type":"post","link":"https:\/\/www.tvnovelas.com.br\/tvnews\/mae-zeynep-cogita-e-sair-do-pais\/","title":{"rendered":"M\u00e3e: Zeynep cogita sair do pa\u00eds"},"content":{"rendered":"<figure id=\"attachment_85690\" aria-describedby=\"caption-attachment-85690\" style=\"width: 728px\" class=\"wp-caption aligncenter\"><img data-recalc-dims=\"1\" decoding=\"async\" class=\"wp-image-85690 size-full\" title=\"(Foto: Record TV\/M\u00e3e)\" src=\"https:\/\/i0.wp.com\/www.tvnovelas.com.br\/tvnews\/wp-content\/uploads\/2025\/12\/12504.jpg?resize=728%2C409&#038;ssl=1\" alt=\"Foto em M\u00e3e: Zeynep cogita e sair do pa\u00eds\" width=\"728\" height=\"409\" srcset=\"https:\/\/i0.wp.com\/www.tvnovelas.com.br\/tvnews\/wp-content\/uploads\/2025\/12\/12504.jpg?w=728&amp;ssl=1 728w, https:\/\/i0.wp.com\/www.tvnovelas.com.br\/tvnews\/wp-content\/uploads\/2025\/12\/12504.jpg?resize=250%2C140&amp;ssl=1 250w\" sizes=\"(max-width: 728px) 100vw, 728px\" \/><figcaption id=\"caption-attachment-85690\" class=\"wp-caption-text\">M\u00e3e: Zeynep cogita e sair do pa\u00eds<\/figcaption><\/figure>\n<p>No cap\u00edtulo desta segunda-feira (01\/12), o delegado Sinan d\u00e1 in\u00edcio \u00e0s buscas para esclarecer o tiroteio e descobrir o paradeiro de Melek. No hospital, Sule recebe a not\u00edcia de que est\u00e1 liberada para voltar para casa, mas a sensa\u00e7\u00e3o de al\u00edvio dura pouco ao saber que Cengiz est\u00e1 em coma. Ela sai do hospital e tenta recuperar suas roupas na casa de Rifat, mas \u00e9 impedida por um policial.<\/p>\n<p>Arif tenta trazer um pouco de normalidade ao instalar prateleiras para Gonul, sob o olhar desconfiado da sogra. Em meio \u00e0 incerteza, Sule liga para Zeynep em busca de respostas sobre Melek, mas a professora, determinada a seguir com a menina, decide mentir.<\/p>\n<p>A impulsiva Gamze sai de carro sem avisar Cahide, e acaba se envolvendo em um grave acidente. Sem ter para onde ir, Sule recorre \u00e0 casa de Gonul, enquanto Cahide enfrenta uma enorme frustra\u00e7\u00e3o ao tentar desfazer a compra da casa de campo.<\/p>\n<p>Zeynep revela para Gonul como conseguiu resgatar Turna (Melek) e refor\u00e7a sua decis\u00e3o de deixar o pa\u00eds, mesmo diante dos riscos. Em um momento de ternura, Duru presenteia a menina com uma tartaruga, selando um v\u00ednculo que pode ser posto \u00e0 prova.<br \/>\n!&#8211;FIM&#8211;&gt;<br \/>\nConfira o resumo do cap\u00edtulo de hoje:<\/p>\n<h2 style=\"color: #92487a;\">Resumo de segunda-feira, 1\u00ba de dezembro<\/h2>\n<p>O delegado Sinan inicia as investiga\u00e7\u00f5es sobre o tiroteio e o desaparecimento de Melek. No hospital, Sule ouve do m\u00e9dico que est\u00e1 de alta e que pode voltar para casa. Com frio, ela tenta entrar na casa de Rifat para pegar suas roupas, mas um policial diz que ela n\u00e3o pode entrar sem permiss\u00e3o. Arif instala algumas prateleiras para Gonul e sogra observa tudo com desconfian\u00e7a. Sule liga para Zeynep e pergunta se ela est\u00e1 com Melek. Gamze sai de carro sem autoriza\u00e7\u00e3o de Cahide e acaba sofrendo um acidente. Sem ter para onde ir, Sule pede ajuda na casa de Gonul. Cahide tenta desfazer a compra da casa de campo, mas o novo dono se recusa a negociar. Zeynep conta como resgatou Turna (Melek) e que est\u00e1 decidida a sair do pa\u00eds. Duru presenteia Turna (Melek) com uma tartaruga.<br \/>\n<!--FIM--><\/p>\n<h2>Saiba mais<\/h2>\n<p><a href=\"https:\/\/tvnovelas.com.br\/novelas\/resumos-de-novela-mae\/\" target=\"_blank\" rel=\"noopener\">Resumos dos cap\u00edtulos da semana<\/a><br \/>\n<a href=\"https:\/\/wp.me\/pfspD2-VN\" target=\"_blank\" rel=\"noopener\">M\u00e3e: Resgatando uma crian\u00e7a da viol\u00eancia<\/a><br \/>\n<div class=\"pt-cv-wrapper\"><h2 class='pt-cv-heading-container heading2' data-blockid='759454f593'><span class='pt-cv-heading'> \u00daltimas da Novela <\/span><\/h2><div class=\"pt-cv-view pt-cv-grid pt-cv-colsys\" id=\"pt-cv-view-759454f593\"><div data-id=\"pt-cv-page-1\" class=\"pt-cv-page\" data-cvc=\"1\"><div class=\"col-md-12 col-sm-12 col-xs-12 pt-cv-content-item pt-cv-1-col\" ><div class='pt-cv-ifield'><h4 class=\"pt-cv-title\"><a href=\"https:\/\/www.tvnovelas.com.br\/tvnews\/mae-o-destino-final-de-melek-e-zeynep\/\" class=\"_self\" target=\"_self\" >M\u00e3e: O destino final de Melek e Zeynep<\/a><\/h4><\/div><\/div>\n<div class=\"col-md-12 col-sm-12 col-xs-12 pt-cv-content-item pt-cv-1-col\" ><div class='pt-cv-ifield'><h4 class=\"pt-cv-title\"><a href=\"https:\/\/www.tvnovelas.com.br\/tvnews\/mae-zeynep-enfrenta-cengiz\/\" class=\"_self\" target=\"_self\" >M\u00e3e: Zeynep enfrenta Cengiz<\/a><\/h4><\/div><\/div>\n<div class=\"col-md-12 col-sm-12 col-xs-12 pt-cv-content-item pt-cv-1-col\" ><div class='pt-cv-ifield'><h4 class=\"pt-cv-title\"><a href=\"https:\/\/www.tvnovelas.com.br\/tvnews\/mae-cengiz-e-preso-sob-a-acusacao-de-assassinato\/\" class=\"_self\" target=\"_self\" >M\u00e3e: Cengiz \u00e9 preso sob a acusa\u00e7\u00e3o de assassinato<\/a><\/h4><\/div><\/div>\n<div class=\"col-md-12 col-sm-12 col-xs-12 pt-cv-content-item pt-cv-1-col\" ><div class='pt-cv-ifield'><h4 class=\"pt-cv-title\"><a href=\"https:\/\/www.tvnovelas.com.br\/tvnews\/mae-cengiz-assina-documento-renunciando-a-guarda-dos-filhos\/\" class=\"_self\" target=\"_self\" >M\u00e3e: Cengiz assina documento renunciando \u00e0 guarda dos filhos<\/a><\/h4><\/div><\/div>\n<div class=\"col-md-12 col-sm-12 col-xs-12 pt-cv-content-item pt-cv-1-col\" ><div class='pt-cv-ifield'><h4 class=\"pt-cv-title\"><a href=\"https:\/\/www.tvnovelas.com.br\/tvnews\/mae-cengiz-pode-estar-com-os-dias-contados\/\" class=\"_self\" target=\"_self\" >M\u00e3e: Cengiz pode estar com os dias contados<\/a><\/h4><\/div><\/div><\/div><\/div><\/div><br \/>\n&lt;h<\/p>\n<div style=\"font-size: 120%;\"><h3>Confira tamb\u00e9m<\/h3>\r\n<a href=\"https:\/\/tvnovelas.com.br\/novelas\/\" rel=\"noopener\" target=\"_blank\"><strong>Todos os resumos de novelas<\/strong><\/a><\/br>\r\n<a href=\"https:\/\/www.tvnovelas.com.br\/tvnews\/\" rel=\"noopener\" target=\"_blank\"><strong>\u00daltimas not\u00edcias das novelas<\/strong><\/a><\/br>\r\n<a href=\"https:\/\/www.tvnovelas.com.br\/filmes\/\" target=\"_blank\" rel=\"noopener noreferrer\"><strong>Programa\u00e7\u00e3o de filmes na TV aberta<\/strong><\/a><\/br>\r\n<a href=\"https:\/\/caetenews.com.br\/semana\/filmes-da-globo-na-sessao-da-tarde-desta-semana\/\" target=\"_blank\" rel=\"noopener\"><strong>Confira os filmes da semana na Sess\u00e3o da Tarde<\/strong><\/a><\/br>\r\n<a href=\"https:\/\/classindportal.mj.gov.br\/consulta-filmes\" target=\"_blank\" rel=\"noopener\"><strong>Consulte a classifica\u00e7\u00e3o indicativa dos filmes e novelas<\/strong><\/a><\/br><\/div>\n","protected":false},"excerpt":{"rendered":"<p>M\u00e3e: Zeynep cogita e sair do pa\u00eds&#8230; No cap\u00edtulo desta segunda-feira (01\/12), o delegado Sinan d\u00e1 in\u00edcio \u00e0s buscas para esclarecer&#8230;<\/p>\n","protected":false},"author":1,"featured_media":85690,"comment_status":"closed","ping_status":"closed","sticky":false,"template":"","format":"standard","meta":{"_uf_show_specific_survey":0,"_uf_disable_surveys":false,"_jetpack_memberships_contains_paid_content":false,"footnotes":"","_wp_rev_ctl_limit":""},"categories":[1012],"tags":[1025,1013,1024,64,14],"class_list":["post-85689","post","type-post","status-publish","format-standard","has-post-thumbnail","hentry","category-mae","tag-anne","tag-mae","tag-mother","tag-novelas","tag-record","wpcat-1012-id"],"aioseo_notices":[],"jetpack_featured_media_url":"https:\/\/i0.wp.com\/www.tvnovelas.com.br\/tvnews\/wp-content\/uploads\/2025\/12\/12504.jpg?fit=728%2C409&ssl=1","jetpack_shortlink":"https:\/\/wp.me\/pdP2BO-mi5","jetpack_sharing_enabled":true,"_links":{"self":[{"href":"https:\/\/www.tvnovelas.com.br\/tvnews\/wp-json\/wp\/v2\/posts\/85689","targetHints":{"allow":["GET"]}}],"collection":[{"href":"https:\/\/www.tvnovelas.com.br\/tvnews\/wp-json\/wp\/v2\/posts"}],"about":[{"href":"https:\/\/www.tvnovelas.com.br\/tvnews\/wp-json\/wp\/v2\/types\/post"}],"author":[{"embeddable":true,"href":"https:\/\/www.tvnovelas.com.br\/tvnews\/wp-json\/wp\/v2\/users\/1"}],"replies":[{"embeddable":true,"href":"https:\/\/www.tvnovelas.com.br\/tvnews\/wp-json\/wp\/v2\/comments?post=85689"}],"version-history":[{"count":2,"href":"https:\/\/www.tvnovelas.com.br\/tvnews\/wp-json\/wp\/v2\/posts\/85689\/revisions"}],"predecessor-version":[{"id":85692,"href":"https:\/\/www.tvnovelas.com.br\/tvnews\/wp-json\/wp\/v2\/posts\/85689\/revisions\/85692"}],"wp:featuredmedia":[{"embeddable":true,"href":"https:\/\/www.tvnovelas.com.br\/tvnews\/wp-json\/wp\/v2\/media\/85690"}],"wp:attachment":[{"href":"https:\/\/www.tvnovelas.com.br\/tvnews\/wp-json\/wp\/v2\/media?parent=85689"}],"wp:term":[{"taxonomy":"category","embeddable":true,"href":"https:\/\/www.tvnovelas.com.br\/tvnews\/wp-json\/wp\/v2\/categories?post=85689"},{"taxonomy":"post_tag","embeddable":true,"href":"https:\/\/www.tvnovelas.com.br\/tvnews\/wp-json\/wp\/v2\/tags?post=85689"}],"curies":[{"name":"wp","href":"https:\/\/api.w.org\/{rel}","templated":true}]}}