{"id":85700,"date":"2025-12-02T09:04:46","date_gmt":"2025-12-02T12:04:46","guid":{"rendered":"https:\/\/www.tvnovelas.com.br\/tvnews\/?p=85700"},"modified":"2025-12-02T09:04:46","modified_gmt":"2025-12-02T12:04:46","slug":"dona-de-mim-jaques-desliga-aparelhos-de-ricardo-no-hospital","status":"publish","type":"post","link":"https:\/\/www.tvnovelas.com.br\/tvnews\/dona-de-mim-jaques-desliga-aparelhos-de-ricardo-no-hospital\/","title":{"rendered":"Dona de Mim: Jaques desliga aparelhos de Ricardo no hospital"},"content":{"rendered":"<figure id=\"attachment_85701\" aria-describedby=\"caption-attachment-85701\" style=\"width: 728px\" class=\"wp-caption aligncenter\"><img data-recalc-dims=\"1\" decoding=\"async\" class=\"wp-image-85701 size-full\" title=\"(Foto: TV Globo\/Dona de Mim)\" src=\"https:\/\/i0.wp.com\/www.tvnovelas.com.br\/tvnews\/wp-content\/uploads\/2025\/12\/12506.jpg?resize=728%2C410&#038;ssl=1\" alt=\"Foto em Dona de Mim: Jaques desliga aparelhos de Ricardo no hospital\" width=\"728\" height=\"410\" srcset=\"https:\/\/i0.wp.com\/www.tvnovelas.com.br\/tvnews\/wp-content\/uploads\/2025\/12\/12506.jpg?w=728&amp;ssl=1 728w, https:\/\/i0.wp.com\/www.tvnovelas.com.br\/tvnews\/wp-content\/uploads\/2025\/12\/12506.jpg?resize=250%2C141&amp;ssl=1 250w\" sizes=\"(max-width: 728px) 100vw, 728px\" \/><figcaption id=\"caption-attachment-85701\" class=\"wp-caption-text\">Dona de Mim: Jaques desliga aparelhos de Ricardo no hospital<\/figcaption><\/figure>\n<p>Em Dona de Mim, O vil\u00e3o de Dona de Mim vai atacar novamente. Ricardo vai melhorar do quadro do coma em que se encontrava desde que foi atropelado por um caminh\u00e3o. Mas n\u00e3o por muito tempo. Presente no momento no hospital, Jaques (Marcello Novaes) vai desligar os aparelhos que estabilizam o advogado e ainda vai culpar T\u00e2nia (Aline Borges), que tamb\u00e9m estar\u00e1 por l\u00e1. Vem saber mais.<\/p>\n<p>\u201cVai embora, Jaques, me deixa&#8230;\u201d, diz Ricardo.<\/p>\n<p>\u201cS\u00f3 quero ter certeza que voc\u00ea est\u00e1 bem. E que eu vou ficar bem tamb\u00e9m\u201d, afirma Jaques.<\/p>\n<p>\u201cO Jaques est\u00e1 com medo daquele v\u00eddeo. Aquele que voc\u00ea gravou no dia da morte do Abel. Onde est\u00e1?\u201d, questiona T\u00e2nia.<\/p>\n<p>Ricardo ir\u00e1 questionar quantos dias est\u00e1 internado e acreditar\u00e1 que sua irm\u00e3, Patricia (Juliana Martins), j\u00e1 teria enviado o v\u00eddeo que incrimina Jaques pela morte de Abel (Tony Ramos) \u00e0 pol\u00edcia. Mas Jaques avisar\u00e1 que j\u00e1 cuidou disso&#8230;<\/p>\n<p>\u201cO que voc\u00ea fez?! Me diz?! Minha irm\u00e3 est\u00e1 bem?\u201d, pergunta Ricardo, muito agitado.<\/p>\n<p>Neste momento, Jaques desligar\u00e1 os aparelhos que estabilizam Ricardo.<\/p>\n<p>\u201cO que voc\u00ea fez?\u201d, questiona T\u00e2nia.<\/p>\n<p>De repente, Jaques far\u00e1 um esc\u00e2ndalo, acusando T\u00e2nia de ser uma falsa enfermeira.<\/p>\n<p>\u201cAinda bem que eu t\u00f4 aqui! Essa enfermeira \u00e9 falsa! N\u00e3o trabalha pra Boaz! Invadiu o hospital pra atacar o Ricardo. Ela desligou os equipamentos!\u201d<br \/>\n<a href=\"https:\/\/tvnovelas.com.br\/novelas\/resumos-de-dona-de-mim-da-proxima-semana\/\" target=\"_blank\" rel=\"noopener\">Resumos dos cap\u00edtulos de Dona de Mim<\/a><br \/>\n<div class=\"pt-cv-wrapper\"><h2 class='pt-cv-heading-container heading2' data-blockid='9b88c0b6t2'><span class='pt-cv-heading'> \u00daltimas da novela <\/span><\/h2><div class=\"pt-cv-view pt-cv-grid pt-cv-colsys\" id=\"pt-cv-view-9b88c0b6t2\"><div data-id=\"pt-cv-page-1\" class=\"pt-cv-page\" data-cvc=\"1\"><div class=\"col-md-12 col-sm-12 col-xs-12 pt-cv-content-item pt-cv-1-col\" ><div class='pt-cv-ifield'><h4 class=\"pt-cv-title\"><a href=\"https:\/\/www.tvnovelas.com.br\/tvnews\/dona-de-mim-abel-aparece-e-salva-sofia-do-incendio\/\" class=\"_blank\" target=\"_blank\" >Dona de Mim: Abel \u2018aparece&#8217; e salva Sofia do inc\u00eandio<\/a><\/h4><\/div><\/div>\n<div class=\"col-md-12 col-sm-12 col-xs-12 pt-cv-content-item pt-cv-1-col\" ><div class='pt-cv-ifield'><h4 class=\"pt-cv-title\"><a href=\"https:\/\/www.tvnovelas.com.br\/tvnews\/dona-de-mim-jaques-coloca-fogo-na-boaz\/\" class=\"_blank\" target=\"_blank\" >Dona de Mim: Jaques coloca fogo na Boaz<\/a><\/h4><\/div><\/div>\n<div class=\"col-md-12 col-sm-12 col-xs-12 pt-cv-content-item pt-cv-1-col\" ><div class='pt-cv-ifield'><h4 class=\"pt-cv-title\"><a href=\"https:\/\/www.tvnovelas.com.br\/tvnews\/dona-de-mim-davi-e-barbara-sofrem-grave-acidente\/\" class=\"_blank\" target=\"_blank\" >Dona de Mim: Davi e B\u00e1rbara sofrem grave acidente<\/a><\/h4><\/div><\/div><\/div><\/div><\/div><\/p>\n<div style=\"font-size: 150%;\"><h3>Confira tamb\u00e9m<\/h3>\r\n<a href=\"https:\/\/tvnovelas.com.br\/novelas\/\" rel=\"noopener\" target=\"_blank\"><strong>Todos os resumos de novelas<\/strong><\/a><\/br>\r\n<a href=\"https:\/\/www.tvnovelas.com.br\/tvnews\/\" rel=\"noopener\" target=\"_blank\"><strong>\u00daltimas not\u00edcias das novelas<\/strong><\/a><\/br>\r\n<a href=\"https:\/\/www.tvnovelas.com.br\/filmes\/\" target=\"_blank\" rel=\"noopener noreferrer\"><strong>Programa\u00e7\u00e3o de filmes na TV aberta<\/strong><\/a><\/br>\r\n<a href=\"https:\/\/caetenews.com.br\/semana\/filmes-da-globo-na-sessao-da-tarde-desta-semana\/\" target=\"_blank\" rel=\"noopener\"><strong>Confira os filmes da semana na Sess\u00e3o da Tarde<\/strong><\/a><\/br>\r\n<a href=\"https:\/\/classindportal.mj.gov.br\/consulta-filmes\" target=\"_blank\" rel=\"noopener\"><strong>Consulte a classifica\u00e7\u00e3o indicativa dos filmes e novelas<\/strong><\/a><\/br><\/div>\n","protected":false},"excerpt":{"rendered":"<p>Dona de Mim: Jaques desliga aparelhos de Ricardo&#8230; Em Dona de Mim, O vil\u00e3o de Dona de Mim vai atacar novamente. Ricardo vai melhorar..<\/p>\n","protected":false},"author":1,"featured_media":85701,"comment_status":"closed","ping_status":"closed","sticky":false,"template":"","format":"standard","meta":{"_uf_show_specific_survey":0,"_uf_disable_surveys":false,"_jetpack_memberships_contains_paid_content":false,"footnotes":"","_wp_rev_ctl_limit":""},"categories":[884],"tags":[883,5,64],"class_list":["post-85700","post","type-post","status-publish","format-standard","has-post-thumbnail","hentry","category-dona-de-mim","tag-dona-de-mim","tag-globo","tag-novelas","wpcat-884-id"],"aioseo_notices":[],"jetpack_featured_media_url":"https:\/\/i0.wp.com\/www.tvnovelas.com.br\/tvnews\/wp-content\/uploads\/2025\/12\/12506.jpg?fit=728%2C410&ssl=1","jetpack_shortlink":"https:\/\/wp.me\/pdP2BO-mig","jetpack_sharing_enabled":true,"_links":{"self":[{"href":"https:\/\/www.tvnovelas.com.br\/tvnews\/wp-json\/wp\/v2\/posts\/85700","targetHints":{"allow":["GET"]}}],"collection":[{"href":"https:\/\/www.tvnovelas.com.br\/tvnews\/wp-json\/wp\/v2\/posts"}],"about":[{"href":"https:\/\/www.tvnovelas.com.br\/tvnews\/wp-json\/wp\/v2\/types\/post"}],"author":[{"embeddable":true,"href":"https:\/\/www.tvnovelas.com.br\/tvnews\/wp-json\/wp\/v2\/users\/1"}],"replies":[{"embeddable":true,"href":"https:\/\/www.tvnovelas.com.br\/tvnews\/wp-json\/wp\/v2\/comments?post=85700"}],"version-history":[{"count":1,"href":"https:\/\/www.tvnovelas.com.br\/tvnews\/wp-json\/wp\/v2\/posts\/85700\/revisions"}],"predecessor-version":[{"id":85702,"href":"https:\/\/www.tvnovelas.com.br\/tvnews\/wp-json\/wp\/v2\/posts\/85700\/revisions\/85702"}],"wp:featuredmedia":[{"embeddable":true,"href":"https:\/\/www.tvnovelas.com.br\/tvnews\/wp-json\/wp\/v2\/media\/85701"}],"wp:attachment":[{"href":"https:\/\/www.tvnovelas.com.br\/tvnews\/wp-json\/wp\/v2\/media?parent=85700"}],"wp:term":[{"taxonomy":"category","embeddable":true,"href":"https:\/\/www.tvnovelas.com.br\/tvnews\/wp-json\/wp\/v2\/categories?post=85700"},{"taxonomy":"post_tag","embeddable":true,"href":"https:\/\/www.tvnovelas.com.br\/tvnews\/wp-json\/wp\/v2\/tags?post=85700"}],"curies":[{"name":"wp","href":"https:\/\/api.w.org\/{rel}","templated":true}]}}