{"id":85727,"date":"2025-12-03T09:22:05","date_gmt":"2025-12-03T12:22:05","guid":{"rendered":"https:\/\/www.tvnovelas.com.br\/tvnews\/?p=85727"},"modified":"2025-12-03T09:22:05","modified_gmt":"2025-12-03T12:22:05","slug":"eta-mundo-melhor-ernesto-consegue-aliada-para-prejudicar-dita","status":"publish","type":"post","link":"https:\/\/www.tvnovelas.com.br\/tvnews\/eta-mundo-melhor-ernesto-consegue-aliada-para-prejudicar-dita\/","title":{"rendered":"\u00cata Mundo Melhor!: Ernesto consegue aliada para prejudicar Dita"},"content":{"rendered":"<figure id=\"attachment_85728\" aria-describedby=\"caption-attachment-85728\" style=\"width: 726px\" class=\"wp-caption aligncenter\"><img data-recalc-dims=\"1\" decoding=\"async\" class=\"wp-image-85728 size-full\" title=\"(Foto: TV Globo\/\u00cata Mundo Melhor!)\" src=\"https:\/\/i0.wp.com\/www.tvnovelas.com.br\/tvnews\/wp-content\/uploads\/2025\/12\/12511.jpg?resize=726%2C410&#038;ssl=1\" alt=\"Foto em \u00cata Mundo Melhor!: Ernesto consegue aliada para prejudicar Dita\" width=\"726\" height=\"410\" srcset=\"https:\/\/i0.wp.com\/www.tvnovelas.com.br\/tvnews\/wp-content\/uploads\/2025\/12\/12511.jpg?w=726&amp;ssl=1 726w, https:\/\/i0.wp.com\/www.tvnovelas.com.br\/tvnews\/wp-content\/uploads\/2025\/12\/12511.jpg?resize=250%2C141&amp;ssl=1 250w\" sizes=\"(max-width: 726px) 100vw, 726px\" \/><figcaption id=\"caption-attachment-85728\" class=\"wp-caption-text\">\u00cata Mundo Melhor!: Ernesto consegue aliada para prejudicar Dita<\/figcaption><\/figure>\n<p>Em \u00cata Mundo Melhor!, Ernesto (Eriberto Le\u00e3o) est\u00e1 aproveitando que herdou parte da r\u00e1dio Para\u00edzo para intervir na programa\u00e7\u00e3o do ve\u00edculo. E uma das medidas do bandido \u00e9 proibir Dita (Jeniffer Nascimento) de cantar por l\u00e1. Inconformados, L\u00facio (Tony Tornado) e Tales (Duio Botta) convidam a cantora para tentar gravar seu disco no meio da madrugada.<\/p>\n<p>Ol\u00edmpia (Rosane Gofman), que ouviu toda a conversa, se encontra com Ernesto. Durante o papo, ela revela os planos de Dita e afirma que est\u00e1 ao lado do vil\u00e3o sobre as mudan\u00e7as na Para\u00edzo.<\/p>\n<p>Sentados em um bar, Ernesto e Ol\u00edmpia fazem um brinde \u00e0s ideias que eles t\u00eam em comum.<\/p>\n<p>&#8220;N\u00f3s vamos trabalhar juntos&#8221;, afirma Ernesto, tratando a atriz como sua nova aliada.<\/p>\n<p>Com a l\u00edngua co\u00e7ando para contar o que sabe, Ol\u00edmpia come\u00e7a a falar mal da Dita:<\/p>\n<p>&#8220;Al\u00e9m de ser uma p\u00e9ssima cantora, \u00e9 roceira, desquitada e interesseira. O senhor sabe do disco da matura?&#8221;<\/p>\n<p>&#8220;N\u00e3o vai ter grava\u00e7\u00e3o nenhuma. Eu a proibi de colocar os p\u00e9s na minha r\u00e1dio.&#8221;<\/p>\n<p>Ol\u00edmpia aproveita o momento para fofocar sobre o que descobriu recentemente:<\/p>\n<p>&#8220;Pois eles remarcaram. V\u00e3o gravar nessa noite e tudo escondido do senhor.&#8221;<br \/>\n&#8220;Ah, mas essa grava\u00e7\u00e3o n\u00e3o vai acontecer mesmo. Vou acabar com essa palha\u00e7ada&#8221;, promete Ernesto.<br \/>\n<!--FIM--><br \/>\n<a href=\"https:\/\/tvnovelas.com.br\/novelas\/resumos-de-eta-mundo-melhor\/\" target=\"_blank\" rel=\"noopener\">Resumos dos cap\u00edtulos de \u00cata Mundo Melhor!<\/a><br \/>\n<div class=\"pt-cv-wrapper\"><h2 class='pt-cv-heading-container heading2' data-blockid='ae5b5529ra'><span class='pt-cv-heading'> \u00daltimas da novela <\/span><\/h2><div class=\"pt-cv-view pt-cv-grid pt-cv-colsys\" id=\"pt-cv-view-ae5b5529ra\"><div data-id=\"pt-cv-page-1\" class=\"pt-cv-page\" data-cvc=\"1\"><div class=\"col-md-12 col-sm-12 col-xs-12 pt-cv-content-item pt-cv-1-col\" ><div class='pt-cv-ifield'><h4 class=\"pt-cv-title\"><a href=\"https:\/\/www.tvnovelas.com.br\/tvnews\/eta-mundo-melhor-sandra-avisa-que-nao-vai-desistir-da-vinganca\/\" class=\"_blank\" target=\"_blank\" >\u00cata Mundo Melhor!: Sandra avisa que n\u00e3o vai desistir da vingan\u00e7a<\/a><\/h4><\/div><\/div>\n<div class=\"col-md-12 col-sm-12 col-xs-12 pt-cv-content-item pt-cv-1-col\" ><div class='pt-cv-ifield'><h4 class=\"pt-cv-title\"><a href=\"https:\/\/www.tvnovelas.com.br\/tvnews\/eta-mundo-melhor-celso-conta-a-candinho-o-que-sempre-escondeu-sobre-samir\/\" class=\"_blank\" target=\"_blank\" >\u00cata Mundo Melhor!: Celso conta a Candinho o que sempre escondeu sobre Samir<\/a><\/h4><\/div><\/div>\n<div class=\"col-md-12 col-sm-12 col-xs-12 pt-cv-content-item pt-cv-1-col\" ><div class='pt-cv-ifield'><h4 class=\"pt-cv-title\"><a href=\"https:\/\/www.tvnovelas.com.br\/tvnews\/eta-mundo-melhor-lourival-pede-uma-chance-a-dita-e-eles-se-beijam\/\" class=\"_blank\" target=\"_blank\" >\u00cata Mundo Melhor!: Lourival pede uma chance a Dita e eles se beijam<\/a><\/h4><\/div><\/div><\/div><\/div><\/div><br \/>\n&lt;h<\/p>\n<div style=\"font-size: 120%;\"><h3>Confira tamb\u00e9m<\/h3>\r\n<a href=\"https:\/\/tvnovelas.com.br\/novelas\/\" rel=\"noopener\" target=\"_blank\"><strong>Todos os resumos de novelas<\/strong><\/a><\/br>\r\n<a href=\"https:\/\/www.tvnovelas.com.br\/tvnews\/\" rel=\"noopener\" target=\"_blank\"><strong>\u00daltimas not\u00edcias das novelas<\/strong><\/a><\/br>\r\n<a href=\"https:\/\/www.tvnovelas.com.br\/filmes\/\" target=\"_blank\" rel=\"noopener noreferrer\"><strong>Programa\u00e7\u00e3o de filmes na TV aberta<\/strong><\/a><\/br>\r\n<a href=\"https:\/\/caetenews.com.br\/semana\/filmes-da-globo-na-sessao-da-tarde-desta-semana\/\" target=\"_blank\" rel=\"noopener\"><strong>Confira os filmes da semana na Sess\u00e3o da Tarde<\/strong><\/a><\/br>\r\n<a href=\"https:\/\/classindportal.mj.gov.br\/consulta-filmes\" target=\"_blank\" rel=\"noopener\"><strong>Consulte a classifica\u00e7\u00e3o indicativa dos filmes e novelas<\/strong><\/a><\/br><\/div>\n<h2>Sobre a novela:<\/h2>\n<p><a href=\"https:\/\/tvnovelas.com.br\/page2\/arquivo\/eta-mundo-melhor-a-volta-de-candinho-e-policarpo\/&quot;\" target=\"_blank\" rel=\"noopener\">\u00cata Mundo Melhor!: A volta de Candinho e Policarpo<\/a> (Sinopse)<br \/>\n<a href=\"https:\/\/pt.wikipedia.org\/wiki\/%C3%8Ata_Mundo_Melhor!\" target=\"_blank\" rel=\"noopener\">Sobre \u00cata Mundo Melhor!, na Wikipedia<\/a><\/p>\n","protected":false},"excerpt":{"rendered":"<p>\u00cata Mundo Melhor!: Ernesto consegue aliada&#8230; Em \u00cata Mundo Melhor!, Ernesto (Eriberto Le\u00e3o) est\u00e1 aproveitando que herdou parte da r\u00e1dio Para\u00edzo&#8230;<\/p>\n","protected":false},"author":1,"featured_media":85728,"comment_status":"closed","ping_status":"closed","sticky":false,"template":"","format":"standard","meta":{"_uf_show_specific_survey":0,"_uf_disable_surveys":false,"_jetpack_memberships_contains_paid_content":false,"footnotes":"","_wp_rev_ctl_limit":""},"categories":[920],"tags":[921,5,64],"class_list":["post-85727","post","type-post","status-publish","format-standard","has-post-thumbnail","hentry","category-eta-mundo-melhor","tag-eta-mundo-melhor","tag-globo","tag-novelas","wpcat-920-id"],"aioseo_notices":[],"jetpack_featured_media_url":"https:\/\/i0.wp.com\/www.tvnovelas.com.br\/tvnews\/wp-content\/uploads\/2025\/12\/12511.jpg?fit=726%2C410&ssl=1","jetpack_shortlink":"https:\/\/wp.me\/pdP2BO-miH","jetpack_sharing_enabled":true,"_links":{"self":[{"href":"https:\/\/www.tvnovelas.com.br\/tvnews\/wp-json\/wp\/v2\/posts\/85727","targetHints":{"allow":["GET"]}}],"collection":[{"href":"https:\/\/www.tvnovelas.com.br\/tvnews\/wp-json\/wp\/v2\/posts"}],"about":[{"href":"https:\/\/www.tvnovelas.com.br\/tvnews\/wp-json\/wp\/v2\/types\/post"}],"author":[{"embeddable":true,"href":"https:\/\/www.tvnovelas.com.br\/tvnews\/wp-json\/wp\/v2\/users\/1"}],"replies":[{"embeddable":true,"href":"https:\/\/www.tvnovelas.com.br\/tvnews\/wp-json\/wp\/v2\/comments?post=85727"}],"version-history":[{"count":1,"href":"https:\/\/www.tvnovelas.com.br\/tvnews\/wp-json\/wp\/v2\/posts\/85727\/revisions"}],"predecessor-version":[{"id":85729,"href":"https:\/\/www.tvnovelas.com.br\/tvnews\/wp-json\/wp\/v2\/posts\/85727\/revisions\/85729"}],"wp:featuredmedia":[{"embeddable":true,"href":"https:\/\/www.tvnovelas.com.br\/tvnews\/wp-json\/wp\/v2\/media\/85728"}],"wp:attachment":[{"href":"https:\/\/www.tvnovelas.com.br\/tvnews\/wp-json\/wp\/v2\/media?parent=85727"}],"wp:term":[{"taxonomy":"category","embeddable":true,"href":"https:\/\/www.tvnovelas.com.br\/tvnews\/wp-json\/wp\/v2\/categories?post=85727"},{"taxonomy":"post_tag","embeddable":true,"href":"https:\/\/www.tvnovelas.com.br\/tvnews\/wp-json\/wp\/v2\/tags?post=85727"}],"curies":[{"name":"wp","href":"https:\/\/api.w.org\/{rel}","templated":true}]}}